{"id":9573,"date":"2019-08-12T15:38:57","date_gmt":"2019-08-12T19:38:57","guid":{"rendered":"http:\/\/www.jdx.info\/lutte\/?p=9573"},"modified":"2019-08-12T15:40:37","modified_gmt":"2019-08-12T19:40:37","slug":"edge-sexprime-sur-son-retour-lors-de-wwe-summerslam-2019","status":"publish","type":"post","link":"https:\/\/www.jdx.info\/lutte\/2019\/08\/12\/edge-sexprime-sur-son-retour-lors-de-wwe-summerslam-2019\/","title":{"rendered":"Edge s&rsquo;Exprime sur son Retour lors de WWE Summerslam 2019 !"},"content":{"rendered":"\n<p>Cela ne vous a tr\u00e8s certainement pas \u00e9chapp\u00e9 mais le Rated-R Superstar, Edge a effectu\u00e9 son retour \u00e0 la WWE apr\u00e8s un long moment !<\/p>\n\n\n\n<p>Elias \u00e9tait tranquillement install\u00e9 dans le ring sur son tabouret avec sa guitare et comme \u00e0 son habitude, il s&rsquo;est mit \u00e0 critiquer la ville o\u00f9 il se trouvait et \u00e0 insulter les habitants de Toronto en chanson quand tout \u00e0 coup&#8230; <strong>la musique d&rsquo;Edge retentit dans la salle !<\/strong><\/p>\n\n\n\n<p>Edge \u00e9tait alors venu faire un face \u00e0 face avec Elias dans le ring puis finalement <strong>il lui a d\u00e9livr\u00e9 un spear !<\/strong><\/p>\n\n\n\n<p>Alors que beaucoup de fans se demandent si tout \u00e7a peut vouloir dire qu&rsquo;Edge est enfin apte \u00e0 remonter sur le ring apr\u00e8s tout ce temps, le principal int\u00e9ress\u00e9 a juste prit la parole sur Instagram pour parler de son ressenti ! <\/p>\n\n\n\n<blockquote class=\"wp-block-quote is-layout-flow wp-block-quote-is-layout-flow\"><p><em>\u00a0\u00bbC&rsquo;\u00e9tait une semaine assez tumultueuse au niveau des \u00e9motions.<\/em><\/p><p><em> Je n&rsquo;\u00e9tais pas revenu \u00e0 Toronto depuis les fun\u00e9railles de ma m\u00e8re.<\/em><\/p><p><em> Je tardais \u00e0 venir ici et m&rsquo;occuper de certaines choses. <\/em><\/p><p><em>Mais quand j&rsquo;ai entendu que SummerSlam allait \u00eatre \u00e0 Toronto et que j&rsquo;ai su que Beth allait travailler pour NXT, j&rsquo;ai d\u00e9cid\u00e9 que c&rsquo;\u00e9tait le moment pour revenir \u00e0 la maison (\u00e0 la WWE). <\/em><\/p><p><em>C&rsquo;\u00e9tait difficile, c&rsquo;\u00e9tait crevant, c&rsquo;\u00e9tait th\u00e9rapeutique, c&rsquo;\u00e9tait purifiant. <\/em><\/p><p><em>J&rsquo;ai vu un peu de la famille, j&rsquo;ai vu un peu des amis.<\/em><\/p><p><em> J&rsquo;ai un petit peu pleur\u00e9 et j&rsquo;ai BEAUCOUP rit. <\/em><\/p><p><em>J&rsquo;ai trouv\u00e9 des choses que je croyais avoir perdues \u00e0 jamais. <\/em><\/p><p><em>Hier soir j&rsquo;ai eu un moment qui ne se passe que dans les contes de f\u00e9es. <\/em><\/p><p><em>On m&rsquo;a aussi rappel\u00e9 que peu importe ce qui se passe dans la vie, ici sera toujours chez moi.\u00a0\u00bb<\/em><\/p><cite>Instagram : edgeratedr<\/cite><\/blockquote>\n\n\n\n<figure class=\"wp-block-embed-instagram wp-block-embed is-type-rich is-provider-instagram\"><div class=\"wp-block-embed__wrapper\">\nhttps:\/\/www.instagram.com\/p\/B1D_QNbHrGc\/?utm_source=ig_web_copy_link\n<\/div><\/figure>\n<p><\/p>","protected":false},"excerpt":{"rendered":"<p>Cela ne vous a tr\u00e8s certainement pas \u00e9chapp\u00e9 mais le Rated-R Superstar, Edge a effectu\u00e9 son retour \u00e0 la WWE apr\u00e8s un long moment ! Elias \u00e9tait tranquillement install\u00e9 dans le ring sur son tabouret avec sa guitare et comme \u00e0 son habitude, il s&rsquo;est mit \u00e0 critiquer la ville o\u00f9 il se trouvait et&#8230;<\/p>\n","protected":false},"author":71,"featured_media":9575,"comment_status":"open","ping_status":"closed","sticky":false,"template":"","format":"standard","meta":{"footnotes":""},"categories":[4,1,23],"tags":[],"ppma_author":[293],"class_list":["post-9573","post","type-post","status-publish","format-standard","has-post-thumbnail","hentry","category-news","category-uncategorized","category-wwe"],"authors":[{"term_id":293,"user_id":71,"is_guest":0,"slug":"andy-pinto","display_name":"Andy PINTO","avatar_url":"https:\/\/secure.gravatar.com\/avatar\/e7490d60b3d5bd6ec4c38e8328f60c1cda540606cc37e66badd91e29b3a7383a?s=96&d=mm&r=g","0":null,"1":"","2":"","3":"","4":"","5":"","6":"","7":"","8":""}],"_links":{"self":[{"href":"https:\/\/www.jdx.info\/lutte\/wp-json\/wp\/v2\/posts\/9573","targetHints":{"allow":["GET"]}}],"collection":[{"href":"https:\/\/www.jdx.info\/lutte\/wp-json\/wp\/v2\/posts"}],"about":[{"href":"https:\/\/www.jdx.info\/lutte\/wp-json\/wp\/v2\/types\/post"}],"author":[{"embeddable":true,"href":"https:\/\/www.jdx.info\/lutte\/wp-json\/wp\/v2\/users\/71"}],"replies":[{"embeddable":true,"href":"https:\/\/www.jdx.info\/lutte\/wp-json\/wp\/v2\/comments?post=9573"}],"version-history":[{"count":4,"href":"https:\/\/www.jdx.info\/lutte\/wp-json\/wp\/v2\/posts\/9573\/revisions"}],"predecessor-version":[{"id":9578,"href":"https:\/\/www.jdx.info\/lutte\/wp-json\/wp\/v2\/posts\/9573\/revisions\/9578"}],"wp:featuredmedia":[{"embeddable":true,"href":"https:\/\/www.jdx.info\/lutte\/wp-json\/wp\/v2\/media\/9575"}],"wp:attachment":[{"href":"https:\/\/www.jdx.info\/lutte\/wp-json\/wp\/v2\/media?parent=9573"}],"wp:term":[{"taxonomy":"category","embeddable":true,"href":"https:\/\/www.jdx.info\/lutte\/wp-json\/wp\/v2\/categories?post=9573"},{"taxonomy":"post_tag","embeddable":true,"href":"https:\/\/www.jdx.info\/lutte\/wp-json\/wp\/v2\/tags?post=9573"},{"taxonomy":"author","embeddable":true,"href":"https:\/\/www.jdx.info\/lutte\/wp-json\/wp\/v2\/ppma_author?post=9573"}],"curies":[{"name":"wp","href":"https:\/\/api.w.org\/{rel}","templated":true}]}}