{"id":92847,"date":"2023-12-11T02:19:00","date_gmt":"2023-12-11T07:19:00","guid":{"rendered":"https:\/\/www.jdx.info\/lutte\/?p=92847"},"modified":"2023-12-11T14:19:26","modified_gmt":"2023-12-11T19:19:26","slug":"si-bryan-danielson-a-pris-la-decision-pour-la-aew-de-virer-cm-punk-cetait-tres-justifie-selon-kevin-nash","status":"publish","type":"post","link":"https:\/\/www.jdx.info\/lutte\/2023\/12\/11\/si-bryan-danielson-a-pris-la-decision-pour-la-aew-de-virer-cm-punk-cetait-tres-justifie-selon-kevin-nash\/","title":{"rendered":"Si Bryan Danielson a pris la d\u00e9cision pour la AEW de virer CM Punk, c\u2019\u00e9tait tr\u00e8s justifi\u00e9 selon Kevin Nash!"},"content":{"rendered":"\n<p>\u00ab&nbsp;Big Daddy Cool&nbsp;\u00bb accorde beaucoup d\u2019importance aux opinions de l'\u00a0\u00bbAmerican Dragon&nbsp;\u00bb.<\/p>\n\n\n\n<p>Au cours d\u2019un r\u00e9cent \u00e9pisode de son podcast \u00ab\u00a0Kliq This\u00a0\u00bb, la l\u00e9gende du WWE Hall of Fame, Kevin Nash, a fait l\u2019\u00e9loge et a fait un signe de respect pour une autre l\u00e9gende de la lutte professionnelle, la star de la AEW Bryan Danielson.<\/p>\n\n\n\n<p>En parlant des rapports selon lesquels Danielson faisait partie du comit\u00e9 disciplinaire qui a finalement d\u00e9cid\u00e9 d\u2019appuyer sur la g\u00e2chette pour lib\u00e9rer CM Punk de la All Elite Wrestling apr\u00e8s sa deuxi\u00e8me altercation physique dans les coulisses avec Jungle Boy \u00e0 AEW All en 2023, Nash a not\u00e9 que si Danielson avait fait l\u2019appel, c\u2019\u00e9tait \u00ab\u00a0tr\u00e8s justifi\u00e9\u00a0\u00bb.<\/p>\n\n\n\n<center><p><script async=\"\" src=\"https:\/\/pagead2.googlesyndication.com\/pagead\/js\/adsbygoogle.js\"><\/script>\n<ins class=\"adsbygoogle\" style=\"display:block; text-align:center;\" data-ad-layout=\"in-article\" data-ad-format=\"fluid\" data-ad-client=\"ca-pub-1986975368136072\" data-ad-slot=\"7818521013\"><\/ins>\n<script>\n     (adsbygoogle = window.adsbygoogle || []).push({});\n<\/script><\/p><\/center>\n\n\n\n<blockquote class=\"wp-block-quote is-layout-flow wp-block-quote-is-layout-flow\">\n<p>\u00ab Si quelqu\u2019un conna\u00eet Bryan, vous ne pourriez probablement pas choisir un gars plus pond\u00e9r\u00e9 dans le vestiaire que Bryan \u00bb, a d\u00e9clar\u00e9 Nash. \u00ab Quand c\u2019est Bryan qui prend la d\u00e9cision, c\u2019est comme, &lsquo;Wow&rsquo;. \u00bb<\/p>\n<\/blockquote>\n\n\n\n<p>Nash a ajout\u00e9 : \u00ab De toute \u00e9vidence, c\u2019\u00e9tait tout \u00e0 fait justifi\u00e9. \u00bb<\/p>\n\n\n\n<p>Du coup le principal int\u00e9ress\u00e9 sera tout de m\u00eame \u00e0 RAW ce soir du c\u00f4t\u00e9 de la WWE.<\/p>\n\n\n\n<center><iframe loading=\"lazy\" width=\"560\" height=\"315\" src=\"https:\/\/www.youtube.com\/embed\/9ikCEaz78Dw?si=q5SiOjTsh0y8-907\" title=\"YouTube video player\" frameborder=\"0\" allow=\"accelerometer; autoplay; clipboard-write; encrypted-media; gyroscope; picture-in-picture; web-share\" allowfullscreen><\/iframe><\/center>\n\n\n\n<p><\/p>\n<p><\/p>","protected":false},"excerpt":{"rendered":"<p>\u00ab&nbsp;Big Daddy Cool&nbsp;\u00bb accorde beaucoup d\u2019importance aux opinions de l&rsquo;\u00a0\u00bbAmerican Dragon&nbsp;\u00bb. Au cours d\u2019un r\u00e9cent \u00e9pisode de son podcast \u00ab\u00a0Kliq This\u00a0\u00bb, la l\u00e9gende du WWE Hall of Fame, Kevin Nash, a fait l\u2019\u00e9loge et a fait un signe de respect pour une autre l\u00e9gende de la lutte professionnelle, la star de la AEW Bryan Danielson&#8230;.<\/p>\n","protected":false},"author":665,"featured_media":92850,"comment_status":"open","ping_status":"closed","sticky":false,"template":"","format":"standard","meta":{"footnotes":""},"categories":[38,24,91,30,77,4,23],"tags":[],"ppma_author":[289],"class_list":["post-92847","post","type-post","status-publish","format-standard","has-post-thumbnail","hentry","category-aew","category-aew-impact-njpw-roh","category-all-in","category-ex-wwe","category-hall-of-fame","category-news","category-wwe"],"authors":[{"term_id":289,"user_id":665,"is_guest":0,"slug":"line","display_name":"Line Edmond","avatar_url":"https:\/\/secure.gravatar.com\/avatar\/852de09636413c90cdaa278312f9ea5bc4396768745424755cb63d99a05989d0?s=96&d=mm&r=g","0":null,"1":"","2":"","3":"","4":"","5":"","6":"","7":"","8":""}],"_links":{"self":[{"href":"https:\/\/www.jdx.info\/lutte\/wp-json\/wp\/v2\/posts\/92847","targetHints":{"allow":["GET"]}}],"collection":[{"href":"https:\/\/www.jdx.info\/lutte\/wp-json\/wp\/v2\/posts"}],"about":[{"href":"https:\/\/www.jdx.info\/lutte\/wp-json\/wp\/v2\/types\/post"}],"author":[{"embeddable":true,"href":"https:\/\/www.jdx.info\/lutte\/wp-json\/wp\/v2\/users\/665"}],"replies":[{"embeddable":true,"href":"https:\/\/www.jdx.info\/lutte\/wp-json\/wp\/v2\/comments?post=92847"}],"version-history":[{"count":2,"href":"https:\/\/www.jdx.info\/lutte\/wp-json\/wp\/v2\/posts\/92847\/revisions"}],"predecessor-version":[{"id":92851,"href":"https:\/\/www.jdx.info\/lutte\/wp-json\/wp\/v2\/posts\/92847\/revisions\/92851"}],"wp:featuredmedia":[{"embeddable":true,"href":"https:\/\/www.jdx.info\/lutte\/wp-json\/wp\/v2\/media\/92850"}],"wp:attachment":[{"href":"https:\/\/www.jdx.info\/lutte\/wp-json\/wp\/v2\/media?parent=92847"}],"wp:term":[{"taxonomy":"category","embeddable":true,"href":"https:\/\/www.jdx.info\/lutte\/wp-json\/wp\/v2\/categories?post=92847"},{"taxonomy":"post_tag","embeddable":true,"href":"https:\/\/www.jdx.info\/lutte\/wp-json\/wp\/v2\/tags?post=92847"},{"taxonomy":"author","embeddable":true,"href":"https:\/\/www.jdx.info\/lutte\/wp-json\/wp\/v2\/ppma_author?post=92847"}],"curies":[{"name":"wp","href":"https:\/\/api.w.org\/{rel}","templated":true}]}}