{"id":92845,"date":"2023-12-11T03:15:00","date_gmt":"2023-12-11T08:15:00","guid":{"rendered":"https:\/\/www.jdx.info\/lutte\/?p=92845"},"modified":"2023-12-11T16:49:20","modified_gmt":"2023-12-11T21:49:20","slug":"la-blessure-de-charlotte-flair-consideree-comme-grave-et-preoccupante-la-wwe-la-retire-des-evenements-a-venir","status":"publish","type":"post","link":"https:\/\/www.jdx.info\/lutte\/2023\/12\/11\/la-blessure-de-charlotte-flair-consideree-comme-grave-et-preoccupante-la-wwe-la-retire-des-evenements-a-venir\/","title":{"rendered":"La blessure de Charlotte Flair consid\u00e9r\u00e9e comme \u00ab\u00a0grave et pr\u00e9occupante\u00a0\u00bb, la WWE la retire des \u00e9v\u00e9nements \u00e0 Venir!"},"content":{"rendered":"\n<p>\u00ab&nbsp;La Reine&nbsp;\u00bb est d\u00e9finitivement bless\u00e9e.<\/p>\n\n\n\n<p>Apr\u00e8s la confusion suite aux rapports de blessures provenant de l\u2019\u00e9pisode de WWE Friday Night SmackDown de cette semaine, il a \u00e9t\u00e9 confirm\u00e9 par plusieurs sources que Charlotte Flair souffre d\u2019une blessure.<\/p>\n\n\n\n<p>Comme indiqu\u00e9 plus t\u00f4t, Flair a subi une blessure l\u00e9gitime lors de son match lors de l\u2019\u00e9pisode sp\u00e9cial Tribute To The Troops de SmackDown de Providence, Rhode Island.<\/p>\n\n\n\n<center><p><script async=\"\" src=\"https:\/\/pagead2.googlesyndication.com\/pagead\/js\/adsbygoogle.js\"><\/script>\n<ins class=\"adsbygoogle\" style=\"display:block; text-align:center;\" data-ad-layout=\"in-article\" data-ad-format=\"fluid\" data-ad-client=\"ca-pub-1986975368136072\" data-ad-slot=\"7818521013\"><\/ins>\n<script>\n     (adsbygoogle = window.adsbygoogle || []).push({});\n<\/script><\/p><\/center>\n\n\n\n<p>Dans une mise \u00e0 jour, la WWE a retir\u00e9 Flair de ses matchs initialement annonc\u00e9s lors des \u00e9v\u00e9nements en direct non t\u00e9l\u00e9vis\u00e9s de ce week-end dans le cadre du WWE Holiday Live Tour en cours.<\/p>\n\n\n\n<p>D\u2019apr\u00e8s ce que l\u2019on entend, Flair est aux prises avec une blessure au genou qui semble \u00eatre assez s\u00e9rieuse et inqui\u00e9tante.<\/p>\n\n\n\n<figure class=\"wp-block-embed aligncenter is-type-wp-embed is-provider-info-lutte wp-block-embed-info-lutte\"><div class=\"wp-block-embed__wrapper\">\n<blockquote class=\"wp-embedded-content\" data-secret=\"TnYMimSP7T\"><a href=\"https:\/\/www.jdx.info\/lutte\/2023\/12\/08\/resultats-pour-le-wwe-friday-night-smackdown-du-8-decembre-so\/\">R\u00e9sultats pour le WWE Friday Night Smackdown du 8 D\u00e9cembre So<\/a><\/blockquote><iframe loading=\"lazy\" class=\"wp-embedded-content\" sandbox=\"allow-scripts\" security=\"restricted\" style=\"position: absolute; visibility: hidden;\" title=\"\u00ab\u00a0R\u00e9sultats pour le WWE Friday Night Smackdown du 8 D\u00e9cembre So\u00a0\u00bb &#8212; Info-Lutte\" src=\"https:\/\/www.jdx.info\/lutte\/2023\/12\/08\/resultats-pour-le-wwe-friday-night-smackdown-du-8-decembre-so\/embed\/#?secret=R7DIdSUW2W#?secret=TnYMimSP7T\" data-secret=\"TnYMimSP7T\" width=\"600\" height=\"338\" frameborder=\"0\" marginwidth=\"0\" marginheight=\"0\" scrolling=\"no\"><\/iframe>\n<\/div><\/figure>\n<p><\/p>","protected":false},"excerpt":{"rendered":"<p>\u00ab&nbsp;La Reine&nbsp;\u00bb est d\u00e9finitivement bless\u00e9e. Apr\u00e8s la confusion suite aux rapports de blessures provenant de l\u2019\u00e9pisode de WWE Friday Night SmackDown de cette semaine, il a \u00e9t\u00e9 confirm\u00e9 par plusieurs sources que Charlotte Flair souffre d\u2019une blessure. Comme indiqu\u00e9 plus t\u00f4t, Flair a subi une blessure l\u00e9gitime lors de son match lors de l\u2019\u00e9pisode sp\u00e9cial&#8230;<\/p>\n","protected":false},"author":665,"featured_media":92892,"comment_status":"open","ping_status":"closed","sticky":false,"template":"","format":"standard","meta":{"footnotes":""},"categories":[4,36,23],"tags":[],"ppma_author":[289],"class_list":["post-92845","post","type-post","status-publish","format-standard","has-post-thumbnail","hentry","category-news","category-smackdown","category-wwe"],"authors":[{"term_id":289,"user_id":665,"is_guest":0,"slug":"line","display_name":"Line Edmond","avatar_url":"https:\/\/secure.gravatar.com\/avatar\/852de09636413c90cdaa278312f9ea5bc4396768745424755cb63d99a05989d0?s=96&d=mm&r=g","0":null,"1":"","2":"","3":"","4":"","5":"","6":"","7":"","8":""}],"_links":{"self":[{"href":"https:\/\/www.jdx.info\/lutte\/wp-json\/wp\/v2\/posts\/92845","targetHints":{"allow":["GET"]}}],"collection":[{"href":"https:\/\/www.jdx.info\/lutte\/wp-json\/wp\/v2\/posts"}],"about":[{"href":"https:\/\/www.jdx.info\/lutte\/wp-json\/wp\/v2\/types\/post"}],"author":[{"embeddable":true,"href":"https:\/\/www.jdx.info\/lutte\/wp-json\/wp\/v2\/users\/665"}],"replies":[{"embeddable":true,"href":"https:\/\/www.jdx.info\/lutte\/wp-json\/wp\/v2\/comments?post=92845"}],"version-history":[{"count":2,"href":"https:\/\/www.jdx.info\/lutte\/wp-json\/wp\/v2\/posts\/92845\/revisions"}],"predecessor-version":[{"id":92893,"href":"https:\/\/www.jdx.info\/lutte\/wp-json\/wp\/v2\/posts\/92845\/revisions\/92893"}],"wp:featuredmedia":[{"embeddable":true,"href":"https:\/\/www.jdx.info\/lutte\/wp-json\/wp\/v2\/media\/92892"}],"wp:attachment":[{"href":"https:\/\/www.jdx.info\/lutte\/wp-json\/wp\/v2\/media?parent=92845"}],"wp:term":[{"taxonomy":"category","embeddable":true,"href":"https:\/\/www.jdx.info\/lutte\/wp-json\/wp\/v2\/categories?post=92845"},{"taxonomy":"post_tag","embeddable":true,"href":"https:\/\/www.jdx.info\/lutte\/wp-json\/wp\/v2\/tags?post=92845"},{"taxonomy":"author","embeddable":true,"href":"https:\/\/www.jdx.info\/lutte\/wp-json\/wp\/v2\/ppma_author?post=92845"}],"curies":[{"name":"wp","href":"https:\/\/api.w.org\/{rel}","templated":true}]}}