{"id":9083,"date":"2019-08-10T11:08:27","date_gmt":"2019-08-10T15:08:27","guid":{"rendered":"http:\/\/www.jdx.info\/lutte\/?p=9083"},"modified":"2019-08-10T11:28:29","modified_gmt":"2019-08-10T15:28:29","slug":"becky-lynch-vs-sasha-banks-la-guerre-est-declaree","status":"publish","type":"post","link":"https:\/\/www.jdx.info\/lutte\/2019\/08\/10\/becky-lynch-vs-sasha-banks-la-guerre-est-declaree\/","title":{"rendered":"Becky Lynch vs Sasha Banks : la Guerre est D\u00e9clar\u00e9e !"},"content":{"rendered":"\n<p>S&rsquo;il y a bien une chose que Becky Lynch n&rsquo;a pas dans sa poche, c&rsquo;est sa langue ! Et encore une fois, elle nous le prouve en prenant la parole sur l&rsquo;affaire Sasha Banks !<\/p>\n\n\n\n<p>Lors d&rsquo;un entretien avec Sky Sports, Becky Lynch s&rsquo;est vu demand\u00e9 si elle serait int\u00e9ress\u00e9 par d\u00e9fendre le titre feminin de Raw contre Sasha Banks et donc l&rsquo;actuelle championne f\u00e9minine de Raw (qui d\u00e9fendra d&rsquo;ailleurs son titre face \u00e0 Natalya lors de Summerslam) \u00e0 r\u00e9pondu tr\u00e8s franchement, n&rsquo;h\u00e9sitant pas \u00e0 atomiser The Boss en disant tout le bien qu&rsquo;elle pense d&rsquo;elle, et en taclant au passage Ronda Rousey !<\/p>\n\n\n\n<p>Voil\u00e0 ce qu&rsquo;elle a d\u00e9clarer au sujet de Banks et de son comportement apr\u00e8s Wrestlemania 35 :<\/p>\n\n\n\n<blockquote class=\"wp-block-quote is-layout-flow wp-block-quote-is-layout-flow\"><p><em>\u00ab\u00a0<\/em> <em>Oui, [\u00e7a m&rsquo;int\u00e9resserai de lui faire face] si Sasha Banks pouvait tenir le coup, et qu&rsquo;elle ne se contenterai pas juste de prendre sa veste et <\/em><strong><em>qu&rsquo;elle ne pleurerait pas comme Ronda Rousey<\/em><\/strong><em>, j&rsquo;adorerai lui faire face !<br>Mais malheureusement, <\/em><strong><em>elle n&rsquo;accepte pas de perdre.<\/em><\/strong><em> <br>Elle a perdu les titres de championnes par \u00e9quipe [feminin de la WWE] et elle est partie. <br>Elle \u00e9tait partie ! <br>Certaines personnes n&rsquo;acceptent pas de perdre donc elles ne peuvent pas progresser. <br>Ces personnes ne peuvent pas se rendre compte que <\/em><strong><em>quand on perd, c&rsquo;est juste une chance de devenir plus fort, c&rsquo;est une chance d&rsquo;apprendre et une chance de grandir.<\/em><\/strong><em><br>Au lieu de \u00e7a, elle pr\u00e9f\u00e8re parler de \u00ab Oh, le putain de vent, les putains de papillons, et les putains de cocons, et je suis un lapin qui vient de la Terre et du sol \u00bb, et de tout ce qu&rsquo;elle met sur ses m\u00e9dias sociaux de merde !<br> <\/em><strong><em>Viens m&rsquo;affronter, Sasha, si tu veux <\/em><\/strong><em>! \u00ab\u00a0<\/em><\/p><cite>Source : Sky Sports <\/cite><\/blockquote>\n\n\n\n<p>Alors, se dirige t-on vers une rivalit\u00e9 Sasha Banks vs Becky Lynch pour le titre feminin de Raw ? Quelle sera la r\u00e9action de Sasha Banks suite \u00e0 ces attaques ? Sasha Banks pourrait-elle s&rsquo;en prendre \u00e0 Becky Lynch en effectuant son retour \u00e0 Summerslam ?  En tout cas, entre ces deux l\u00e0 l&rsquo;ambiance ne semble pas au beau fixe !<\/p>\n\n\n\n<p> <br><strong>Nous tenons \u00e0 vous rappelez dans cet express qu&rsquo;il vous sera bien s\u00fbr possible de suivre Summerslam dans la nuit du 11 au 12 ao\u00fbt \u00e0 1h du matin pour l&rsquo;Europe, 19 heure de l&rsquo;Est, en direct sur le WWE Network mais \u00e9galement sur Info-Lutte ! <\/strong> <\/p>\n<p><\/p>","protected":false},"excerpt":{"rendered":"<p>S&rsquo;il y a bien une chose que Becky Lynch n&rsquo;a pas dans sa poche, c&rsquo;est sa langue ! Et encore une fois, elle nous le prouve en prenant la parole sur l&rsquo;affaire Sasha Banks ! Lors d&rsquo;un entretien avec Sky Sports, Becky Lynch s&rsquo;est vu demand\u00e9 si elle serait int\u00e9ress\u00e9 par d\u00e9fendre le titre feminin&#8230;<\/p>\n","protected":false},"author":71,"featured_media":9146,"comment_status":"open","ping_status":"closed","sticky":false,"template":"","format":"standard","meta":{"footnotes":""},"categories":[4,23],"tags":[],"ppma_author":[293],"class_list":["post-9083","post","type-post","status-publish","format-standard","has-post-thumbnail","hentry","category-news","category-wwe"],"authors":[{"term_id":293,"user_id":71,"is_guest":0,"slug":"andy-pinto","display_name":"Andy PINTO","avatar_url":"https:\/\/secure.gravatar.com\/avatar\/e7490d60b3d5bd6ec4c38e8328f60c1cda540606cc37e66badd91e29b3a7383a?s=96&d=mm&r=g","0":null,"1":"","2":"","3":"","4":"","5":"","6":"","7":"","8":""}],"_links":{"self":[{"href":"https:\/\/www.jdx.info\/lutte\/wp-json\/wp\/v2\/posts\/9083","targetHints":{"allow":["GET"]}}],"collection":[{"href":"https:\/\/www.jdx.info\/lutte\/wp-json\/wp\/v2\/posts"}],"about":[{"href":"https:\/\/www.jdx.info\/lutte\/wp-json\/wp\/v2\/types\/post"}],"author":[{"embeddable":true,"href":"https:\/\/www.jdx.info\/lutte\/wp-json\/wp\/v2\/users\/71"}],"replies":[{"embeddable":true,"href":"https:\/\/www.jdx.info\/lutte\/wp-json\/wp\/v2\/comments?post=9083"}],"version-history":[{"count":4,"href":"https:\/\/www.jdx.info\/lutte\/wp-json\/wp\/v2\/posts\/9083\/revisions"}],"predecessor-version":[{"id":9161,"href":"https:\/\/www.jdx.info\/lutte\/wp-json\/wp\/v2\/posts\/9083\/revisions\/9161"}],"wp:featuredmedia":[{"embeddable":true,"href":"https:\/\/www.jdx.info\/lutte\/wp-json\/wp\/v2\/media\/9146"}],"wp:attachment":[{"href":"https:\/\/www.jdx.info\/lutte\/wp-json\/wp\/v2\/media?parent=9083"}],"wp:term":[{"taxonomy":"category","embeddable":true,"href":"https:\/\/www.jdx.info\/lutte\/wp-json\/wp\/v2\/categories?post=9083"},{"taxonomy":"post_tag","embeddable":true,"href":"https:\/\/www.jdx.info\/lutte\/wp-json\/wp\/v2\/tags?post=9083"},{"taxonomy":"author","embeddable":true,"href":"https:\/\/www.jdx.info\/lutte\/wp-json\/wp\/v2\/ppma_author?post=9083"}],"curies":[{"name":"wp","href":"https:\/\/api.w.org\/{rel}","templated":true}]}}