{"id":90462,"date":"2023-10-02T13:11:00","date_gmt":"2023-10-02T17:11:00","guid":{"rendered":"https:\/\/www.jdx.info\/lutte\/?p=90462"},"modified":"2023-10-02T18:19:26","modified_gmt":"2023-10-02T22:19:26","slug":"drew-mcintyre-pourrait-changer-dattitude","status":"publish","type":"post","link":"https:\/\/www.jdx.info\/lutte\/2023\/10\/02\/drew-mcintyre-pourrait-changer-dattitude\/","title":{"rendered":"Drew McIntyre Pourrait Changer d&rsquo;Attitude!"},"content":{"rendered":"\n<p>Le comportement de Drew McIntyre change peu \u00e0 peu ces derni\u00e8res semaines, et lors de WWE RAW du 18 septembre, il a refus\u00e9 d\u2019aider Jey Uso qui se fait attaquer par le Judgment Day apr\u00e8s leur match. <\/p>\n\n\n\n<p>La m\u00eame chose pour le RAW du 25 septembre o\u00f9 il laisse Ivar des Viking Raiders d\u00e9truire Kofi Kingston et Xavier Woods. <\/p>\n\n\n\n<p>Il devient de plus en lus agressif dans ses match et dans ses r\u00e9actions avec les autres Superstars. Il affronte \u00e9galement des adversaires consid\u00e9r\u00e9s comme favoris de la foule. Et ce n&rsquo;est surement pas le d\u00e9part de Matt Riddle qui l&rsquo;affecte puisque que tout cela a d\u00e9but\u00e9 avant la lib\u00e9ration de l&rsquo;Original Bro.<\/p>\n\n\n\n<center><p><script async=\"\" src=\"https:\/\/pagead2.googlesyndication.com\/pagead\/js\/adsbygoogle.js\"><\/script>\n<ins class=\"adsbygoogle\" style=\"display:block; text-align:center;\" data-ad-layout=\"in-article\" data-ad-format=\"fluid\" data-ad-client=\"ca-pub-1986975368136072\" data-ad-slot=\"7818521013\"><\/ins>\n<script>\n     (adsbygoogle = window.adsbygoogle || []).push({});\n<\/script><\/p><\/center>\n\n\n\n\n<p>Dimanche soir durant WrestleDream sans aucun lien, McIntyre a publi\u00e9 une vid\u00e9o sur son TikTok officiel o\u00f9 on le voit s\u2019entra\u00eener dans une ambiance assez sombre avec en fond, son ancienne musique\u00a0<strong>\u00ab\u00a0Broken Dreams\u00a0\u00bb<\/strong>.<\/p>\n\n\n\n<p> En description de cette vid\u00e9o, une phrase\u00a0\u00a0\u00bb Peut-\u00eatre que la fin approche\u00a0\u00bb Beaucoup de fans dans les commentaires ont song\u00e9 \u00e0 un\u00a0<strong>Heel Turn<\/strong>. <\/p>\n\n\n\n<p>La WWE est mentionn\u00e9e dans cette vid\u00e9o, donc il s\u2019agit bien d\u2019un changement dans la compagnie et non un d\u00e9part de celle-ci car rappelons le, il a sign\u00e9 une prolongation de contrat tout ressement. <\/p>\n\n\n\n<center><blockquote class=\"tiktok-embed\" cite=\"https:\/\/www.tiktok.com\/@dmcintyrewwe\/video\/7284975804268743979\" data-video-id=\"7284975804268743979\" style=\"max-width: 605px;min-width: 325px;\" > <section> <a target=\"_blank\" title=\"@dmcintyrewwe\" href=\"https:\/\/www.tiktok.com\/@dmcintyrewwe?refer=embed\" rel=\"noopener\">@dmcintyrewwe<\/a> Perhaps the end is drawing near\u2026 <a title=\"wwe\" target=\"_blank\" href=\"https:\/\/www.tiktok.com\/tag\/wwe?refer=embed\" rel=\"noopener\">#wwe<\/a> <a title=\"wweraw\" target=\"_blank\" href=\"https:\/\/www.tiktok.com\/tag\/wweraw?refer=embed\" rel=\"noopener\">#wweraw<\/a> <a title=\"wrestling\" target=\"_blank\" href=\"https:\/\/www.tiktok.com\/tag\/wrestling?refer=embed\" rel=\"noopener\">#wrestling<\/a> <a title=\"drewmcintyre\" target=\"_blank\" href=\"https:\/\/www.tiktok.com\/tag\/drewmcintyre?refer=embed\" rel=\"noopener\">#drewmcintyre<\/a> <a target=\"_blank\" title=\"\u266c original sound - Drew McIntyre\" href=\"https:\/\/www.tiktok.com\/music\/original-sound-7284975901744991019?refer=embed\" rel=\"noopener\">\u266c original sound &#8211; Drew McIntyre<\/a> <\/section> <\/blockquote> <script async src=\"https:\/\/www.tiktok.com\/embed.js\"><\/script><\/center>\n\n\n\n<p><\/p>\n\n\n\n<p>Hier, McIntyre a publi\u00e9 une vid\u00e9o sur son TikTok officiel o\u00f9 on le voit s\u2019entra\u00eener dans une ambiance assez sombre avec en fond, son ancienne musique\u00a0<strong>\u00ab\u00a0Broken Dreams\u00a0\u00bb<\/strong>. En description de cette vid\u00e9o, une phrase\u00a0\u00a0\u00bb Peut-\u00eatre que la fin approche\u2026\u00a0\u00bb. Beaucoup de fans dans les commentaires ont imagin\u00e9 un\u00a0\u00ab\u00a0Heel Turn\u00a0\u00bb soit un changement d&rsquo;attitude du bien vers le mal en tournant les talons \u00e0 la foule. <\/p>\n\n\n\n<p>De plus la WWE est mentionn\u00e9e dans cette vid\u00e9o, donc il s\u2019agit bien d\u2019un changement dans la compagnie et non un d\u00e9part de celle-ci.<\/p>\n\n\n\n<figure class=\"wp-block-embed aligncenter is-type-wp-embed is-provider-info-lutte wp-block-embed-info-lutte\"><div class=\"wp-block-embed__wrapper\">\n<blockquote class=\"wp-embedded-content\" data-secret=\"ii0FmKfiyZ\"><a href=\"https:\/\/www.jdx.info\/lutte\/2023\/10\/02\/avant-gout-pour-le-wwe-monday-night-raw-du-2-octobre-2023-dernier-avant-fastlane\/\">Reprise Vid\u00e9o et Programme pour le WWE Monday Night RAW du 2 Octobre 2023! Dernier Avant FastLane!<\/a><\/blockquote><iframe loading=\"lazy\" class=\"wp-embedded-content\" sandbox=\"allow-scripts\" security=\"restricted\" style=\"position: absolute; visibility: hidden;\" title=\"\u00ab\u00a0Reprise Vid\u00e9o et Programme pour le WWE Monday Night RAW du 2 Octobre 2023! Dernier Avant FastLane!\u00a0\u00bb &#8212; Info-Lutte\" src=\"https:\/\/www.jdx.info\/lutte\/2023\/10\/02\/avant-gout-pour-le-wwe-monday-night-raw-du-2-octobre-2023-dernier-avant-fastlane\/embed\/#?secret=JH6vrxRj2s#?secret=ii0FmKfiyZ\" data-secret=\"ii0FmKfiyZ\" width=\"600\" height=\"338\" frameborder=\"0\" marginwidth=\"0\" marginheight=\"0\" scrolling=\"no\"><\/iframe>\n<\/div><\/figure>\n<p><\/p>","protected":false},"excerpt":{"rendered":"<p>Le comportement de Drew McIntyre change peu \u00e0 peu ces derni\u00e8res semaines, et lors de WWE RAW du 18 septembre, il a refus\u00e9 d\u2019aider Jey Uso qui se fait attaquer par le Judgment Day apr\u00e8s leur match. La m\u00eame chose pour le RAW du 25 septembre o\u00f9 il laisse Ivar des Viking Raiders d\u00e9truire Kofi&#8230;<\/p>\n","protected":false},"author":4,"featured_media":90463,"comment_status":"open","ping_status":"closed","sticky":false,"template":"","format":"standard","meta":{"footnotes":""},"categories":[4,43,23],"tags":[],"ppma_author":[292],"class_list":["post-90462","post","type-post","status-publish","format-standard","has-post-thumbnail","hentry","category-news","category-raw-wwe","category-wwe"],"authors":[{"term_id":292,"user_id":4,"is_guest":0,"slug":"jean","display_name":"Jean Vinnier","avatar_url":"https:\/\/secure.gravatar.com\/avatar\/33aba0263fd870a0b487e0e079ff407e10e3997c9d2987cbcc0db0db2c5c75a9?s=96&d=mm&r=g","0":null,"1":"","2":"","3":"","4":"","5":"","6":"","7":"","8":""}],"_links":{"self":[{"href":"https:\/\/www.jdx.info\/lutte\/wp-json\/wp\/v2\/posts\/90462","targetHints":{"allow":["GET"]}}],"collection":[{"href":"https:\/\/www.jdx.info\/lutte\/wp-json\/wp\/v2\/posts"}],"about":[{"href":"https:\/\/www.jdx.info\/lutte\/wp-json\/wp\/v2\/types\/post"}],"author":[{"embeddable":true,"href":"https:\/\/www.jdx.info\/lutte\/wp-json\/wp\/v2\/users\/4"}],"replies":[{"embeddable":true,"href":"https:\/\/www.jdx.info\/lutte\/wp-json\/wp\/v2\/comments?post=90462"}],"version-history":[{"count":1,"href":"https:\/\/www.jdx.info\/lutte\/wp-json\/wp\/v2\/posts\/90462\/revisions"}],"predecessor-version":[{"id":90464,"href":"https:\/\/www.jdx.info\/lutte\/wp-json\/wp\/v2\/posts\/90462\/revisions\/90464"}],"wp:featuredmedia":[{"embeddable":true,"href":"https:\/\/www.jdx.info\/lutte\/wp-json\/wp\/v2\/media\/90463"}],"wp:attachment":[{"href":"https:\/\/www.jdx.info\/lutte\/wp-json\/wp\/v2\/media?parent=90462"}],"wp:term":[{"taxonomy":"category","embeddable":true,"href":"https:\/\/www.jdx.info\/lutte\/wp-json\/wp\/v2\/categories?post=90462"},{"taxonomy":"post_tag","embeddable":true,"href":"https:\/\/www.jdx.info\/lutte\/wp-json\/wp\/v2\/tags?post=90462"},{"taxonomy":"author","embeddable":true,"href":"https:\/\/www.jdx.info\/lutte\/wp-json\/wp\/v2\/ppma_author?post=90462"}],"curies":[{"name":"wp","href":"https:\/\/api.w.org\/{rel}","templated":true}]}}