{"id":8722,"date":"2019-08-05T10:48:48","date_gmt":"2019-08-05T14:48:48","guid":{"rendered":"http:\/\/www.jdx.info\/lutte\/?p=8722"},"modified":"2019-08-05T10:51:17","modified_gmt":"2019-08-05T14:51:17","slug":"beth-phoenix-sera-intronisee-ailleurs-qua-la-wwe-lepoque-des-divas-titres-feminins-par-equipe-et-plus","status":"publish","type":"post","link":"https:\/\/www.jdx.info\/lutte\/2019\/08\/05\/beth-phoenix-sera-intronisee-ailleurs-qua-la-wwe-lepoque-des-divas-titres-feminins-par-equipe-et-plus\/","title":{"rendered":"Beth Phoenix Sera Intronis\u00e9e Ailleurs qu&rsquo;\u00e0 la WWE! L&rsquo;\u00c9poque des Divas! Titres F\u00e9minins par \u00c9quipe et Plus!"},"content":{"rendered":"\n<p>En vous souhaitant une bonne semaine \u00e0 vous tous. Dans cet Express, une entrevue avec Beth Phoenix qui sera introniser dans un autre Hall of Fame, et bien plus. <\/p>\n\n\n\n<p> Beth Phoenix \u00e9tait r\u00e9cemment invit\u00e9e sur \u00abRing the Belle\u00bb. Lors de sa comparution, elle a expliqu\u00e9 avoir \u00e9t\u00e9 intronis\u00e9e au Temple de la renomm\u00e9e du George Tragos \/ Lou Thesz, et expliqu\u00e9 pourquoi elle \u00e9tait si enthousiaste \u00e0 l\u2019id\u00e9e que la WWE mettre en avant les titres par \u00e9quipes f\u00e9minins. Voici les faits saillants de cette entrevue:<\/p>\n\n\n\n<p><strong>Sur son intronisation dans un autre panth\u00e9on de la lutte que celui de la WWE (Hall of Fame):<\/strong><\/p>\n\n\n\n<blockquote class=\"wp-block-quote is-layout-flow wp-block-quote-is-layout-flow\"><p>Ouais, c\u2019est &#8211; l\u2019histoire, la liste de noms qui m\u2019a \u00e9t\u00e9 pr\u00e9sent\u00e9e devant moi sont absolument incroyables. Ce sont les pionniers de l\u2019ensemble du secteur. Pour moi, c\u2019est tr\u00e8s important car j\u2019ai l\u2019impression que nous entamons cette discussion sur le plaidoyer en faveur des femmes dans le sport, en particulier dans la lutte. J&rsquo;\u00e9tais une jeune femme qui voulait devenir lutteur amateur au d\u00e9but. J\u2019ai eu du mal avec \u00e7a, il n\u2019y avait pas d\u2019occasions pour les femmes qui voulaient faire \u00e7a, alors j\u2019ai d\u00fb lutter contre la division des hommes, ce qui est g\u00eanant, c\u2019est difficile. C\u2019est difficile pour les gar\u00e7ons aussi. Il y a beaucoup de tension dans ce qui a eu raison de la concurrence. \u00c9tant donn\u00e9 que je participe \u00e0 cette induction ce week-end, j&rsquo;esp\u00e8re que nous pourrons ouvrir un peu plus la conversation. Et le mus\u00e9e Dan Gable a fait un travail remarquable en \u00e9tant inclusif et en soutenant la croissance.<\/p><\/blockquote>\n\n\n\n<p><strong>Sur les restrictions de la lutte \u00e0 l\u2019\u00e9poque de la diva:<\/strong><\/p>\n\n\n\n<blockquote class=\"wp-block-quote is-layout-flow wp-block-quote-is-layout-flow\"><p>Nous venons de faire de notre mieux pour travailler dans notre zone de confort. Nous avons d\u00fb faire des choses qui n\u2019\u00e9taient pas g\u00e9niales. Je devais faire des trucs en bikini. Je devais faire des matchs de soutien-gorge et de culottes (bra and panties). Je devais faire beaucoup de choses que je n\u2019aimais pas et que je ne voulais pas faire. Mais j\u2019ai su \u00e0 la fin que j&rsquo;\u00e9tais l\u00e0 pour divertir et rendre les gens heureux. Et je savais que \u00e7a changerait. Je savais dans mon c\u0153ur qu&rsquo;un jour, si nous n&rsquo;abandonnons pas, cela allait changer. Et \u00e7a a chang\u00e9.<\/p><\/blockquote>\n\n\n\n<p><strong>Sur les titres f\u00e9minins par \u00e9quipe:<\/strong><\/p>\n\n\n\n<blockquote class=\"wp-block-quote is-layout-flow wp-block-quote-is-layout-flow\"><p>C&rsquo;\u00e9tait si sp\u00e9cial. Cela comptait beaucoup pour moi parce que les filles se sentaient aussi passionn\u00e9ment que moi et Nattie. Ce n\u2019\u00e9tait pas toujours sympa; c&rsquo;\u00e9tait toujours un combat, c&rsquo;\u00e9tait toujours un combat. Chaque semaine, tu savais que \u00e7a allait \u00eatre une bagarre. Alors j&rsquo;appr\u00e9cie que les filles aient continu\u00e9 \u00e0 se battre et qu&rsquo;elles aient gagn\u00e9. Cela semblait \u00eatre une victoire.<\/p><\/blockquote>\n\n\n\n<iframe loading=\"lazy\" width=\"560\" height=\"315\" src=\"https:\/\/www.youtube.com\/embed\/pHYSts04dWA\" frameborder=\"0\" allow=\"accelerometer; autoplay; encrypted-media; gyroscope; picture-in-picture\" allowfullscreen><\/iframe>\n\n\n\n<p>Vous \u00eates libre  de suivre d\u00e8s maintenant Info-Lutte via <a href=\"https:\/\/www.facebook.com\/InfoLuttenet\/\">Facebook <\/a>ou <a href=\"https:\/\/twitter.com\/InfoLutte\">Twitter @INFOLUTTE<\/a>. Et merci ne ne pas quitter sans visiter ce qui est autour du site  pour nous aider \u00e0 vous en offrir toujours plus, ici m\u00eame sur votre site pr\u00e9f\u00e9r\u00e9<\/p>\n\n\n\n<p><br> Vous voulez faire parti de l&rsquo;\u00e9quipe, contactez moi via Facebook en <a href=\"https:\/\/www.facebook.com\/JasonDarkCashDescoteaux\/\">cliquant ici<\/a><\/p>\n\n\n\n<center><p><script async=\"\" src=\"https:\/\/pagead2.googlesyndication.com\/pagead\/js\/adsbygoogle.js\"><\/script>\n<ins class=\"adsbygoogle\" style=\"display:block; text-align:center;\" data-ad-layout=\"in-article\" data-ad-format=\"fluid\" data-ad-client=\"ca-pub-1986975368136072\" data-ad-slot=\"7818521013\"><\/ins>\n<script>\n     (adsbygoogle = window.adsbygoogle || []).push({});\n<\/script><\/p><\/center>\n\n<p><\/p>","protected":false},"excerpt":{"rendered":"<p>En vous souhaitant une bonne semaine \u00e0 vous tous. Dans cet Express, une entrevue avec Beth Phoenix qui sera introniser dans un autre Hall of Fame, et bien plus. Beth Phoenix \u00e9tait r\u00e9cemment invit\u00e9e sur \u00abRing the Belle\u00bb. Lors de sa comparution, elle a expliqu\u00e9 avoir \u00e9t\u00e9 intronis\u00e9e au Temple de la renomm\u00e9e du George&#8230;<\/p>\n","protected":false},"author":2,"featured_media":8724,"comment_status":"open","ping_status":"closed","sticky":false,"template":"","format":"standard","meta":{"footnotes":""},"categories":[4,23],"tags":[],"ppma_author":[287],"class_list":["post-8722","post","type-post","status-publish","format-standard","has-post-thumbnail","hentry","category-news","category-wwe"],"authors":[{"term_id":287,"user_id":2,"is_guest":0,"slug":"jason","display_name":"Jason Desc\u00f4teaux","avatar_url":"https:\/\/secure.gravatar.com\/avatar\/f64adf6d13198c3a532c061cecd8672089a1e9a3d07c702dffe886a7e55a15eb?s=96&d=mm&r=g","0":null,"1":"","2":"","3":"","4":"","5":"","6":"","7":"","8":""}],"_links":{"self":[{"href":"https:\/\/www.jdx.info\/lutte\/wp-json\/wp\/v2\/posts\/8722","targetHints":{"allow":["GET"]}}],"collection":[{"href":"https:\/\/www.jdx.info\/lutte\/wp-json\/wp\/v2\/posts"}],"about":[{"href":"https:\/\/www.jdx.info\/lutte\/wp-json\/wp\/v2\/types\/post"}],"author":[{"embeddable":true,"href":"https:\/\/www.jdx.info\/lutte\/wp-json\/wp\/v2\/users\/2"}],"replies":[{"embeddable":true,"href":"https:\/\/www.jdx.info\/lutte\/wp-json\/wp\/v2\/comments?post=8722"}],"version-history":[{"count":1,"href":"https:\/\/www.jdx.info\/lutte\/wp-json\/wp\/v2\/posts\/8722\/revisions"}],"predecessor-version":[{"id":8723,"href":"https:\/\/www.jdx.info\/lutte\/wp-json\/wp\/v2\/posts\/8722\/revisions\/8723"}],"wp:featuredmedia":[{"embeddable":true,"href":"https:\/\/www.jdx.info\/lutte\/wp-json\/wp\/v2\/media\/8724"}],"wp:attachment":[{"href":"https:\/\/www.jdx.info\/lutte\/wp-json\/wp\/v2\/media?parent=8722"}],"wp:term":[{"taxonomy":"category","embeddable":true,"href":"https:\/\/www.jdx.info\/lutte\/wp-json\/wp\/v2\/categories?post=8722"},{"taxonomy":"post_tag","embeddable":true,"href":"https:\/\/www.jdx.info\/lutte\/wp-json\/wp\/v2\/tags?post=8722"},{"taxonomy":"author","embeddable":true,"href":"https:\/\/www.jdx.info\/lutte\/wp-json\/wp\/v2\/ppma_author?post=8722"}],"curies":[{"name":"wp","href":"https:\/\/api.w.org\/{rel}","templated":true}]}}