{"id":8636,"date":"2019-08-03T14:06:39","date_gmt":"2019-08-03T18:06:39","guid":{"rendered":"http:\/\/www.jdx.info\/lutte\/?p=8636"},"modified":"2019-08-03T14:06:57","modified_gmt":"2019-08-03T18:06:57","slug":"la-wwe-confirme-la-presence-de-brock-lesnar-a-raw-mais-doute-pour-seth-rollins","status":"publish","type":"post","link":"https:\/\/www.jdx.info\/lutte\/2019\/08\/03\/la-wwe-confirme-la-presence-de-brock-lesnar-a-raw-mais-doute-pour-seth-rollins\/","title":{"rendered":"La WWE Confirme la Pr\u00e9sence de Brock Lesnar \u00e0 RAW mais Doute pour Seth Rollins!"},"content":{"rendered":"\n<p>Merci \u00e0 ceux qui d\u00e9sactive leur Add-Block en visitant votre site pr\u00e9f\u00e9r\u00e9. Un petite geste pour vous qui nous aide grandement d\u00e8s maintenant \u00e0 vous en offrir plus!<\/p>\n\n\n\n<p> Nous l&rsquo;avions annonc\u00e9 la semaine derni\u00e8re mais la WWE l&rsquo;a confirm\u00e9 tweetant plus t\u00f4t dans la journ\u00e9e, l&rsquo;affirmation que le champion universel Brock Lesnar, sera \u00e0 RAW lundi. Le dernier show avant le ppv SummerSlam de dimanche prochain \u00e0 Toronto. La d\u00e9claration se lit comme suit: <\/p>\n\n\n\n<p>\u00abL&rsquo;incontest\u00e9, d\u00e9fendeur, Champion Universel en titre, Brock Lesnar, sera au RAW final avant SummerSlam! Mais est-ce que Seth Rollins?\u00a0\u00bb <\/p>\n\n\n\n<p>Et le message se termine ainsi laissant planer le doute concernant l&rsquo;aspirant obligatoire au titre d\u00e9tenu par the Beast! <\/p>\n\n\n\n<blockquote class=\"twitter-tweet\"><p lang=\"en\" dir=\"ltr\">The reigning, defending, undisputed <a href=\"https:\/\/twitter.com\/hashtag\/UniversalChampion?src=hash&amp;ref_src=twsrc%5Etfw\">#UniversalChampion<\/a> <a href=\"https:\/\/twitter.com\/BrockLesnar?ref_src=twsrc%5Etfw\">@BrockLesnar<\/a> will be at the final <a href=\"https:\/\/twitter.com\/hashtag\/RAW?src=hash&amp;ref_src=twsrc%5Etfw\">#RAW<\/a> before <a href=\"https:\/\/twitter.com\/hashtag\/SummerSlam?src=hash&amp;ref_src=twsrc%5Etfw\">#SummerSlam<\/a>! But will <a href=\"https:\/\/twitter.com\/WWERollins?ref_src=twsrc%5Etfw\">@WWERollins<\/a>? <a href=\"https:\/\/twitter.com\/HeymanHustle?ref_src=twsrc%5Etfw\">@HeymanHustle<\/a> <a href=\"https:\/\/t.co\/EkPRWFil6R\">https:\/\/t.co\/EkPRWFil6R<\/a><\/p>&mdash; WWE (@WWE) <a href=\"https:\/\/twitter.com\/WWE\/status\/1157697699787026434?ref_src=twsrc%5Etfw\">August 3, 2019<\/a><\/blockquote> <script async src=\"https:\/\/platform.twitter.com\/widgets.js\" charset=\"utf-8\"><\/script>\n\n\n\n<p>Vous \u00eates libre  de suivre d\u00e8s maintenant Info-Lutte via <a href=\"https:\/\/www.facebook.com\/InfoLuttenet\/\">Facebook <\/a>ou <a href=\"https:\/\/twitter.com\/InfoLutte\">Twitter @INFOLUTTE<\/a>. Et merci ne ne pas quitter sans visiter ce qui est autour du site  pour nous aider \u00e0 vous en offrir toujours plus, ici m\u00eame sur votre site pr\u00e9f\u00e9r\u00e9<\/p>\n\n\n\n<p><br>\nVous voulez faire parti de l&rsquo;\u00e9quipe, contactez moi via Facebook en <a href=\"https:\/\/www.facebook.com\/JasonDarkCashDescoteaux\/\">cliquant ici<\/a><\/p>\n<p><\/p>","protected":false},"excerpt":{"rendered":"<p>Merci \u00e0 ceux qui d\u00e9sactive leur Add-Block en visitant votre site pr\u00e9f\u00e9r\u00e9. Un petite geste pour vous qui nous aide grandement d\u00e8s maintenant \u00e0 vous en offrir plus! Nous l&rsquo;avions annonc\u00e9 la semaine derni\u00e8re mais la WWE l&rsquo;a confirm\u00e9 tweetant plus t\u00f4t dans la journ\u00e9e, l&rsquo;affirmation que le champion universel Brock Lesnar, sera \u00e0 RAW&#8230;<\/p>\n","protected":false},"author":2,"featured_media":8637,"comment_status":"open","ping_status":"closed","sticky":false,"template":"","format":"standard","meta":{"footnotes":""},"categories":[4,23],"tags":[],"ppma_author":[287],"class_list":["post-8636","post","type-post","status-publish","format-standard","has-post-thumbnail","hentry","category-news","category-wwe"],"authors":[{"term_id":287,"user_id":2,"is_guest":0,"slug":"jason","display_name":"Jason Desc\u00f4teaux","avatar_url":"https:\/\/secure.gravatar.com\/avatar\/f64adf6d13198c3a532c061cecd8672089a1e9a3d07c702dffe886a7e55a15eb?s=96&d=mm&r=g","0":null,"1":"","2":"","3":"","4":"","5":"","6":"","7":"","8":""}],"_links":{"self":[{"href":"https:\/\/www.jdx.info\/lutte\/wp-json\/wp\/v2\/posts\/8636","targetHints":{"allow":["GET"]}}],"collection":[{"href":"https:\/\/www.jdx.info\/lutte\/wp-json\/wp\/v2\/posts"}],"about":[{"href":"https:\/\/www.jdx.info\/lutte\/wp-json\/wp\/v2\/types\/post"}],"author":[{"embeddable":true,"href":"https:\/\/www.jdx.info\/lutte\/wp-json\/wp\/v2\/users\/2"}],"replies":[{"embeddable":true,"href":"https:\/\/www.jdx.info\/lutte\/wp-json\/wp\/v2\/comments?post=8636"}],"version-history":[{"count":2,"href":"https:\/\/www.jdx.info\/lutte\/wp-json\/wp\/v2\/posts\/8636\/revisions"}],"predecessor-version":[{"id":8639,"href":"https:\/\/www.jdx.info\/lutte\/wp-json\/wp\/v2\/posts\/8636\/revisions\/8639"}],"wp:featuredmedia":[{"embeddable":true,"href":"https:\/\/www.jdx.info\/lutte\/wp-json\/wp\/v2\/media\/8637"}],"wp:attachment":[{"href":"https:\/\/www.jdx.info\/lutte\/wp-json\/wp\/v2\/media?parent=8636"}],"wp:term":[{"taxonomy":"category","embeddable":true,"href":"https:\/\/www.jdx.info\/lutte\/wp-json\/wp\/v2\/categories?post=8636"},{"taxonomy":"post_tag","embeddable":true,"href":"https:\/\/www.jdx.info\/lutte\/wp-json\/wp\/v2\/tags?post=8636"},{"taxonomy":"author","embeddable":true,"href":"https:\/\/www.jdx.info\/lutte\/wp-json\/wp\/v2\/ppma_author?post=8636"}],"curies":[{"name":"wp","href":"https:\/\/api.w.org\/{rel}","templated":true}]}}