{"id":8380,"date":"2019-07-30T14:33:16","date_gmt":"2019-07-30T18:33:16","guid":{"rendered":"http:\/\/www.jdx.info\/lutte\/?p=8380"},"modified":"2019-07-30T14:37:23","modified_gmt":"2019-07-30T18:37:23","slug":"la-wwe-fait-une-mise-a-jour-sur-letat-de-seth-rollins-suite-a-la-sauvage-agression-de-brock-lesnar","status":"publish","type":"post","link":"https:\/\/www.jdx.info\/lutte\/2019\/07\/30\/la-wwe-fait-une-mise-a-jour-sur-letat-de-seth-rollins-suite-a-la-sauvage-agression-de-brock-lesnar\/","title":{"rendered":"La WWE Fait une Mise \u00e0 Jour sur l&rsquo;\u00c9tat de Seth Rollins suite \u00e0 l\u00e0 Sauvage Agression de Brock Lesnar!"},"content":{"rendered":"\n<p>Le tout c&rsquo;est pass\u00e9 lundi soir \u00e0 RAW, Seth Rollins a \u00e9t\u00e9 la victime de Brock Lesnar lors de la derni\u00e8re \u00e9dition du WWE Monday Night RAW du 29 juillet.  <\/p>\n\n\n\n<p>Jusqu&rsquo;\u00e0 maintenant la WWE n&rsquo;avait pas  communiqu\u00e9 de mise \u00e0 jour au sujet de la condition de Seth Rollins.  Voil\u00e0 que la f\u00e9d\u00e9ration a mit en ligne un communiqu\u00e9 indiquant que l&rsquo;ancien champion Universal a  pass\u00e9 une s\u00e9rie de tests m\u00e9dicaux et que suite \u00e0 ceux-ci, il a d\u00e9cid\u00e9 de  ne pas annoncer publiquement le r\u00e9sultat de ses tests.<\/p>\n\n\n\n<p>Il est donc toujours impossible de savoir si Seth Rollins souffre d&rsquo;une blessure suite \u00e0 ce segment, r\u00e9el ou pour l&rsquo;histoire. <\/p>\n\n\n\n<p>Pour voir ce RAW vous \u00eates libre de <a href=\"https:\/\/www.jdx.info\/lutte\/2019\/07\/29\/regardez-le-wwe-monday-night-raw-du-29-juillet-2019\/\">cliquer ici<\/a>, pour les r\u00e9sultats <a href=\"https:\/\/www.jdx.info\/lutte\/2019\/07\/29\/resultats-du-wwe-monday-night-raw-du-29-juillet\/\">c&rsquo;est ici<\/a>.<\/p>\n\n\n\n<blockquote class=\"twitter-tweet\"><p lang=\"en\" dir=\"ltr\">UPDATE: WWE Digital reached out to <a href=\"https:\/\/twitter.com\/WWERollins?ref_src=twsrc%5Etfw\">@WWERollins<\/a> for an update on his medical condition, but he has requested WWE not release any information regarding his medical condition following Monday night\u2019s attack from <a href=\"https:\/\/twitter.com\/BrockLesnar?ref_src=twsrc%5Etfw\">@BrockLesnar<\/a>. <a href=\"https:\/\/t.co\/ILAoRWiZ7u\">https:\/\/t.co\/ILAoRWiZ7u<\/a><\/p>\u2014 WWE (@WWE) <a href=\"https:\/\/twitter.com\/WWE\/status\/1156259786146615296?ref_src=twsrc%5Etfw\">July 30, 2019<\/a><\/blockquote> <script async=\"\" src=\"https:\/\/platform.twitter.com\/widgets.js\" charset=\"utf-8\"><\/script>\n<p><\/p>","protected":false},"excerpt":{"rendered":"<p>Le tout c&rsquo;est pass\u00e9 lundi soir \u00e0 RAW, Seth Rollins a \u00e9t\u00e9 la victime de Brock Lesnar lors de la derni\u00e8re \u00e9dition du WWE Monday Night RAW du 29 juillet. Jusqu&rsquo;\u00e0 maintenant la WWE n&rsquo;avait pas communiqu\u00e9 de mise \u00e0 jour au sujet de la condition de Seth Rollins. Voil\u00e0 que la f\u00e9d\u00e9ration a mit&#8230;<\/p>\n","protected":false},"author":2,"featured_media":8381,"comment_status":"open","ping_status":"closed","sticky":false,"template":"","format":"standard","meta":{"footnotes":""},"categories":[4,23],"tags":[],"ppma_author":[287],"class_list":["post-8380","post","type-post","status-publish","format-standard","has-post-thumbnail","hentry","category-news","category-wwe"],"authors":[{"term_id":287,"user_id":2,"is_guest":0,"slug":"jason","display_name":"Jason Desc\u00f4teaux","avatar_url":"https:\/\/secure.gravatar.com\/avatar\/f64adf6d13198c3a532c061cecd8672089a1e9a3d07c702dffe886a7e55a15eb?s=96&d=mm&r=g","0":null,"1":"","2":"","3":"","4":"","5":"","6":"","7":"","8":""}],"_links":{"self":[{"href":"https:\/\/www.jdx.info\/lutte\/wp-json\/wp\/v2\/posts\/8380","targetHints":{"allow":["GET"]}}],"collection":[{"href":"https:\/\/www.jdx.info\/lutte\/wp-json\/wp\/v2\/posts"}],"about":[{"href":"https:\/\/www.jdx.info\/lutte\/wp-json\/wp\/v2\/types\/post"}],"author":[{"embeddable":true,"href":"https:\/\/www.jdx.info\/lutte\/wp-json\/wp\/v2\/users\/2"}],"replies":[{"embeddable":true,"href":"https:\/\/www.jdx.info\/lutte\/wp-json\/wp\/v2\/comments?post=8380"}],"version-history":[{"count":3,"href":"https:\/\/www.jdx.info\/lutte\/wp-json\/wp\/v2\/posts\/8380\/revisions"}],"predecessor-version":[{"id":8384,"href":"https:\/\/www.jdx.info\/lutte\/wp-json\/wp\/v2\/posts\/8380\/revisions\/8384"}],"wp:featuredmedia":[{"embeddable":true,"href":"https:\/\/www.jdx.info\/lutte\/wp-json\/wp\/v2\/media\/8381"}],"wp:attachment":[{"href":"https:\/\/www.jdx.info\/lutte\/wp-json\/wp\/v2\/media?parent=8380"}],"wp:term":[{"taxonomy":"category","embeddable":true,"href":"https:\/\/www.jdx.info\/lutte\/wp-json\/wp\/v2\/categories?post=8380"},{"taxonomy":"post_tag","embeddable":true,"href":"https:\/\/www.jdx.info\/lutte\/wp-json\/wp\/v2\/tags?post=8380"},{"taxonomy":"author","embeddable":true,"href":"https:\/\/www.jdx.info\/lutte\/wp-json\/wp\/v2\/ppma_author?post=8380"}],"curies":[{"name":"wp","href":"https:\/\/api.w.org\/{rel}","templated":true}]}}