{"id":8378,"date":"2019-07-30T14:49:49","date_gmt":"2019-07-30T18:49:49","guid":{"rendered":"http:\/\/www.jdx.info\/lutte\/?p=8378"},"modified":"2019-07-30T14:57:25","modified_gmt":"2019-07-30T18:57:25","slug":"un-mask-vs-hair-en-preparation-pour-summerslam","status":"publish","type":"post","link":"https:\/\/www.jdx.info\/lutte\/2019\/07\/30\/un-mask-vs-hair-en-preparation-pour-summerslam\/","title":{"rendered":"Un Mask vs Hair en Pr\u00e9paration pour SummerSlam!"},"content":{"rendered":"\n<p> Il y a des sp\u00e9culations entourant la WWE pour faire un match Mask vs Hair entre Rey Mysterio et Andrade pour le plus gros PPV de l&rsquo;\u00e9t\u00e9, le WWE SummerSlam.<\/p>\n\n\n\n<p>Lundi soir \u00e0 RAW, Andrade a d\u00e9chir\u00e9 le masque de Rey Mysterio apr\u00e8s que le Luchador l\u2019a \u00e9limin\u00e9 du Gauntlet Match, ce qui a permis \u00e0 Ricochet de devenir l&rsquo;aspirant obligatoire du titre des USA \u00e0 SummerSlam contre Aj Styles.<\/p>\n\n\n\n<p>Ci-dessous, une vid\u00e9o post-RAW, de Sarah Schreiber parlant \u00e0 Mysterio de ce qui est arriv\u00e9 avec Andrade. Rey dit qu&rsquo;il a maintenant deux objectifs: r\u00e9cup\u00e9rer le titre des \u00c9tats-Unis et faire payer Andrade pour ce qu&rsquo;il a fait avec son masque. Schreiber a demand\u00e9 \u00e0 Rey \u00e0 quel point il \u00e9tait d\u00e9\u00e7u de ne pas avoir obtenu le match pour le titre des USA \u00e0 SummerSlam.<\/p>\n\n\n\n<iframe loading=\"lazy\" width=\"560\" height=\"315\" src=\"https:\/\/www.youtube.com\/embed\/tWwKl3NKF-k\" frameborder=\"0\" allow=\"accelerometer; autoplay; encrypted-media; gyroscope; picture-in-picture\" allowfullscreen=\"\"><\/iframe>\n\n\n\n<blockquote class=\"wp-block-quote is-layout-flow wp-block-quote-is-layout-flow\"><p>\u00abC\u2019est quand on pense au travail acharn\u00e9 que vous avez mis et cela prouve que j\u2019ai vraiment travaill\u00e9 tr\u00e8s fort, mais pas assez. J\u2019avais besoin de faire deux tours de plus, et ce soir n\u2019\u00e9tait pas mon soir. Mais je ne vivrai pas avec ce poids sur le dos pour toujours. C&rsquo;est juste une mauvaise soir\u00e9e qui s&rsquo;est pass\u00e9e, m\u00eame si les circonstances \u00e9taient un peu horribles parce que les seuls personne qui avaient enlev\u00e9 mon masque dans le pass\u00e9, \u00e9tait Eddie Guerrero et Randy Orton, et maintenant Andrade l&rsquo;a arrach\u00e9 . Vous savez, j&rsquo;ai maintenant deux  objectifs principaux: r\u00e9cup\u00e9rer le titre des USA et ensuite, prendre soin d&rsquo;Andrade pour ce qu&rsquo;il m&rsquo;a fait \u00bb, a d\u00e9clar\u00e9 Mysterio.<\/p><\/blockquote>\n\n\n\n<p>La WWE n&rsquo;a pas encore confirm\u00e9 de stipulation Hair vs Mask pour SummerSlam, ni de match entre les deux mexicains mais elle fait couler la possibilit\u00e9 du match sur les m\u00e9dias sociaux. Comme on peut le voir ci-dessous, Andrade a repris le message de la compagnie sur Twitter et Instagram pour Rey.<\/p>\n\n\n\n<p>\u201cJe suis le nouveau visage des latinos !!! Je terminerai avec l&rsquo;h\u00e9ritage de #ReyMistero \u00bb, a tweet\u00e9 Andrade.<\/p>\n\n\n\n<p>Il a ajout\u00e9 sur Instagram: \u00ab\u00a0J&rsquo;ai tellement appr\u00e9ci\u00e9 ce moment, je me suis souvenu de mon temps au Mexique quand je le faisais chaque semaine !!!\u00a0\u00bb <\/p>\n\n\n\n<p> Pour voir ce RAW vous \u00eates libre de\u00a0<a href=\"https:\/\/www.jdx.info\/lutte\/2019\/07\/29\/regardez-le-wwe-monday-night-raw-du-29-juillet-2019\/\">cliquer ici<\/a>, pour les r\u00e9sultats\u00a0<a href=\"https:\/\/www.jdx.info\/lutte\/2019\/07\/29\/resultats-du-wwe-monday-night-raw-du-29-juillet\/\">c\u2019est ici<\/a>. <\/p>\n\n\n\n<center><p><script async=\"\" src=\"https:\/\/pagead2.googlesyndication.com\/pagead\/js\/adsbygoogle.js\"><\/script>\n<ins class=\"adsbygoogle\" style=\"display:block; text-align:center;\" data-ad-layout=\"in-article\" data-ad-format=\"fluid\" data-ad-client=\"ca-pub-1986975368136072\" data-ad-slot=\"7818521013\"><\/ins>\n<script>\n     (adsbygoogle = window.adsbygoogle || []).push({});\n<\/script><\/p><\/center>\n\n\n\n\n<blockquote class=\"twitter-tweet\"><p lang=\"en\" dir=\"ltr\">I am the new face of Latinos!!! I will end with the legacy of <a href=\"https:\/\/twitter.com\/hashtag\/ReyMistero?src=hash&amp;ref_src=twsrc%5Etfw\">#ReyMistero<\/a> <a href=\"https:\/\/t.co\/xU8Roj15uq\">https:\/\/t.co\/xU8Roj15uq<\/a><\/p>\u2014 \u201cEL IDOLO\u201d ANDRADE (@AndradeCienWWE) <a href=\"https:\/\/twitter.com\/AndradeCienWWE\/status\/1156015926493339649?ref_src=twsrc%5Etfw\">July 30, 2019<\/a><\/blockquote> <script async=\"\" src=\"https:\/\/platform.twitter.com\/widgets.js\" charset=\"utf-8\"><\/script>\n\n\n\n<p>Vous \u00eates libre  de suivre d\u00e8s maintenant Info-Lutte via <a href=\"https:\/\/www.facebook.com\/InfoLuttenet\/\">Facebook <\/a>ou <a href=\"https:\/\/twitter.com\/InfoLutte\">Twitter @INFOLUTTE<\/a>. Et merci ne ne pas quitter sans visiter ce qui est autour du site  pour nous aider \u00e0 vous en offrir toujours plus, ici m\u00eame sur votre site pr\u00e9f\u00e9r\u00e9<\/p>\n\n\n\n<p><br>\nVous voulez faire parti de l&rsquo;\u00e9quipe, contactez moi via Facebook en <a href=\"https:\/\/www.facebook.com\/JasonDarkCashDescoteaux\/\">cliquant ici<\/a><\/p>\n<p><\/p>","protected":false},"excerpt":{"rendered":"<p>Il y a des sp\u00e9culations entourant la WWE pour faire un match Mask vs Hair entre Rey Mysterio et Andrade pour le plus gros PPV de l&rsquo;\u00e9t\u00e9, le WWE SummerSlam. Lundi soir \u00e0 RAW, Andrade a d\u00e9chir\u00e9 le masque de Rey Mysterio apr\u00e8s que le Luchador l\u2019a \u00e9limin\u00e9 du Gauntlet Match, ce qui a permis&#8230;<\/p>\n","protected":false},"author":2,"featured_media":8388,"comment_status":"open","ping_status":"closed","sticky":false,"template":"","format":"standard","meta":{"footnotes":""},"categories":[4,23],"tags":[],"ppma_author":[287],"class_list":["post-8378","post","type-post","status-publish","format-standard","has-post-thumbnail","hentry","category-news","category-wwe"],"authors":[{"term_id":287,"user_id":2,"is_guest":0,"slug":"jason","display_name":"Jason Desc\u00f4teaux","avatar_url":"https:\/\/secure.gravatar.com\/avatar\/f64adf6d13198c3a532c061cecd8672089a1e9a3d07c702dffe886a7e55a15eb?s=96&d=mm&r=g","0":null,"1":"","2":"","3":"","4":"","5":"","6":"","7":"","8":""}],"_links":{"self":[{"href":"https:\/\/www.jdx.info\/lutte\/wp-json\/wp\/v2\/posts\/8378","targetHints":{"allow":["GET"]}}],"collection":[{"href":"https:\/\/www.jdx.info\/lutte\/wp-json\/wp\/v2\/posts"}],"about":[{"href":"https:\/\/www.jdx.info\/lutte\/wp-json\/wp\/v2\/types\/post"}],"author":[{"embeddable":true,"href":"https:\/\/www.jdx.info\/lutte\/wp-json\/wp\/v2\/users\/2"}],"replies":[{"embeddable":true,"href":"https:\/\/www.jdx.info\/lutte\/wp-json\/wp\/v2\/comments?post=8378"}],"version-history":[{"count":9,"href":"https:\/\/www.jdx.info\/lutte\/wp-json\/wp\/v2\/posts\/8378\/revisions"}],"predecessor-version":[{"id":8396,"href":"https:\/\/www.jdx.info\/lutte\/wp-json\/wp\/v2\/posts\/8378\/revisions\/8396"}],"wp:featuredmedia":[{"embeddable":true,"href":"https:\/\/www.jdx.info\/lutte\/wp-json\/wp\/v2\/media\/8388"}],"wp:attachment":[{"href":"https:\/\/www.jdx.info\/lutte\/wp-json\/wp\/v2\/media?parent=8378"}],"wp:term":[{"taxonomy":"category","embeddable":true,"href":"https:\/\/www.jdx.info\/lutte\/wp-json\/wp\/v2\/categories?post=8378"},{"taxonomy":"post_tag","embeddable":true,"href":"https:\/\/www.jdx.info\/lutte\/wp-json\/wp\/v2\/tags?post=8378"},{"taxonomy":"author","embeddable":true,"href":"https:\/\/www.jdx.info\/lutte\/wp-json\/wp\/v2\/ppma_author?post=8378"}],"curies":[{"name":"wp","href":"https:\/\/api.w.org\/{rel}","templated":true}]}}