{"id":829,"date":"2019-03-21T18:36:36","date_gmt":"2019-03-21T18:36:36","guid":{"rendered":"http:\/\/www.jdx.info\/lutte\/?p=829"},"modified":"2019-03-21T20:25:59","modified_gmt":"2019-03-21T20:25:59","slug":"nouvelle-signature-a-la-aew","status":"publish","type":"post","link":"https:\/\/www.jdx.info\/lutte\/2019\/03\/21\/nouvelle-signature-a-la-aew\/","title":{"rendered":"Nouvelle signature \u00e0 la AEW !"},"content":{"rendered":"\n<p>Bonjour \u00e0 tous, dans cet express, d\u00e9couvrez quel talent, la AEW a r\u00e9ussi a faire signer.<\/p>\n\n\n\n<p>Dans le dernier \u00e9pisode de \u00ab\u00a0Road to Double or Nothing\u00a0\u00bb, il a \u00e9t\u00e9 annonc\u00e9 que l\u2019ancien champion des Knockouts, Allie, avait sign\u00e9 avec AEW. Sandra Grey s&rsquo;est jointe \u00e0 Allie pour faire grandir la division f\u00e9minine de la All Elite. Elle exprime \u00e9galement son enthousiasme \u00e0 l&rsquo;id\u00e9e de faire partie de la promotion et souhaite montrer aux fans ce qu&rsquo;elle peut vraiment faire. <\/p>\n\n\n\n<p>\u00ab\u00a0Je veux vraiment faire ma marque dans AEW. M\u00eame si j\u2019ai eu ces opportunit\u00e9s, maintenant, je veux vraiment montrer aux gens ce que je peux faire. Je ne sais pas si j\u2019ai eu cette chance auparavant. Obtenir une signature \u00e0 AEW\u2026 J&rsquo;ai \u00e9t\u00e9 tr\u00e8s surpris. Je ne vais pas mentir, j&rsquo;ai raccroch\u00e9, j&rsquo;ai commenc\u00e9 \u00e0 pleurer. Je voulais vraiment \u00eatre ici et je ne savais pas si c&rsquo;\u00e9tait possible. C\u2019est une bonne alternative \u00e0 ce qui existe d\u00e9j\u00e0. C\u2019est une opportunit\u00e9 pour les femmes de montrer ce que nous pouvons faire sans cha\u00eenes aux chevilles.\u00a0\u00bb<\/p>\n\n\n\n<p>La AEW tient donc ces promesses concernant la division f\u00e9minine, en signant de gros talents.<\/p>\n<p><\/p>","protected":false},"excerpt":{"rendered":"<p>Bonjour \u00e0 tous, dans cet express, d\u00e9couvrez quel talent, la AEW a r\u00e9ussi a faire signer. Dans le dernier \u00e9pisode de \u00ab\u00a0Road to Double or Nothing\u00a0\u00bb, il a \u00e9t\u00e9 annonc\u00e9 que l\u2019ancien champion des Knockouts, Allie, avait sign\u00e9 avec AEW. Sandra Grey s&rsquo;est jointe \u00e0 Allie pour faire grandir la division f\u00e9minine de la All&#8230;<\/p>\n","protected":false},"author":3,"featured_media":841,"comment_status":"open","ping_status":"closed","sticky":false,"template":"","format":"standard","meta":{"footnotes":""},"categories":[22,4],"tags":[],"ppma_author":[291],"class_list":["post-829","post","type-post","status-publish","format-standard","has-post-thumbnail","hentry","category-indy","category-news"],"authors":[{"term_id":291,"user_id":3,"is_guest":0,"slug":"amine","display_name":"Amine Benhelal","avatar_url":"https:\/\/secure.gravatar.com\/avatar\/2ac225a45c11cce8567af8f2b64e669faee748a823f5f22499aaa30f28cfa944?s=96&d=mm&r=g","0":null,"1":"","2":"","3":"","4":"","5":"","6":"","7":"","8":""}],"_links":{"self":[{"href":"https:\/\/www.jdx.info\/lutte\/wp-json\/wp\/v2\/posts\/829","targetHints":{"allow":["GET"]}}],"collection":[{"href":"https:\/\/www.jdx.info\/lutte\/wp-json\/wp\/v2\/posts"}],"about":[{"href":"https:\/\/www.jdx.info\/lutte\/wp-json\/wp\/v2\/types\/post"}],"author":[{"embeddable":true,"href":"https:\/\/www.jdx.info\/lutte\/wp-json\/wp\/v2\/users\/3"}],"replies":[{"embeddable":true,"href":"https:\/\/www.jdx.info\/lutte\/wp-json\/wp\/v2\/comments?post=829"}],"version-history":[{"count":1,"href":"https:\/\/www.jdx.info\/lutte\/wp-json\/wp\/v2\/posts\/829\/revisions"}],"predecessor-version":[{"id":831,"href":"https:\/\/www.jdx.info\/lutte\/wp-json\/wp\/v2\/posts\/829\/revisions\/831"}],"wp:featuredmedia":[{"embeddable":true,"href":"https:\/\/www.jdx.info\/lutte\/wp-json\/wp\/v2\/media\/841"}],"wp:attachment":[{"href":"https:\/\/www.jdx.info\/lutte\/wp-json\/wp\/v2\/media?parent=829"}],"wp:term":[{"taxonomy":"category","embeddable":true,"href":"https:\/\/www.jdx.info\/lutte\/wp-json\/wp\/v2\/categories?post=829"},{"taxonomy":"post_tag","embeddable":true,"href":"https:\/\/www.jdx.info\/lutte\/wp-json\/wp\/v2\/tags?post=829"},{"taxonomy":"author","embeddable":true,"href":"https:\/\/www.jdx.info\/lutte\/wp-json\/wp\/v2\/ppma_author?post=829"}],"curies":[{"name":"wp","href":"https:\/\/api.w.org\/{rel}","templated":true}]}}