{"id":82278,"date":"2023-04-02T13:56:00","date_gmt":"2023-04-02T17:56:00","guid":{"rendered":"https:\/\/www.jdx.info\/lutte\/?p=82278"},"modified":"2023-04-03T14:13:38","modified_gmt":"2023-04-03T18:13:38","slug":"thunder-rosa-ne-croit-pas-etre-medicalement-libre-bientot-gisele-shaw-soutenue-par-impact","status":"publish","type":"post","link":"https:\/\/www.jdx.info\/lutte\/2023\/04\/02\/thunder-rosa-ne-croit-pas-etre-medicalement-libre-bientot-gisele-shaw-soutenue-par-impact\/","title":{"rendered":"Thunder Rosa ne croit pas \u00eatre m\u00e9dicalement libre bient\u00f4t! \/ Gis\u00e8le Shaw soutenue par Impact!"},"content":{"rendered":"\n<p>Thunder Rosa fait le point sur le moment o\u00f9 elle pourrait revenir sur le ring pour AEW.<\/p>\n\n\n\n<p>La Mera Mera est hors de combat avec une blessure au dos depuis l&rsquo;automne 2022, une blessure qui l&rsquo;a forc\u00e9e \u00e0 renoncer \u00e0 son titre f\u00e9minin AEW avant de le d\u00e9fendre contre Toni Storm \u00e0 ALL OUT.\u00a0Rosa est depuis revenue \u00e0 la AEW pour faire des commentaires aux c\u00f4t\u00e9s de l&rsquo;\u00e9quipe de langue espagnole, mais n&rsquo;a pas concouru depuis.<\/p>\n\n\n\n<p>Rosa a \u00e9t\u00e9 interrog\u00e9e sur son statut lors d&rsquo;une apparition \u00e0 la\u00a0<a href=\"https:\/\/player.siriusxm.com\/\" target=\"_blank\" rel=\"noreferrer noopener\">Busted Open WrestleMania Party<\/a>\u00a0.\u00a0Voici ce qu&rsquo;elle avait \u00e0 dire:<\/p>\n\n\n\n<blockquote class=\"wp-block-quote is-layout-flow wp-block-quote-is-layout-flow\">\n<p>C&rsquo;est la question que tout le monde me pose lors des d\u00e9dicaces.\u00a0Malheureusement, je n&rsquo;ai pas \u00e9t\u00e9 autoris\u00e9 et je ne pense pas que je vais \u00eatre autoris\u00e9 de si t\u00f4t.\u00a0J&rsquo;ai besoin d&rsquo;un autre IRM.<\/p>\n<\/blockquote>\n\n\n\n<p>La superstar f\u00e9minine AEW, Britt Baker, a appel\u00e9 Rosa lors de la bande-annonce de la nouvelle s\u00e9rie t\u00e9l\u00e9-r\u00e9alit\u00e9, All Access.\u00a0Dans une r\u00e9cente interview, elle a expliqu\u00e9 pourquoi elle avait pris ces clich\u00e9s et pourquoi elle ne se sentait pas mal \u00e0 ce sujet.\u00a0<\/p>\n\n\n\n<center><p><script async=\"\" src=\"https:\/\/pagead2.googlesyndication.com\/pagead\/js\/adsbygoogle.js\"><\/script>\n<ins class=\"adsbygoogle\" style=\"display:block; text-align:center;\" data-ad-layout=\"in-article\" data-ad-format=\"fluid\" data-ad-client=\"ca-pub-1986975368136072\" data-ad-slot=\"7818521013\"><\/ins>\n<script>\n     (adsbygoogle = window.adsbygoogle || []).push({});\n<\/script><\/p><\/center>\n\n\n\n\n<p>WrestleCon a publi\u00e9 une d\u00e9claration sur l\u2019incident entre Gis\u00e8le Shaw et Rick Steiner. Rick Steiner a \u00e9t\u00e9 bannie des \u00e9v\u00e9nements WrestleCon restants :<\/p>\n\n\n\n<blockquote class=\"wp-block-quote is-layout-flow wp-block-quote-is-layout-flow\">\n<p class=\"has-black-color has-text-color\">WrestleCon regrette les \u00e9v\u00e9nements qui ont eu lieu lors de la convention d\u2019hier et s\u2019excuse aupr\u00e8s de Gisele Shaw. Nous visons \u00e0 promouvoir un environnement s\u00fbr et inclusif pour tous les membres LGBTQAI+ de la communaut\u00e9 de lutte. Le probl\u00e8me a \u00e9t\u00e9 r\u00e9solu et nous esp\u00e9rons que le reste de la convention pourra \u00eatre une exp\u00e9rience positive pour tous.<\/p>\n<\/blockquote>\n\n\n\n<p>Impact a \u00e9galement soutenu sa lutteuses avec la d\u00e9claration est ci-dessous.<\/p>\n\n\n\n<blockquote class=\"wp-block-quote is-layout-flow wp-block-quote-is-layout-flow\">\n<p>IMPACT Wrestling soutient pleinement @ GiseleShaw08 et la communaut\u00e9 LGBTQ +. Nous sommes attrist\u00e9s par l\u2019incident de vendredi apr\u00e8s-midi \u00e0 la Wrestlecon de Los Angeles et esp\u00e9rons que tout le monde pourra en tirer des le\u00e7ons et s\u2019en am\u00e9liorer.<\/p>\n\n\n\n<p>Merci aux millions de personnes dans le monde qui ont lu la d\u00e9claration de Gis\u00e8le et lui ont montr\u00e9 leur soutien total. Des remerciements particuliers vont au personnel organisateur de Wrestlecon ainsi qu\u2019au roster et \u00e0 l\u2019encadrement d\u2019IMPACT qui ont tous g\u00e9r\u00e9 une situation laide avec le plus grand professionnalisme.<\/p>\n<\/blockquote>\n<p><\/p>","protected":false},"excerpt":{"rendered":"<p>Thunder Rosa fait le point sur le moment o\u00f9 elle pourrait revenir sur le ring pour AEW. La Mera Mera est hors de combat avec une blessure au dos depuis l&rsquo;automne 2022, une blessure qui l&rsquo;a forc\u00e9e \u00e0 renoncer \u00e0 son titre f\u00e9minin AEW avant de le d\u00e9fendre contre Toni Storm \u00e0 ALL OUT.\u00a0Rosa est&#8230;<\/p>\n","protected":false},"author":665,"featured_media":82335,"comment_status":"open","ping_status":"closed","sticky":false,"template":"","format":"standard","meta":{"footnotes":""},"categories":[38,24,22,4,61,41],"tags":[],"ppma_author":[289],"class_list":["post-82278","post","type-post","status-publish","format-standard","has-post-thumbnail","hentry","category-aew","category-aew-impact-njpw-roh","category-indy","category-news","category-nwa","category-tna-impact"],"authors":[{"term_id":289,"user_id":665,"is_guest":0,"slug":"line","display_name":"Line Edmond","avatar_url":"https:\/\/secure.gravatar.com\/avatar\/852de09636413c90cdaa278312f9ea5bc4396768745424755cb63d99a05989d0?s=96&d=mm&r=g","0":null,"1":"","2":"","3":"","4":"","5":"","6":"","7":"","8":""}],"_links":{"self":[{"href":"https:\/\/www.jdx.info\/lutte\/wp-json\/wp\/v2\/posts\/82278","targetHints":{"allow":["GET"]}}],"collection":[{"href":"https:\/\/www.jdx.info\/lutte\/wp-json\/wp\/v2\/posts"}],"about":[{"href":"https:\/\/www.jdx.info\/lutte\/wp-json\/wp\/v2\/types\/post"}],"author":[{"embeddable":true,"href":"https:\/\/www.jdx.info\/lutte\/wp-json\/wp\/v2\/users\/665"}],"replies":[{"embeddable":true,"href":"https:\/\/www.jdx.info\/lutte\/wp-json\/wp\/v2\/comments?post=82278"}],"version-history":[{"count":2,"href":"https:\/\/www.jdx.info\/lutte\/wp-json\/wp\/v2\/posts\/82278\/revisions"}],"predecessor-version":[{"id":82336,"href":"https:\/\/www.jdx.info\/lutte\/wp-json\/wp\/v2\/posts\/82278\/revisions\/82336"}],"wp:featuredmedia":[{"embeddable":true,"href":"https:\/\/www.jdx.info\/lutte\/wp-json\/wp\/v2\/media\/82335"}],"wp:attachment":[{"href":"https:\/\/www.jdx.info\/lutte\/wp-json\/wp\/v2\/media?parent=82278"}],"wp:term":[{"taxonomy":"category","embeddable":true,"href":"https:\/\/www.jdx.info\/lutte\/wp-json\/wp\/v2\/categories?post=82278"},{"taxonomy":"post_tag","embeddable":true,"href":"https:\/\/www.jdx.info\/lutte\/wp-json\/wp\/v2\/tags?post=82278"},{"taxonomy":"author","embeddable":true,"href":"https:\/\/www.jdx.info\/lutte\/wp-json\/wp\/v2\/ppma_author?post=82278"}],"curies":[{"name":"wp","href":"https:\/\/api.w.org\/{rel}","templated":true}]}}