{"id":8168,"date":"2019-07-27T15:00:41","date_gmt":"2019-07-27T19:00:41","guid":{"rendered":"http:\/\/www.jdx.info\/lutte\/?p=8168"},"modified":"2019-07-27T15:00:44","modified_gmt":"2019-07-27T19:00:44","slug":"donald-trump-en-pourparler-avec-la-wwe-a-la-demande-de-fox-il-veut-etre-plus-grand-quobama","status":"publish","type":"post","link":"https:\/\/www.jdx.info\/lutte\/2019\/07\/27\/donald-trump-en-pourparler-avec-la-wwe-a-la-demande-de-fox-il-veut-etre-plus-grand-quobama\/","title":{"rendered":"Donald Trump en Pourparler avec la WWE \u00e0 la Demande de FOX! Il Veut \u00catre plus Grand qu&rsquo;Obama!"},"content":{"rendered":"\n<p>Il y a quelques semaines, on apprenait sur les Internets que <strong>Donald Trump<\/strong> pourrait appara\u00eetre lors d&rsquo;un \u00e9pisode de SmackDown.  C&rsquo;est <strong>FOX<\/strong> qui aurait demand\u00e9 d&rsquo;avoir le pr\u00e9sident des \u00c9tats-Unis, une  fois que le show bleu sera diffus\u00e9 sur le r\u00e9seau, en octobre prochain.  Ayant une bonne relation avec Donald Trump qui est d&rsquo;ailleurs au temple de la renomm\u00e9 de la WWE, la f\u00e9d\u00e9ration de Stamford aurait alors commenc\u00e9 les discussions et  elles iraient dans le bon sens. Notons que Trump a \u00e9galement des liens  avec FOX.<\/p>\n\n\n\n<p>Selon notre source via <strong>FOX<\/strong> et une autre de la WWE, les discussions auraient progress\u00e9 au point que la WWE et l&rsquo;\u00e9quipe de Donald Trump feraient d\u00e9sormais partie de la conversation.  Rappelez-vous, Stephanie McMahon avait approch\u00e9 le directeur de  communication de la Maison Blanche ainsi que son secr\u00e9taire de presse pour n\u00e9gocier. Le pr\u00e9sident aurait d&rsquo;ailleurs montr\u00e9 de l&rsquo;int\u00e9r\u00eat pour appara\u00eetre dans le show bleu.\u00a0<\/p>\n\n\n\n<p>Si Donald Trump appara\u00eet lors d&rsquo;un  \u00e9pisode de SmackDown, ce ne sera pas le premier pr\u00e9sident des \u00c9tats-Unis  \u00e0 le faire puisque <strong>Barack Obama<\/strong> \u00e9tait bri\u00e8vement apparu. Ainsi,  il aurait \u00e9t\u00e9 demand\u00e9 \u00e0 la WWE que l&rsquo;apparition de Trump soit plus grande que celle d&rsquo;Obama.  Cependant, la compagnie de Stamford aurait peur de lui donner trop de  temps d&rsquo;antenne pour qu&rsquo;il en profite pour faire une performance  pr\u00e9sidentielle. Pour \u00e9viter ceci, en plus de probl\u00e8mes de s\u00e9curit\u00e9  potentiels, la WWE pourrait faire un segment enregistr\u00e9.<\/p>\n\n\n\n<p>Pour l&rsquo;instant aucun accord n&rsquo;aurait \u00e9t\u00e9 conclu mais il est tr\u00e8s possible que Donald Trump finisse par appara\u00eetre \u00e0 SmackDown lorsque le show sera diffus\u00e9 sur le groupe <strong>FOX<\/strong> qui appartient \u00e0 <strong>Disney<\/strong>.<\/p>\n<p><\/p>","protected":false},"excerpt":{"rendered":"<p>Il y a quelques semaines, on apprenait sur les Internets que Donald Trump pourrait appara\u00eetre lors d&rsquo;un \u00e9pisode de SmackDown. C&rsquo;est FOX qui aurait demand\u00e9 d&rsquo;avoir le pr\u00e9sident des \u00c9tats-Unis, une fois que le show bleu sera diffus\u00e9 sur le r\u00e9seau, en octobre prochain. Ayant une bonne relation avec Donald Trump qui est d&rsquo;ailleurs au&#8230;<\/p>\n","protected":false},"author":2,"featured_media":8178,"comment_status":"open","ping_status":"closed","sticky":false,"template":"","format":"standard","meta":{"footnotes":""},"categories":[4,23],"tags":[],"ppma_author":[287],"class_list":["post-8168","post","type-post","status-publish","format-standard","has-post-thumbnail","hentry","category-news","category-wwe"],"authors":[{"term_id":287,"user_id":2,"is_guest":0,"slug":"jason","display_name":"Jason Desc\u00f4teaux","avatar_url":"https:\/\/secure.gravatar.com\/avatar\/f64adf6d13198c3a532c061cecd8672089a1e9a3d07c702dffe886a7e55a15eb?s=96&d=mm&r=g","0":null,"1":"","2":"","3":"","4":"","5":"","6":"","7":"","8":""}],"_links":{"self":[{"href":"https:\/\/www.jdx.info\/lutte\/wp-json\/wp\/v2\/posts\/8168","targetHints":{"allow":["GET"]}}],"collection":[{"href":"https:\/\/www.jdx.info\/lutte\/wp-json\/wp\/v2\/posts"}],"about":[{"href":"https:\/\/www.jdx.info\/lutte\/wp-json\/wp\/v2\/types\/post"}],"author":[{"embeddable":true,"href":"https:\/\/www.jdx.info\/lutte\/wp-json\/wp\/v2\/users\/2"}],"replies":[{"embeddable":true,"href":"https:\/\/www.jdx.info\/lutte\/wp-json\/wp\/v2\/comments?post=8168"}],"version-history":[{"count":1,"href":"https:\/\/www.jdx.info\/lutte\/wp-json\/wp\/v2\/posts\/8168\/revisions"}],"predecessor-version":[{"id":8179,"href":"https:\/\/www.jdx.info\/lutte\/wp-json\/wp\/v2\/posts\/8168\/revisions\/8179"}],"wp:featuredmedia":[{"embeddable":true,"href":"https:\/\/www.jdx.info\/lutte\/wp-json\/wp\/v2\/media\/8178"}],"wp:attachment":[{"href":"https:\/\/www.jdx.info\/lutte\/wp-json\/wp\/v2\/media?parent=8168"}],"wp:term":[{"taxonomy":"category","embeddable":true,"href":"https:\/\/www.jdx.info\/lutte\/wp-json\/wp\/v2\/categories?post=8168"},{"taxonomy":"post_tag","embeddable":true,"href":"https:\/\/www.jdx.info\/lutte\/wp-json\/wp\/v2\/tags?post=8168"},{"taxonomy":"author","embeddable":true,"href":"https:\/\/www.jdx.info\/lutte\/wp-json\/wp\/v2\/ppma_author?post=8168"}],"curies":[{"name":"wp","href":"https:\/\/api.w.org\/{rel}","templated":true}]}}