{"id":8120,"date":"2019-07-25T15:36:06","date_gmt":"2019-07-25T19:36:06","guid":{"rendered":"http:\/\/www.jdx.info\/lutte\/?p=8120"},"modified":"2019-07-25T16:02:06","modified_gmt":"2019-07-25T20:02:06","slug":"brock-lesnar-jusqua-summerslam","status":"publish","type":"post","link":"https:\/\/www.jdx.info\/lutte\/2019\/07\/25\/brock-lesnar-jusqua-summerslam\/","title":{"rendered":"Brock Lesnar jusqu&rsquo;\u00e0 SummerSlam! Le Moral des SuperStars de la WWE Remonte et plus!"},"content":{"rendered":"\n<p>Comme vous le savez, les derni\u00e8res semaines ont \u00e9t\u00e9 plut\u00f4t  dures \u00e0 la WWE. Les shows \u00e9taient discutables, l&rsquo;audience d\u00e9gringolait plus qu&rsquo;\u00e0 la normal en \u00e9t\u00e9, et tout cela jouait sur le moral des SuperStars qui \u00e9tait lui aussi en baisse dans  les coulisses. Vince McMahon a donc d\u00fb prendre une d\u00e9cision importante  en nommant Paul Heyman \u00e0 la t\u00eate de RAW et Eric Bischoff \u00e0 celle de  SmackDown Live. Ainsi, les choses semblent tranquillement s&rsquo;am\u00e9liorer et les \u00e9v\u00e9nements de cette semaine ont visiblement fait beaucoup de bien.<\/p>\n\n\n\n<p>A en croire nos  sources, le moral \u00e9tait extr\u00eamement bon dans les coulisses de RAW et SmackDown Live cette semaine.  On parle m\u00eame d&rsquo;une \u00ab\u00a0atmosph\u00e8re rafra\u00eechissante\u00a0\u00bb. Cette  bonne ambiance serait due en grande partie aux Hall of Famers qui ont  fait le d\u00e9placement pour le RAW Reunion. Ces derniers auraient eu une tr\u00e8s bonne attitude qui aurait regonfl\u00e9 le moral du vestiaire.<\/p>\n\n\n\n<p>&#8211; Sans transitions, nous vous avons annonc\u00e9 hier que  Brock Lesnar sera au RAW le29 juillet prochain mais  sera \u00e9galement bien pr\u00e9sent tout le long de la route vers Summerslam le 11  ao\u00fbt. Il a en effet \u00e9t\u00e9 confirm\u00e9 que le champion appara\u00eetra aux deux  derniers RAW avant le PPV, soit \u00e0 Little Rock en Arkansas ce lundi,  et \u00e0 Pittsburgh en Pennsylvanie le 5 ao\u00fbt.<\/p>\n\n\n\n<p> Il devrait \u00e9galement \u00eatre l\u00e0 au lendemain pour c\u00e9l\u00e9brer sa victoire ou se f\u00e2cher sur sa d\u00e9faite mais pour le moment nous attendons toujours la confirmation de la part de la WWE \u00e0 savoir s&rsquo;il sera toujours \u00e0 Toronto apr\u00e8s SummerSlam.<\/p>\n\n\n\n<p>Vous pouvez prendre note de la carte de SummerSlam en <a href=\"https:\/\/www.jdx.info\/lutte\/2019\/07\/24\/carte-actuelle-du-wwe-summerslam-2019\/\">cliquant ici<\/a>.<br><br><br><br><\/p>\n<p><\/p>","protected":false},"excerpt":{"rendered":"<p>Comme vous le savez, les derni\u00e8res semaines ont \u00e9t\u00e9 plut\u00f4t dures \u00e0 la WWE. Les shows \u00e9taient discutables, l&rsquo;audience d\u00e9gringolait plus qu&rsquo;\u00e0 la normal en \u00e9t\u00e9, et tout cela jouait sur le moral des SuperStars qui \u00e9tait lui aussi en baisse dans les coulisses. Vince McMahon a donc d\u00fb prendre une d\u00e9cision importante en nommant&#8230;<\/p>\n","protected":false},"author":4,"featured_media":8127,"comment_status":"open","ping_status":"closed","sticky":false,"template":"","format":"standard","meta":{"footnotes":""},"categories":[4,23],"tags":[],"ppma_author":[292],"class_list":["post-8120","post","type-post","status-publish","format-standard","has-post-thumbnail","hentry","category-news","category-wwe"],"authors":[{"term_id":292,"user_id":4,"is_guest":0,"slug":"jean","display_name":"Jean Vinnier","avatar_url":"https:\/\/secure.gravatar.com\/avatar\/33aba0263fd870a0b487e0e079ff407e10e3997c9d2987cbcc0db0db2c5c75a9?s=96&d=mm&r=g","0":null,"1":"","2":"","3":"","4":"","5":"","6":"","7":"","8":""}],"_links":{"self":[{"href":"https:\/\/www.jdx.info\/lutte\/wp-json\/wp\/v2\/posts\/8120","targetHints":{"allow":["GET"]}}],"collection":[{"href":"https:\/\/www.jdx.info\/lutte\/wp-json\/wp\/v2\/posts"}],"about":[{"href":"https:\/\/www.jdx.info\/lutte\/wp-json\/wp\/v2\/types\/post"}],"author":[{"embeddable":true,"href":"https:\/\/www.jdx.info\/lutte\/wp-json\/wp\/v2\/users\/4"}],"replies":[{"embeddable":true,"href":"https:\/\/www.jdx.info\/lutte\/wp-json\/wp\/v2\/comments?post=8120"}],"version-history":[{"count":3,"href":"https:\/\/www.jdx.info\/lutte\/wp-json\/wp\/v2\/posts\/8120\/revisions"}],"predecessor-version":[{"id":8126,"href":"https:\/\/www.jdx.info\/lutte\/wp-json\/wp\/v2\/posts\/8120\/revisions\/8126"}],"wp:featuredmedia":[{"embeddable":true,"href":"https:\/\/www.jdx.info\/lutte\/wp-json\/wp\/v2\/media\/8127"}],"wp:attachment":[{"href":"https:\/\/www.jdx.info\/lutte\/wp-json\/wp\/v2\/media?parent=8120"}],"wp:term":[{"taxonomy":"category","embeddable":true,"href":"https:\/\/www.jdx.info\/lutte\/wp-json\/wp\/v2\/categories?post=8120"},{"taxonomy":"post_tag","embeddable":true,"href":"https:\/\/www.jdx.info\/lutte\/wp-json\/wp\/v2\/tags?post=8120"},{"taxonomy":"author","embeddable":true,"href":"https:\/\/www.jdx.info\/lutte\/wp-json\/wp\/v2\/ppma_author?post=8120"}],"curies":[{"name":"wp","href":"https:\/\/api.w.org\/{rel}","templated":true}]}}