{"id":8061,"date":"2019-07-24T13:23:33","date_gmt":"2019-07-24T17:23:33","guid":{"rendered":"http:\/\/www.jdx.info\/lutte\/?p=8061"},"modified":"2019-07-24T13:23:57","modified_gmt":"2019-07-24T17:23:57","slug":"eric-bischoff-toujours-en-formation-pour-smackdown-live-mais-bien-present","status":"publish","type":"post","link":"https:\/\/www.jdx.info\/lutte\/2019\/07\/24\/eric-bischoff-toujours-en-formation-pour-smackdown-live-mais-bien-present\/","title":{"rendered":"Eric Bischoff Toujours en Formation pour Smackdown Live mais bien Pr\u00e9sent!"},"content":{"rendered":"\n<p>Si d&rsquo;un c\u00f4t\u00e9, Paul Heyman a la main mise  sur RAW, de l&rsquo;autre, Eric Bischoff prend un peu plus de temps avec  SmackDown. La semaine derni\u00e8re, alors qu&rsquo;on croyait qu&rsquo;il d\u00e9buterait son  r\u00f4le de directeur ex\u00e9cutif tout comme Heyman, il n&rsquo;aurait \u00e9t\u00e9 en aucun cas responsable du show du mardi soir. Selon ce qu&rsquo;on sait, il n&rsquo;aurait m\u00eame pas particip\u00e9 aux r\u00e9unions la semaine derni\u00e8re pour finalement apprendre qu&rsquo;il commencerait son r\u00f4le cette semaine mais en observateur. <\/p>\n\n\n\n<p>Notre source normalement fiable, nous r\u00e9v\u00e8le qu&rsquo;Eric Bischoff aurait bien particip\u00e9 aux r\u00e9unions de production pour l&rsquo;\u00e9pisode du SmackDown Live de cette semaine. Cependant, il n&rsquo;aurait pas \u00e9t\u00e9 \u00e0 la t\u00eate de celles-ci, puisqu&rsquo;il aurait seulement \u00e9cout\u00e9. <\/p>\n\n\n\n<p>Comme nous vous l&rsquo;avions rapport\u00e9 il y a quelques semaines, c&rsquo;est Bruce Prichard qui est en charge d&rsquo;apprendre \u00e0 l&rsquo;ancien GM de la TNA et dirigeant de la WCW comment le tout fonctionne \u00e0 Stamford. Eric Bischoff ne deviendra donc pas  directeur ex\u00e9cutif du jour au lendemain, et le sera au fil des semaines,  le temps de bien tout apprendre, ce qui n&rsquo;est pas forcement une  mauvaise chose et qui va rendre JR heureux. <\/p>\n<p><\/p>","protected":false},"excerpt":{"rendered":"<p>Si d&rsquo;un c\u00f4t\u00e9, Paul Heyman a la main mise sur RAW, de l&rsquo;autre, Eric Bischoff prend un peu plus de temps avec SmackDown. La semaine derni\u00e8re, alors qu&rsquo;on croyait qu&rsquo;il d\u00e9buterait son r\u00f4le de directeur ex\u00e9cutif tout comme Heyman, il n&rsquo;aurait \u00e9t\u00e9 en aucun cas responsable du show du mardi soir. Selon ce qu&rsquo;on sait,&#8230;<\/p>\n","protected":false},"author":4,"featured_media":8062,"comment_status":"open","ping_status":"closed","sticky":false,"template":"","format":"standard","meta":{"footnotes":""},"categories":[4,23],"tags":[],"ppma_author":[292],"class_list":["post-8061","post","type-post","status-publish","format-standard","has-post-thumbnail","hentry","category-news","category-wwe"],"authors":[{"term_id":292,"user_id":4,"is_guest":0,"slug":"jean","display_name":"Jean Vinnier","avatar_url":"https:\/\/secure.gravatar.com\/avatar\/33aba0263fd870a0b487e0e079ff407e10e3997c9d2987cbcc0db0db2c5c75a9?s=96&d=mm&r=g","0":null,"1":"","2":"","3":"","4":"","5":"","6":"","7":"","8":""}],"_links":{"self":[{"href":"https:\/\/www.jdx.info\/lutte\/wp-json\/wp\/v2\/posts\/8061","targetHints":{"allow":["GET"]}}],"collection":[{"href":"https:\/\/www.jdx.info\/lutte\/wp-json\/wp\/v2\/posts"}],"about":[{"href":"https:\/\/www.jdx.info\/lutte\/wp-json\/wp\/v2\/types\/post"}],"author":[{"embeddable":true,"href":"https:\/\/www.jdx.info\/lutte\/wp-json\/wp\/v2\/users\/4"}],"replies":[{"embeddable":true,"href":"https:\/\/www.jdx.info\/lutte\/wp-json\/wp\/v2\/comments?post=8061"}],"version-history":[{"count":1,"href":"https:\/\/www.jdx.info\/lutte\/wp-json\/wp\/v2\/posts\/8061\/revisions"}],"predecessor-version":[{"id":8063,"href":"https:\/\/www.jdx.info\/lutte\/wp-json\/wp\/v2\/posts\/8061\/revisions\/8063"}],"wp:featuredmedia":[{"embeddable":true,"href":"https:\/\/www.jdx.info\/lutte\/wp-json\/wp\/v2\/media\/8062"}],"wp:attachment":[{"href":"https:\/\/www.jdx.info\/lutte\/wp-json\/wp\/v2\/media?parent=8061"}],"wp:term":[{"taxonomy":"category","embeddable":true,"href":"https:\/\/www.jdx.info\/lutte\/wp-json\/wp\/v2\/categories?post=8061"},{"taxonomy":"post_tag","embeddable":true,"href":"https:\/\/www.jdx.info\/lutte\/wp-json\/wp\/v2\/tags?post=8061"},{"taxonomy":"author","embeddable":true,"href":"https:\/\/www.jdx.info\/lutte\/wp-json\/wp\/v2\/ppma_author?post=8061"}],"curies":[{"name":"wp","href":"https:\/\/api.w.org\/{rel}","templated":true}]}}