{"id":79822,"date":"2023-01-28T13:01:00","date_gmt":"2023-01-28T18:01:00","guid":{"rendered":"https:\/\/www.jdx.info\/lutte\/?p=79822"},"modified":"2023-01-30T14:25:51","modified_gmt":"2023-01-30T19:25:51","slug":"kevin-nash-explique-son-absence-du-raw-is-xxx-sean-waltman-explique-pourquoi-il-ne-sera-pas-au-wwe-royal-rumble","status":"publish","type":"post","link":"https:\/\/www.jdx.info\/lutte\/2023\/01\/28\/kevin-nash-explique-son-absence-du-raw-is-xxx-sean-waltman-explique-pourquoi-il-ne-sera-pas-au-wwe-royal-rumble\/","title":{"rendered":"Kevin Nash Explique son Absence du RAW is XXX \/ Sean Waltman explique pourquoi il ne sera pas au WWE Royal Rumble!"},"content":{"rendered":"\n<p>Le WWE Hall of Famer Sean \u00ab&nbsp;X-Pac&nbsp;\u00bb Waltman dit qu\u2019il ne sera pas dans le WWE Royal Rumble.<\/p>\n\n\n\n<p>Waltman, qui est apparu \u00e0 l\u2019\u00e9mission sp\u00e9ciale du 30e anniversaire de RAW lundi, s\u2019est rendu sur Twitter aujourd\u2019hui et a indiqu\u00e9 qu\u2019il n\u2019\u00e9tait pas actuellement en forme de ring, mais qu\u2019il profitait vraiment de la vie.<\/p>\n\n\n\n<blockquote class=\"wp-block-quote is-layout-flow wp-block-quote-is-layout-flow\">\n<p>\u00ab&nbsp;Au cours des 8 derniers mois, j\u2019ai profit\u00e9 de la vie et j\u2019ai mang\u00e9 tout ce que je voulais. En d\u2019autres termes, il n\u2019y a aucune chance que je sois dans le Rumble. Mais j\u2019appr\u00e9cie vraiment ceux d\u2019entre vous qui ont exprim\u00e9 leur d\u00e9sir de me voir appara\u00eetre. [emoji mains jointes] \u00bb, a-t-il \u00e9crit.<\/p>\n<\/blockquote>\n\n\n\n<p>Waltman a fait son retour tant attendu sur le ring lors de deux shows de la GCW en f\u00e9vrier et mars de l\u2019ann\u00e9e derni\u00e8re. Il a fait \u00e9quipe avec Joey Janela pour une victoire sur Matt Cardona et Brian Myers lors de l\u2019\u00e9v\u00e9nement Welcome To Heartbreak le 25 f\u00e9vrier 2022, puis a perdu contre Janela au GCW Joey Janela\u2019s Spring Break 6 le 31 mars. Le retour de l\u2019anneau a eu lieu apr\u00e8s une op\u00e9ration au genou en 20214<\/p>\n\n\n\n\n\n<p>Absent des 30 ans de RAW, Kevin Nash &#8211; qu&rsquo;on appelait autrefois Diesel &#8211; a donn\u00e9 la raison pour laquelle il n&rsquo;est pas venu f\u00eater l&rsquo;anniversaire du show rouge.<\/p>\n\n\n\n<p>Dans son podcast \u00ab\u00a0Kliq This\u00a0\u00bb, le Hall of Famer de la WWE r\u00e9v\u00e8le avoir refus\u00e9 l&rsquo;invitation. Il dit ne connaitre aucun visage dans les coulisses aujourd&rsquo;hui et ne souhaitait pas que des personnes qu&rsquo;il ne connait pas viennent lui pr\u00e9senter leurs condol\u00e9ances pour son fils d\u00e9c\u00e9d\u00e9 en octobre dernier. Kevin Nash nous dit :<\/p>\n\n\n\n<blockquote class=\"wp-block-quote is-layout-flow wp-block-quote-is-layout-flow\">\n<p>\u00ab\u00a0Je ne connais plus personne, et je ne veux vraiment pas que des gens que je ne connais pas viennent me voir puis me disent : &lsquo;Je suis d\u00e9sol\u00e9 \u00e0 propos de ton fils.&rsquo; \u00ab\u00a0<\/p>\n<\/blockquote>\n\n\n\n<figure class=\"wp-block-embed is-type-wp-embed is-provider-info-lutte wp-block-embed-info-lutte\"><div class=\"wp-block-embed__wrapper\">\n<blockquote class=\"wp-embedded-content\" data-secret=\"H5r4abas1A\"><a href=\"https:\/\/www.jdx.info\/lutte\/2023\/01\/23\/resultats-et-video-pour-le-wwe-raw-is-xxx-du-23-janvier-2023\/\">R\u00e9sultats et Vid\u00e9o pour le WWE RAW is XXX du 23 Janvier 2023!<\/a><\/blockquote><iframe loading=\"lazy\" class=\"wp-embedded-content\" sandbox=\"allow-scripts\" security=\"restricted\" style=\"position: absolute; visibility: hidden;\" title=\"\u00ab\u00a0R\u00e9sultats et Vid\u00e9o pour le WWE RAW is XXX du 23 Janvier 2023!\u00a0\u00bb &#8212; Info-Lutte\" src=\"https:\/\/www.jdx.info\/lutte\/2023\/01\/23\/resultats-et-video-pour-le-wwe-raw-is-xxx-du-23-janvier-2023\/embed\/#?secret=v1yJo0keIJ#?secret=H5r4abas1A\" data-secret=\"H5r4abas1A\" width=\"600\" height=\"338\" frameborder=\"0\" marginwidth=\"0\" marginheight=\"0\" scrolling=\"no\"><\/iframe>\n<\/div><\/figure>\n<p><\/p>","protected":false},"excerpt":{"rendered":"<p>Le WWE Hall of Famer Sean \u00ab&nbsp;X-Pac&nbsp;\u00bb Waltman dit qu\u2019il ne sera pas dans le WWE Royal Rumble. Waltman, qui est apparu \u00e0 l\u2019\u00e9mission sp\u00e9ciale du 30e anniversaire de RAW lundi, s\u2019est rendu sur Twitter aujourd\u2019hui et a indiqu\u00e9 qu\u2019il n\u2019\u00e9tait pas actuellement en forme de ring, mais qu\u2019il profitait vraiment de la vie. \u00ab&nbsp;Au&#8230;<\/p>\n","protected":false},"author":665,"featured_media":79948,"comment_status":"open","ping_status":"closed","sticky":false,"template":"","format":"standard","meta":{"footnotes":""},"categories":[30,77,4,43,71,83,23],"tags":[],"ppma_author":[289],"class_list":["post-79822","post","type-post","status-publish","format-standard","has-post-thumbnail","hentry","category-ex-wwe","category-hall-of-fame","category-news","category-raw-wwe","category-royal-rumble","category-wcw","category-wwe"],"authors":[{"term_id":289,"user_id":665,"is_guest":0,"slug":"line","display_name":"Line Edmond","avatar_url":"https:\/\/secure.gravatar.com\/avatar\/852de09636413c90cdaa278312f9ea5bc4396768745424755cb63d99a05989d0?s=96&d=mm&r=g","0":null,"1":"","2":"","3":"","4":"","5":"","6":"","7":"","8":""}],"_links":{"self":[{"href":"https:\/\/www.jdx.info\/lutte\/wp-json\/wp\/v2\/posts\/79822","targetHints":{"allow":["GET"]}}],"collection":[{"href":"https:\/\/www.jdx.info\/lutte\/wp-json\/wp\/v2\/posts"}],"about":[{"href":"https:\/\/www.jdx.info\/lutte\/wp-json\/wp\/v2\/types\/post"}],"author":[{"embeddable":true,"href":"https:\/\/www.jdx.info\/lutte\/wp-json\/wp\/v2\/users\/665"}],"replies":[{"embeddable":true,"href":"https:\/\/www.jdx.info\/lutte\/wp-json\/wp\/v2\/comments?post=79822"}],"version-history":[{"count":2,"href":"https:\/\/www.jdx.info\/lutte\/wp-json\/wp\/v2\/posts\/79822\/revisions"}],"predecessor-version":[{"id":79949,"href":"https:\/\/www.jdx.info\/lutte\/wp-json\/wp\/v2\/posts\/79822\/revisions\/79949"}],"wp:featuredmedia":[{"embeddable":true,"href":"https:\/\/www.jdx.info\/lutte\/wp-json\/wp\/v2\/media\/79948"}],"wp:attachment":[{"href":"https:\/\/www.jdx.info\/lutte\/wp-json\/wp\/v2\/media?parent=79822"}],"wp:term":[{"taxonomy":"category","embeddable":true,"href":"https:\/\/www.jdx.info\/lutte\/wp-json\/wp\/v2\/categories?post=79822"},{"taxonomy":"post_tag","embeddable":true,"href":"https:\/\/www.jdx.info\/lutte\/wp-json\/wp\/v2\/tags?post=79822"},{"taxonomy":"author","embeddable":true,"href":"https:\/\/www.jdx.info\/lutte\/wp-json\/wp\/v2\/ppma_author?post=79822"}],"curies":[{"name":"wp","href":"https:\/\/api.w.org\/{rel}","templated":true}]}}