{"id":7959,"date":"2019-07-23T15:26:07","date_gmt":"2019-07-23T19:26:07","guid":{"rendered":"http:\/\/www.jdx.info\/lutte\/?p=7959"},"modified":"2019-07-23T15:29:37","modified_gmt":"2019-07-23T19:29:37","slug":"pendant-que-chereau-est-a-la-plage-ab1-le-remplace-par-une-ancienne-superstars-de-la-nxt","status":"publish","type":"post","link":"https:\/\/www.jdx.info\/lutte\/2019\/07\/23\/pendant-que-chereau-est-a-la-plage-ab1-le-remplace-par-une-ancienne-superstars-de-la-nxt\/","title":{"rendered":"Pendant que Ch\u00e9reau est \u00e0 la Plage, AB1 le Remplace par une Ancienne SuperStars de la NXT!"},"content":{"rendered":"\n<p>AB1 a annonc\u00e9 sur les r\u00e9seaux sociaux que Tom La Ruffa sera aux c\u00f4t\u00e9s de Chris Agius cette semaine pour les commentaires de RAW et Smackdown.  Il sera s\u00fbrement int\u00e9ressant de voir la chimie entre notre ancien r\u00e9dacteur et l&rsquo;ancien lutteur de NXT et d&rsquo;Impact Wrestling.<\/p>\n\n\n\n<p>Rendez-vous donc mercredi \u00e0 20h40 pour RAW et vendredi \u00e0 20h40 (AB1) \/ samedi \u00e0 21h10 (ABXplore) pour SmackDown, comment\u00e9 par Christophe Agius et Tom La Ruffa !<\/p>\n\n\n\n<p>Et nous vous passerons les reprises comme chaque semaine le plus rapidement possible dans la nuit. <\/p>\n\n\n\n<blockquote class=\"twitter-tweet\"><p lang=\"fr\" dir=\"ltr\">&#x1f4a5;Petite surprise de la semaine ! &#x1f4a5; Un invit\u00e9 tr\u00e8s sp\u00e9cial accompagnera Christophe Agius aux commandes de <a href=\"https:\/\/twitter.com\/hashtag\/CatchRaw?src=hash&amp;ref_src=twsrc%5Etfw\">#CatchRaw<\/a> et <a href=\"https:\/\/twitter.com\/hashtag\/SmackdownAB?src=hash&amp;ref_src=twsrc%5Etfw\">#SmackdownAB<\/a> cette semaine !<br><br>Poke <a href=\"https:\/\/twitter.com\/TomLaRuffa?ref_src=twsrc%5Etfw\">@TomLaRuffa<\/a> ! <a href=\"https:\/\/t.co\/46E6vVx2TG\">pic.twitter.com\/46E6vVx2TG<\/a><\/p>\u2014 La Cha\u00eene AB1 (@AB1TV) <a href=\"https:\/\/twitter.com\/AB1TV\/status\/1153605925770584069?ref_src=twsrc%5Etfw\">July 23, 2019<\/a><\/blockquote> <script async=\"\" src=\"https:\/\/platform.twitter.com\/widgets.js\" charset=\"utf-8\"><\/script>\n<p><\/p>","protected":false},"excerpt":{"rendered":"<p>AB1 a annonc\u00e9 sur les r\u00e9seaux sociaux que Tom La Ruffa sera aux c\u00f4t\u00e9s de Chris Agius cette semaine pour les commentaires de RAW et Smackdown. Il sera s\u00fbrement int\u00e9ressant de voir la chimie entre notre ancien r\u00e9dacteur et l&rsquo;ancien lutteur de NXT et d&rsquo;Impact Wrestling. Rendez-vous donc mercredi \u00e0 20h40 pour RAW et vendredi&#8230;<\/p>\n","protected":false},"author":2,"featured_media":7961,"comment_status":"open","ping_status":"closed","sticky":false,"template":"","format":"standard","meta":{"footnotes":""},"categories":[4,23],"tags":[],"ppma_author":[287],"class_list":["post-7959","post","type-post","status-publish","format-standard","has-post-thumbnail","hentry","category-news","category-wwe"],"authors":[{"term_id":287,"user_id":2,"is_guest":0,"slug":"jason","display_name":"Jason Desc\u00f4teaux","avatar_url":"https:\/\/secure.gravatar.com\/avatar\/f64adf6d13198c3a532c061cecd8672089a1e9a3d07c702dffe886a7e55a15eb?s=96&d=mm&r=g","0":null,"1":"","2":"","3":"","4":"","5":"","6":"","7":"","8":""}],"_links":{"self":[{"href":"https:\/\/www.jdx.info\/lutte\/wp-json\/wp\/v2\/posts\/7959","targetHints":{"allow":["GET"]}}],"collection":[{"href":"https:\/\/www.jdx.info\/lutte\/wp-json\/wp\/v2\/posts"}],"about":[{"href":"https:\/\/www.jdx.info\/lutte\/wp-json\/wp\/v2\/types\/post"}],"author":[{"embeddable":true,"href":"https:\/\/www.jdx.info\/lutte\/wp-json\/wp\/v2\/users\/2"}],"replies":[{"embeddable":true,"href":"https:\/\/www.jdx.info\/lutte\/wp-json\/wp\/v2\/comments?post=7959"}],"version-history":[{"count":2,"href":"https:\/\/www.jdx.info\/lutte\/wp-json\/wp\/v2\/posts\/7959\/revisions"}],"predecessor-version":[{"id":7962,"href":"https:\/\/www.jdx.info\/lutte\/wp-json\/wp\/v2\/posts\/7959\/revisions\/7962"}],"wp:featuredmedia":[{"embeddable":true,"href":"https:\/\/www.jdx.info\/lutte\/wp-json\/wp\/v2\/media\/7961"}],"wp:attachment":[{"href":"https:\/\/www.jdx.info\/lutte\/wp-json\/wp\/v2\/media?parent=7959"}],"wp:term":[{"taxonomy":"category","embeddable":true,"href":"https:\/\/www.jdx.info\/lutte\/wp-json\/wp\/v2\/categories?post=7959"},{"taxonomy":"post_tag","embeddable":true,"href":"https:\/\/www.jdx.info\/lutte\/wp-json\/wp\/v2\/tags?post=7959"},{"taxonomy":"author","embeddable":true,"href":"https:\/\/www.jdx.info\/lutte\/wp-json\/wp\/v2\/ppma_author?post=7959"}],"curies":[{"name":"wp","href":"https:\/\/api.w.org\/{rel}","templated":true}]}}