{"id":78728,"date":"2022-12-30T00:12:00","date_gmt":"2022-12-30T05:12:00","guid":{"rendered":"https:\/\/www.jdx.info\/lutte\/?p=78728"},"modified":"2022-12-30T13:13:48","modified_gmt":"2022-12-30T18:13:48","slug":"eric-bischoff-parle-de-ce-qui-a-etouffe-la-creativite-en-travaillant-avec-vince-mcmahon-lapres-retraite-de-la-wwe-plus","status":"publish","type":"post","link":"https:\/\/www.jdx.info\/lutte\/2022\/12\/30\/eric-bischoff-parle-de-ce-qui-a-etouffe-la-creativite-en-travaillant-avec-vince-mcmahon-lapres-retraite-de-la-wwe-plus\/","title":{"rendered":"Eric Bischoff parle de ce qui a \u00e9touff\u00e9 la cr\u00e9ativit\u00e9 En travaillant avec Vince McMahon, l&rsquo;apr\u00e8s retraite de la WWE, plus!"},"content":{"rendered":"\n<p>Eric Bischoff, membre du WWE Hall of Famer, est r\u00e9cemment apparu sur le podcast \u00ab&nbsp;INSIGHT&nbsp;\u00bb avec Chris Van Vliet et a comment\u00e9 ce que c\u2019\u00e9tait que de travailler avec l\u2019ancien PDG de la WWE, Vince McMahon.<\/p>\n\n\n\n<p>Bischoff se souvient de son bref passage en tant que directeur ex\u00e9cutif de SmackDown en 2019 et de la fa\u00e7on dont il travaillait avec McMahon presque tous les jours. Bischoff a r\u00e9v\u00e9l\u00e9 ce qui, \u00e0 propos de Vince, a fini par \u00e9touffer la cr\u00e9ativit\u00e9.<\/p>\n\n\n\n<blockquote class=\"wp-block-quote is-layout-flow wp-block-quote-is-layout-flow\"><p>\u00ab\u00a0\u00c9videmment, je n\u2019\u00e9tais pas l\u00e0 \u00e0 l\u2019int\u00e9rieur quand Vince est parti. J\u2019y suis rest\u00e9 4 mois, j\u2019ai travaill\u00e9 avec Vince presque tous les jours. Ces jours-l\u00e0, nous travaillions ensemble, c\u2019\u00e9tait souvent pendant des heures et des heures et des heures. Je ne veux pas dire que je connais Vince McMahon, parce que je ne le sais pas, je ne pense pas que quelqu\u2019un le connaisse en dehors de sa famille imm\u00e9diate. Nous avons tous un petit aper\u00e7u de lui, mais je ne pense pas que beaucoup de gens connaissent vraiment Vince McMahon. Mon exp\u00e9rience \u00e9tait que Vince avait une vision forte, clairement, regardez o\u00f9 est la WWE aujourd\u2019hui, clairement il a eu une vision forte tout au long de sa vie. <\/p><\/blockquote>\n\n\n\n<center><p><script async=\"\" src=\"https:\/\/pagead2.googlesyndication.com\/pagead\/js\/adsbygoogle.js\"><\/script>\n<ins class=\"adsbygoogle\" style=\"display:block; text-align:center;\" data-ad-layout=\"in-article\" data-ad-format=\"fluid\" data-ad-client=\"ca-pub-1986975368136072\" data-ad-slot=\"7818521013\"><\/ins>\n<script>\n     (adsbygoogle = window.adsbygoogle || []).push({});\n<\/script><\/p><\/center>\n\n\n\n\n<p><\/p>\n\n\n\n<blockquote class=\"wp-block-quote is-layout-flow wp-block-quote-is-layout-flow\"><p>Le d\u00e9fi pour moi et les gens avec qui j\u2019ai travaill\u00e9 sur le plan cr\u00e9atif \u00e9tait de trouver des choses qui attireraient l\u2019attention de Vince de mani\u00e8re positive. On ne savait jamais ce que cela allait \u00eatre, parce qu\u2019il n\u2019y avait pas de coh\u00e9rence. Chaque jour \u00e9tait un tout nouveau jour, ce n\u2019est pas comme si je pouvais lire Vince McMahon. Je pense que cela a beaucoup \u00e9touff\u00e9 la cr\u00e9ativit\u00e9. \u00bb<\/p><\/blockquote>\n\n\n\n<blockquote class=\"wp-block-quote is-layout-flow wp-block-quote-is-layout-flow\"><p>\u00ab\u00a0Vous avez entendu ces histoires et je ne veux pas partager ces exp\u00e9riences comme un tout dire ou quelque chose de n\u00e9gatif, parce que cela a fonctionn\u00e9 pour eux et cela a fonctionn\u00e9 pour Vince McMahon, j\u2019aurais aim\u00e9 pouvoir les comprendre. Mais vous avez entendu des histoires de se pr\u00e9senter \u00e0 la t\u00e9l\u00e9vision \u00e0 13 heures, de d\u00e9chirer le sc\u00e9nario et de recommencer \u00e0 z\u00e9ro. Ce ne sont pas des exag\u00e9rations. Ce processus, ou son absence, n\u2019est pas propice \u00e0 une grande cr\u00e9ativit\u00e9. Et je pense, je devine l\u00e0-dessus, parce que je ne connais pas bien Paul Levesque non plus, j\u2019ai travaill\u00e9 longtemps avec lui. <\/p><\/blockquote>\n\n\n\n<center><p><script async=\"\" src=\"https:\/\/pagead2.googlesyndication.com\/pagead\/js\/adsbygoogle.js\"><\/script>\n<ins class=\"adsbygoogle\" style=\"display:block; text-align:center;\" data-ad-layout=\"in-article\" data-ad-format=\"fluid\" data-ad-client=\"ca-pub-1986975368136072\" data-ad-slot=\"7818521013\"><\/ins>\n<script>\n     (adsbygoogle = window.adsbygoogle || []).push({});\n<\/script><\/p><\/center>\n\n\n\n\n<p><\/p>\n\n\n\n<blockquote class=\"wp-block-quote is-layout-flow wp-block-quote-is-layout-flow\"><p>Paul [Triple H] faisait partie de ce processus cr\u00e9atif depuis assez longtemps pour savoir quels \u00e9taient les points faibles, pour savoir ce qui le retenait, pour savoir ce qui frustrait les gens qui \u00e9taient charg\u00e9s de trouver de bons cr\u00e9atifs. Je pense que Paul a fait beaucoup de ces changements tr\u00e8s rapidement et j\u2019imagine que la qualit\u00e9 de l\u2019\u00e9criture et la qualit\u00e9 de la cr\u00e9ation sont devenues beaucoup plus serr\u00e9es. Les sc\u00e9naristes ont eu plus de confiance, parce que c\u2019\u00e9tait un environnement plus pr\u00e9visible, juste la qualit\u00e9 a augment\u00e9, c\u2019est mon point de vue.\u00a0\u00bb<\/p><\/blockquote>\n\n\n\n<p>Bischoff a \u00e9galement comment\u00e9 le fait que McMahon \u00e9tait dans un contexte de retraite traditionnel. Il a dit : \u00ab Je ne sais pas, comme je l\u2019ai dit, je ne le connais pas vraiment. Je sais qu\u2019il s\u2019int\u00e9resse aux voitures, il a de belles voitures. Mais je n\u2019ai jamais entendu une histoire de lui comme aller au golf, faire du yachting ou de la p\u00eache. Je ne pense pas qu\u2019il ait fait autre chose que travailler ou s\u2019entra\u00eener. \u00bb<\/p>\n\n\n\n<p>Voici l\u2019interview compl\u00e8te de Bischoff:<\/p>\n\n\n\n<center><iframe loading=\"lazy\" width=\"560\" height=\"315\" src=\"https:\/\/www.youtube.com\/embed\/9kerYUU1N4w\" title=\"YouTube video player\" frameborder=\"0\" allow=\"accelerometer; autoplay; clipboard-write; encrypted-media; gyroscope; picture-in-picture\" allowfullscreen><\/iframe><\/center>\n\n\n\n<p><\/p>\n<p><\/p>","protected":false},"excerpt":{"rendered":"<p>Eric Bischoff, membre du WWE Hall of Famer, est r\u00e9cemment apparu sur le podcast \u00ab&nbsp;INSIGHT&nbsp;\u00bb avec Chris Van Vliet et a comment\u00e9 ce que c\u2019\u00e9tait que de travailler avec l\u2019ancien PDG de la WWE, Vince McMahon. Bischoff se souvient de son bref passage en tant que directeur ex\u00e9cutif de SmackDown en 2019 et de la&#8230;<\/p>\n","protected":false},"author":665,"featured_media":78758,"comment_status":"open","ping_status":"closed","sticky":false,"template":"","format":"standard","meta":{"footnotes":""},"categories":[30,77,4,83],"tags":[],"ppma_author":[289],"class_list":["post-78728","post","type-post","status-publish","format-standard","has-post-thumbnail","hentry","category-ex-wwe","category-hall-of-fame","category-news","category-wcw"],"authors":[{"term_id":289,"user_id":665,"is_guest":0,"slug":"line","display_name":"Line Edmond","avatar_url":"https:\/\/secure.gravatar.com\/avatar\/852de09636413c90cdaa278312f9ea5bc4396768745424755cb63d99a05989d0?s=96&d=mm&r=g","0":null,"1":"","2":"","3":"","4":"","5":"","6":"","7":"","8":""}],"_links":{"self":[{"href":"https:\/\/www.jdx.info\/lutte\/wp-json\/wp\/v2\/posts\/78728","targetHints":{"allow":["GET"]}}],"collection":[{"href":"https:\/\/www.jdx.info\/lutte\/wp-json\/wp\/v2\/posts"}],"about":[{"href":"https:\/\/www.jdx.info\/lutte\/wp-json\/wp\/v2\/types\/post"}],"author":[{"embeddable":true,"href":"https:\/\/www.jdx.info\/lutte\/wp-json\/wp\/v2\/users\/665"}],"replies":[{"embeddable":true,"href":"https:\/\/www.jdx.info\/lutte\/wp-json\/wp\/v2\/comments?post=78728"}],"version-history":[{"count":2,"href":"https:\/\/www.jdx.info\/lutte\/wp-json\/wp\/v2\/posts\/78728\/revisions"}],"predecessor-version":[{"id":78759,"href":"https:\/\/www.jdx.info\/lutte\/wp-json\/wp\/v2\/posts\/78728\/revisions\/78759"}],"wp:featuredmedia":[{"embeddable":true,"href":"https:\/\/www.jdx.info\/lutte\/wp-json\/wp\/v2\/media\/78758"}],"wp:attachment":[{"href":"https:\/\/www.jdx.info\/lutte\/wp-json\/wp\/v2\/media?parent=78728"}],"wp:term":[{"taxonomy":"category","embeddable":true,"href":"https:\/\/www.jdx.info\/lutte\/wp-json\/wp\/v2\/categories?post=78728"},{"taxonomy":"post_tag","embeddable":true,"href":"https:\/\/www.jdx.info\/lutte\/wp-json\/wp\/v2\/tags?post=78728"},{"taxonomy":"author","embeddable":true,"href":"https:\/\/www.jdx.info\/lutte\/wp-json\/wp\/v2\/ppma_author?post=78728"}],"curies":[{"name":"wp","href":"https:\/\/api.w.org\/{rel}","templated":true}]}}