{"id":78667,"date":"2022-12-25T15:16:00","date_gmt":"2022-12-25T20:16:00","guid":{"rendered":"https:\/\/www.jdx.info\/lutte\/?p=78667"},"modified":"2022-12-27T14:30:46","modified_gmt":"2022-12-27T19:30:46","slug":"the-undertaker-raconte-la-fin-de-sa-streak-de-victoire-a-wrestlemania-matt-cardona-lui-parle-de-sa-streak-de-defaite","status":"publish","type":"post","link":"https:\/\/www.jdx.info\/lutte\/2022\/12\/25\/the-undertaker-raconte-la-fin-de-sa-streak-de-victoire-a-wrestlemania-matt-cardona-lui-parle-de-sa-streak-de-defaite\/","title":{"rendered":"The Undertaker raconte la fin de sa Streak de Victoire \u00e0 WrestleMania \/ Matt Cardona lui parle de sa streak de d\u00e9faite!"},"content":{"rendered":"\n<p>Des nouvelles de deux Streak bien diff\u00e9rente mais autant important dans la carri\u00e8re respective de deux SuperStars de la WWE.<\/p>\n\n\n\n<p>Lors de Wrestlemania 35 en 2019, Curt Hawkins qui travail aujourd\u2019hui sous le nom de Brian Myers, avait mis fin \u00e0 sa s\u00e9rie de d\u00e9faites de plus de deux ans \u00e0 la WWE. En \u00e9quipe avec Zack Ryder sous le nom de Matt Cardona, ils \u00e9taient devenus champions par \u00e9quipe en battant The Revival qui eut luttent sous le nom de FTR \u00e0 la AEW. Myers et Cardonna sont maintenant en \u00e9quipe du c\u00f4t\u00e9 d&rsquo;Impact Wrestling.<\/p>\n\n\n\n<p>A l\u2019occasion d\u2019une interview, Matt Cardona a racont\u00e9 les coulisses de cette d\u00e9cision. Pour l\u2019\u00e9poux de Chelsea Green, cela \u00e9tait d\u00fb \u00e0 une discussion avec Vince McMahon:<\/p>\n\n\n\n<blockquote class=\"wp-block-quote is-layout-flow wp-block-quote-is-layout-flow\"><p>\u00ab Wrestlemania allait avoir lieu \u00e0 New-York, ou plut\u00f4t le New-Jersey, notre hometown. Nous avions propos\u00e9 cette id\u00e9e o\u00f9 nous serions les deux derniers gars de l\u2019Andre The Giant Memorial Battle Royal. Je me serais alors sacrifi\u00e9 pour lui. Brian m\u2019aurait port\u00e9 une Clothesline et il aurait eu son grand moment \u00e0 Wrestlemania, aurait bris\u00e9 la s\u00e9rie de d\u00e9faite et remport\u00e9 le troph\u00e9e. Vince n\u2019aimait cependant pas cela.<\/p><\/blockquote>\n\n\n\n<blockquote class=\"wp-block-quote is-layout-flow wp-block-quote-is-layout-flow\"><p>Deux semaines plus tard, nous gagnions le titre par \u00e9quipe \u00e0 Wrestlemania ! Je crois que tout cela a eu lieu parce que nous sommes entr\u00e9s dans son bureau. Il a d\u00fb se dire \u00ab Oh ces gars, c\u2019est vrai qu\u2019ils vivent ici \u00bb. Je ne suis pas totalement certains de cela cependant. Nous \u00e9tions cependant cens\u00e9s juste faire partie de l\u2019Andre The Giant Battle Royale. Soudainement, nous sommes dans le match pour le titre par \u00e9quipe.<\/p><\/blockquote>\n\n\n\n<blockquote class=\"wp-block-quote is-layout-flow wp-block-quote-is-layout-flow\"><p>Deux semaines plus tard, nous gagnions le titre par \u00e9quipe \u00e0 Wrestlemania ! Je crois que tout cela a eu lieu parce que nous sommes entr\u00e9s dans son bureau. Il a d\u00fb se dire \u00ab Oh ces gars, c\u2019est vrai qu\u2019ils vivent ici \u00bb. Je ne suis pas totalement certains de cela cependant. Nous \u00e9tions cependant cens\u00e9s juste faire partie de l\u2019Andre The Giant Battle Royale. Soudainement, nous sommes dans le match pour le titre par \u00e9quipe.<\/p><\/blockquote>\n\n\n\n<p><\/p>\n\n\n\n<center><p><script async=\"\" src=\"https:\/\/pagead2.googlesyndication.com\/pagead\/js\/adsbygoogle.js\"><\/script>\n<ins class=\"adsbygoogle\" style=\"display:block; text-align:center;\" data-ad-layout=\"in-article\" data-ad-format=\"fluid\" data-ad-client=\"ca-pub-1986975368136072\" data-ad-slot=\"7818521013\"><\/ins>\n<script>\n     (adsbygoogle = window.adsbygoogle || []).push({});\n<\/script><\/p><\/center>\n\n\n\n\n<p>Vous, vous souvenez surement du 6 avril 2014 qui restera grav\u00e9 dans l&rsquo;imaginaire de tous les fans de la WWE, voir m\u00eame de tout la Galaxie du Catch. <\/p>\n\n\n\n<p>C&rsquo;\u00e9tait lors de  Wrestlemania 30, ce qui devait arriver tout ou tard arriva mais par sur le bon cheval semble t&rsquo;il. La Streak victorieuse de l\u2019Undertaker a pris fin aux mains de Brock Lesnar.<\/p>\n\n\n\n<p>Durant un documentaire appel\u00e9 The Brothers of Destruction diffus\u00e9 sur le WWE Network, l\u2019Undertaker est revenu sur ce moment marquant. Kane a d\u2019ailleurs indiqu\u00e9 \u00e0 son co\u00e9quipier qu\u2019il avait pens\u00e9 au d\u00e9part qu\u2019il s\u2019agissait d\u2019un botch. Il s\u2019attendait m\u00eame \u00e0 ce que le match soit red\u00e9marr\u00e9. Le Deadman lui a alors expliqu\u00e9 la situation:<\/p>\n\n\n\n<blockquote class=\"wp-block-quote is-layout-flow wp-block-quote-is-layout-flow\"><p>\u00ab Je suis venu ce jour au stade et je devais gagner. Il y a des id\u00e9es contraires auparavant mais quand je me suis pr\u00e9sent\u00e9, je devais l\u2019emporter. Au cours de la journ\u00e9e, Vince (McMahon) est venu me voir. Il m\u2019a dit qu\u2019il avait chang\u00e9 d\u2019id\u00e9e. J\u2019ai r\u00e9pondu ok. J\u2019ai dit que je ne pensais pas que Brock en avait besoin mais au final, c\u2019est son show. C\u2019est son choix. S\u2019il \u00e9tait sur de cela, tr\u00e8s bien alors faisons-le. Cela fait partie du business, c\u2019est ce que nous faisons. J\u2019aurais plut\u00f4t pens\u00e9 \u00e0 quelqu\u2019un comme Roman . Je pense que Roman Reigns aurait \u00e9t\u00e9 bien \u00bb<\/p><\/blockquote>\n\n\n\n<p>Il a raison qu&rsquo;\u00e0 ce moment Reigns en aurait eut plus de besoin que Lesnar qui \u00e9tait d\u00e9j\u00e0 une attraction principal \u00e0 la WWE. Vince McMahon a surement voulu lui donner pour qu&rsquo;il accepte de se coucher plus tard face au Big Dog. Une sorte de  retour d&rsquo;ascenseur dans le business! <\/p>\n\n\n\n<p>Finalement l\u2019Undertaker et Reigns s\u2019affronteront trois ans plus tard \u00e0 Wrestlemania. Le Tribal Chief l&rsquo;avait alors emport\u00e9.<\/p>\n<p><\/p>","protected":false},"excerpt":{"rendered":"<p>Des nouvelles de deux Streak bien diff\u00e9rente mais autant important dans la carri\u00e8re respective de deux SuperStars de la WWE. Lors de Wrestlemania 35 en 2019, Curt Hawkins qui travail aujourd\u2019hui sous le nom de Brian Myers, avait mis fin \u00e0 sa s\u00e9rie de d\u00e9faites de plus de deux ans \u00e0 la WWE. En \u00e9quipe&#8230;<\/p>\n","protected":false},"author":609,"featured_media":78668,"comment_status":"open","ping_status":"closed","sticky":false,"template":"","format":"standard","meta":{"footnotes":""},"categories":[38,24,30,22,4,41,42,23],"tags":[],"ppma_author":[295],"class_list":["post-78667","post","type-post","status-publish","format-standard","has-post-thumbnail","hentry","category-aew","category-aew-impact-njpw-roh","category-ex-wwe","category-indy","category-news","category-tna-impact","category-wrestlemania","category-wwe"],"authors":[{"term_id":295,"user_id":609,"is_guest":0,"slug":"rodrigo","display_name":"Rodrigue Tousignant","avatar_url":"https:\/\/secure.gravatar.com\/avatar\/51fe284bb6dbe8a6b4c2bf998ad658f4a9cd24b7e58f15ec85888070c7340ce6?s=96&d=mm&r=g","0":null,"1":"","2":"","3":"","4":"","5":"","6":"","7":"","8":""}],"_links":{"self":[{"href":"https:\/\/www.jdx.info\/lutte\/wp-json\/wp\/v2\/posts\/78667","targetHints":{"allow":["GET"]}}],"collection":[{"href":"https:\/\/www.jdx.info\/lutte\/wp-json\/wp\/v2\/posts"}],"about":[{"href":"https:\/\/www.jdx.info\/lutte\/wp-json\/wp\/v2\/types\/post"}],"author":[{"embeddable":true,"href":"https:\/\/www.jdx.info\/lutte\/wp-json\/wp\/v2\/users\/609"}],"replies":[{"embeddable":true,"href":"https:\/\/www.jdx.info\/lutte\/wp-json\/wp\/v2\/comments?post=78667"}],"version-history":[{"count":2,"href":"https:\/\/www.jdx.info\/lutte\/wp-json\/wp\/v2\/posts\/78667\/revisions"}],"predecessor-version":[{"id":78671,"href":"https:\/\/www.jdx.info\/lutte\/wp-json\/wp\/v2\/posts\/78667\/revisions\/78671"}],"wp:featuredmedia":[{"embeddable":true,"href":"https:\/\/www.jdx.info\/lutte\/wp-json\/wp\/v2\/media\/78668"}],"wp:attachment":[{"href":"https:\/\/www.jdx.info\/lutte\/wp-json\/wp\/v2\/media?parent=78667"}],"wp:term":[{"taxonomy":"category","embeddable":true,"href":"https:\/\/www.jdx.info\/lutte\/wp-json\/wp\/v2\/categories?post=78667"},{"taxonomy":"post_tag","embeddable":true,"href":"https:\/\/www.jdx.info\/lutte\/wp-json\/wp\/v2\/tags?post=78667"},{"taxonomy":"author","embeddable":true,"href":"https:\/\/www.jdx.info\/lutte\/wp-json\/wp\/v2\/ppma_author?post=78667"}],"curies":[{"name":"wp","href":"https:\/\/api.w.org\/{rel}","templated":true}]}}