{"id":78625,"date":"2022-12-26T15:02:54","date_gmt":"2022-12-26T20:02:54","guid":{"rendered":"https:\/\/www.jdx.info\/lutte\/?p=78625"},"modified":"2022-12-26T15:02:57","modified_gmt":"2022-12-26T20:02:57","slug":"la-wwe-serait-prudente-avec-le-retour-de-drew-mcintyre-plus-sur-le-dernier-retard","status":"publish","type":"post","link":"https:\/\/www.jdx.info\/lutte\/2022\/12\/26\/la-wwe-serait-prudente-avec-le-retour-de-drew-mcintyre-plus-sur-le-dernier-retard\/","title":{"rendered":"La WWE serait prudente avec le retour de Drew McIntyre, plus sur le dernier retard"},"content":{"rendered":"\n<p>Il semblerait que la WWE jouerait de prudence avec le retour de Drew McIntyre.<\/p>\n\n\n\n<p>Comme nous l\u2019avons not\u00e9, McIntyre aurait subi une rupture du tympan lors du Main Event des War Games aux WWE Survivor Series. Il a continu\u00e9 \u00e0 lutter apr\u00e8s les Survivor Series alors qu\u2019il travaillait un match \u00e0 huit lors de l\u2019\u00e9v\u00e9nement en direct du 27 novembre \u00e0 Portland dans le Maine, faisant \u00e9quipe avec The Brawling Brutes pour une victoire sur The Bloodline.<\/p>\n\n\n\n<p> Il a ensuite annonc\u00e9 plus t\u00f4t ce mois-ci qu\u2019il \u00e9tait \u00ab\u00a0<em>m\u00e9dicalement disqualifi\u00e9<\/em>\u00a0\u00bb et incapable de faire \u00e9quipe avec Sheamus pour d\u00e9fier les titre par \u00e9quipe des Usos le 9 d\u00e9cembre \u00e0 SmackDown. <\/p>\n\n\n\n<p>Il a ensuite \u00e9t\u00e9 rapport\u00e9 qu\u2019il devait revenir \u00e0 l\u2019\u00e9v\u00e9nement en direct post-No\u00ebl de lundi au Madison Square Garden de New York, mais il a \u00e9t\u00e9 retir\u00e9 il y a quelques jours, de toute la tourn\u00e9e des vacances de fin d&rsquo;ann\u00e9e. <\/p>\n\n\n\n<center><p><script async=\"\" src=\"https:\/\/pagead2.googlesyndication.com\/pagead\/js\/adsbygoogle.js\"><\/script>\n<ins class=\"adsbygoogle\" style=\"display:block; text-align:center;\" data-ad-layout=\"in-article\" data-ad-format=\"fluid\" data-ad-client=\"ca-pub-1986975368136072\" data-ad-slot=\"7818521013\"><\/ins>\n<script>\n     (adsbygoogle = window.adsbygoogle || []).push({});\n<\/script><\/p><\/center>\n\n\n\n\n<p>Jusqu\u2019\u00e0 vendredi, on s\u2019attendait \u00e0 ce que McIntyre revienne sur le ring lors des \u00e9v\u00e9nements d&rsquo;apr\u00e8s No\u00ebl, mais la rumeur est tomb\u00e9e qu\u2019il n\u2019appara\u00eetrait sous aucune forme lors des spectacles de cette semaine.<\/p>\n\n\n\n<p>Dans une mise \u00e0 jour, un nouveau rapport du PWInsider note que m\u00eame si McIntyre aurait probablement pu travailler sur les \u00e9v\u00e9nements en direct post-No\u00ebl la semaine prochaine, les responsables font preuve de prudence afin qu\u2019il soit \u00ab\u00a0au-del\u00e0 de 100%\u00a0\u00bb pr\u00eat \u00e0 partir lorsque les m\u00e9decins l\u2019autoriseront m\u00e9dicalement.<\/p>\n\n\n\n<p>Il a \u00e9t\u00e9 not\u00e9 qu\u2019il n\u2019y a aucun mot sur le moment o\u00f9 McIntyre reviendra maintenant qu\u2019il a \u00e9t\u00e9 retir\u00e9 des spectacles post-No\u00ebl. McIntyre aurait voulu continuer \u00e0 lutter avant d\u2019\u00eatre retir\u00e9, mais les officiels ont pris la d\u00e9cision de le garder hors du ring.<\/p>\n\n\n\n<center><p><script async=\"\" src=\"https:\/\/pagead2.googlesyndication.com\/pagead\/js\/adsbygoogle.js\"><\/script>\n<ins class=\"adsbygoogle\" style=\"display:block; text-align:center;\" data-ad-layout=\"in-article\" data-ad-format=\"fluid\" data-ad-client=\"ca-pub-1986975368136072\" data-ad-slot=\"7818521013\"><\/ins>\n<script>\n     (adsbygoogle = window.adsbygoogle || []).push({});\n<\/script><\/p><\/center>\n\n\n\n\n<p>McIntyre devait faire \u00e9quipe avec Kevin Owens, Sheamus et Braun Strowman pour affronter The Bloodline dans une action par \u00e9quipe de huit hommes lors de l\u2019\u00e9v\u00e9nement MSG de lundi, mais le main event a \u00e9t\u00e9 chang\u00e9 pour Owens et Strowman contre les  Usos.<\/p>\n\n\n\n<p>Les commentaires de McIntyre sur ce qu\u2019il a dit \u00e0 propos du retour \u00ab\u00a0<em>tr\u00e8s, tr\u00e8s bient\u00f4t\u00a0<\/em>\u00bb lors de l\u2019\u00e9mission The Bump de la WWE, \u00e9galement en pr\u00e9vision de la saison WrestleMania 39.<\/p>\n\n\n\n<center><iframe loading=\"lazy\" width=\"560\" height=\"315\" src=\"https:\/\/www.youtube.com\/embed\/_L4QZWSdqdg\" title=\"YouTube video player\" frameborder=\"0\" allow=\"accelerometer; autoplay; clipboard-write; encrypted-media; gyroscope; picture-in-picture\" allowfullscreen><\/iframe><\/center>\n\n\n\n<p><\/p>\n<p><\/p>","protected":false},"excerpt":{"rendered":"<p>Il semblerait que la WWE jouerait de prudence avec le retour de Drew McIntyre. Comme nous l\u2019avons not\u00e9, McIntyre aurait subi une rupture du tympan lors du Main Event des War Games aux WWE Survivor Series. Il a continu\u00e9 \u00e0 lutter apr\u00e8s les Survivor Series alors qu\u2019il travaillait un match \u00e0 huit lors de l\u2019\u00e9v\u00e9nement&#8230;<\/p>\n","protected":false},"author":665,"featured_media":78641,"comment_status":"open","ping_status":"closed","sticky":false,"template":"","format":"standard","meta":{"footnotes":""},"categories":[4,36,23],"tags":[],"ppma_author":[289],"class_list":["post-78625","post","type-post","status-publish","format-standard","has-post-thumbnail","hentry","category-news","category-smackdown","category-wwe"],"authors":[{"term_id":289,"user_id":665,"is_guest":0,"slug":"line","display_name":"Line Edmond","avatar_url":"https:\/\/secure.gravatar.com\/avatar\/852de09636413c90cdaa278312f9ea5bc4396768745424755cb63d99a05989d0?s=96&d=mm&r=g","0":null,"1":"","2":"","3":"","4":"","5":"","6":"","7":"","8":""}],"_links":{"self":[{"href":"https:\/\/www.jdx.info\/lutte\/wp-json\/wp\/v2\/posts\/78625","targetHints":{"allow":["GET"]}}],"collection":[{"href":"https:\/\/www.jdx.info\/lutte\/wp-json\/wp\/v2\/posts"}],"about":[{"href":"https:\/\/www.jdx.info\/lutte\/wp-json\/wp\/v2\/types\/post"}],"author":[{"embeddable":true,"href":"https:\/\/www.jdx.info\/lutte\/wp-json\/wp\/v2\/users\/665"}],"replies":[{"embeddable":true,"href":"https:\/\/www.jdx.info\/lutte\/wp-json\/wp\/v2\/comments?post=78625"}],"version-history":[{"count":2,"href":"https:\/\/www.jdx.info\/lutte\/wp-json\/wp\/v2\/posts\/78625\/revisions"}],"predecessor-version":[{"id":78642,"href":"https:\/\/www.jdx.info\/lutte\/wp-json\/wp\/v2\/posts\/78625\/revisions\/78642"}],"wp:featuredmedia":[{"embeddable":true,"href":"https:\/\/www.jdx.info\/lutte\/wp-json\/wp\/v2\/media\/78641"}],"wp:attachment":[{"href":"https:\/\/www.jdx.info\/lutte\/wp-json\/wp\/v2\/media?parent=78625"}],"wp:term":[{"taxonomy":"category","embeddable":true,"href":"https:\/\/www.jdx.info\/lutte\/wp-json\/wp\/v2\/categories?post=78625"},{"taxonomy":"post_tag","embeddable":true,"href":"https:\/\/www.jdx.info\/lutte\/wp-json\/wp\/v2\/tags?post=78625"},{"taxonomy":"author","embeddable":true,"href":"https:\/\/www.jdx.info\/lutte\/wp-json\/wp\/v2\/ppma_author?post=78625"}],"curies":[{"name":"wp","href":"https:\/\/api.w.org\/{rel}","templated":true}]}}