{"id":7699,"date":"2019-07-18T22:22:32","date_gmt":"2019-07-19T02:22:32","guid":{"rendered":"http:\/\/www.jdx.info\/lutte\/?p=7699"},"modified":"2019-07-19T04:10:34","modified_gmt":"2019-07-19T08:10:34","slug":"melina-perez-revient-a-la-wwe","status":"publish","type":"post","link":"https:\/\/www.jdx.info\/lutte\/2019\/07\/18\/melina-perez-revient-a-la-wwe\/","title":{"rendered":"Melina Perez Revient \u00e0 la WWE!"},"content":{"rendered":"\n<p>L&rsquo;ancienne Superstar de la WWE et 5 fois championne, Melina Perez a publi\u00e9 un message d\u00e9taill\u00e9 indiquant qu&rsquo;elle va participer au prochain RAW pour la grande r\u00e9union.<\/p>\n\n\n\n<p>Elle a premi\u00e8rement annonc\u00e9 le tout via Twitter et la WWE a part la suite confirmer \u00e9galement sur les r\u00e9seaux sociaux avec une petite vid\u00e9o de l&rsquo;ex femme de John Morrison alias Johny Impact, sera \u00e0 RAW lundi prochain.<\/p>\n\n\n\n<p>Aucune information si elle reviendra pour un \u00ab\u00a0one more match\u00a0\u00bb, mais il serait tr\u00e8s possible de la voir cet automne au prochain PPV enti\u00e8rement f\u00e9minin, le WWE Evolution. Rien de tout cela n&rsquo;est confirm\u00e9 par contre nous devrons attendre pour en savoir plus.<\/p>\n\n\n\n<p>Pour rappelle, elle a \u00e9t\u00e9 3 fois championne des femmes et 2 fois championne des Divas. <\/p>\n\n\n\n<blockquote class=\"twitter-tweet\"><p lang=\"en\" dir=\"ltr\">Oh Yes, You saw correctly. I\u2019ve been gone for 8 years &amp; this reunion is the perfect time to come back home. <a href=\"https:\/\/twitter.com\/hashtag\/Family?src=hash&amp;ref_src=twsrc%5Etfw\">#Family<\/a> <a href=\"https:\/\/twitter.com\/hashtag\/WWEreunion?src=hash&amp;ref_src=twsrc%5Etfw\">#WWEreunion<\/a> <a href=\"https:\/\/twitter.com\/hashtag\/RawReunion?src=hash&amp;ref_src=twsrc%5Etfw\">#RawReunion<\/a> <a href=\"https:\/\/t.co\/NsDATVoxRN\">pic.twitter.com\/NsDATVoxRN<\/a><\/p>\u2014 MELINA (@RealMelina) <a href=\"https:\/\/twitter.com\/RealMelina\/status\/1151896159897579520?ref_src=twsrc%5Etfw\">July 18, 2019<\/a><\/blockquote> <script async=\"\" src=\"https:\/\/platform.twitter.com\/widgets.js\" charset=\"utf-8\"><\/script>\n\n<blockquote class=\"twitter-tweet\"><p lang=\"en\" dir=\"ltr\">Former WWE <a href=\"https:\/\/twitter.com\/hashtag\/WomensChampion?src=hash&amp;ref_src=twsrc%5Etfw\">#WomensChampion<\/a> <a href=\"https:\/\/twitter.com\/RealMelina?ref_src=twsrc%5Etfw\">@RealMelina<\/a> returns to <a href=\"https:\/\/twitter.com\/hashtag\/Raw?src=hash&amp;ref_src=twsrc%5Etfw\">#Raw<\/a> THIS MONDAY for <a href=\"https:\/\/twitter.com\/hashtag\/RawReunion?src=hash&amp;ref_src=twsrc%5Etfw\">#RawReunion<\/a>! <a href=\"https:\/\/t.co\/pWslOAKmJJ\">pic.twitter.com\/pWslOAKmJJ<\/a><\/p>\u2014 WWE (@WWE) <a href=\"https:\/\/twitter.com\/WWE\/status\/1151967632012087296?ref_src=twsrc%5Etfw\">July 18, 2019<\/a><\/blockquote> <script async=\"\" src=\"https:\/\/platform.twitter.com\/widgets.js\" charset=\"utf-8\"><\/script>\n\n\n\n<p>C&rsquo;est via The Hannibal TV que nous avons appris la nouvelle: <\/p>\n\n\n\n<iframe loading=\"lazy\" width=\"560\" height=\"315\" src=\"https:\/\/www.youtube.com\/embed\/51AU2jftYik\" frameborder=\"0\" allow=\"accelerometer; autoplay; encrypted-media; gyroscope; picture-in-picture\" allowfullscreen=\"\"><\/iframe>\n<p><\/p>","protected":false},"excerpt":{"rendered":"<p>L&rsquo;ancienne Superstar de la WWE et 5 fois championne, Melina Perez a publi\u00e9 un message d\u00e9taill\u00e9 indiquant qu&rsquo;elle va participer au prochain RAW pour la grande r\u00e9union. Elle a premi\u00e8rement annonc\u00e9 le tout via Twitter et la WWE a part la suite confirmer \u00e9galement sur les r\u00e9seaux sociaux avec une petite vid\u00e9o de l&rsquo;ex femme&#8230;<\/p>\n","protected":false},"author":2,"featured_media":7701,"comment_status":"open","ping_status":"closed","sticky":false,"template":"","format":"standard","meta":{"footnotes":""},"categories":[4,23],"tags":[],"ppma_author":[287],"class_list":["post-7699","post","type-post","status-publish","format-standard","has-post-thumbnail","hentry","category-news","category-wwe"],"authors":[{"term_id":287,"user_id":2,"is_guest":0,"slug":"jason","display_name":"Jason Desc\u00f4teaux","avatar_url":"https:\/\/secure.gravatar.com\/avatar\/f64adf6d13198c3a532c061cecd8672089a1e9a3d07c702dffe886a7e55a15eb?s=96&d=mm&r=g","0":null,"1":"","2":"","3":"","4":"","5":"","6":"","7":"","8":""}],"_links":{"self":[{"href":"https:\/\/www.jdx.info\/lutte\/wp-json\/wp\/v2\/posts\/7699","targetHints":{"allow":["GET"]}}],"collection":[{"href":"https:\/\/www.jdx.info\/lutte\/wp-json\/wp\/v2\/posts"}],"about":[{"href":"https:\/\/www.jdx.info\/lutte\/wp-json\/wp\/v2\/types\/post"}],"author":[{"embeddable":true,"href":"https:\/\/www.jdx.info\/lutte\/wp-json\/wp\/v2\/users\/2"}],"replies":[{"embeddable":true,"href":"https:\/\/www.jdx.info\/lutte\/wp-json\/wp\/v2\/comments?post=7699"}],"version-history":[{"count":3,"href":"https:\/\/www.jdx.info\/lutte\/wp-json\/wp\/v2\/posts\/7699\/revisions"}],"predecessor-version":[{"id":7712,"href":"https:\/\/www.jdx.info\/lutte\/wp-json\/wp\/v2\/posts\/7699\/revisions\/7712"}],"wp:featuredmedia":[{"embeddable":true,"href":"https:\/\/www.jdx.info\/lutte\/wp-json\/wp\/v2\/media\/7701"}],"wp:attachment":[{"href":"https:\/\/www.jdx.info\/lutte\/wp-json\/wp\/v2\/media?parent=7699"}],"wp:term":[{"taxonomy":"category","embeddable":true,"href":"https:\/\/www.jdx.info\/lutte\/wp-json\/wp\/v2\/categories?post=7699"},{"taxonomy":"post_tag","embeddable":true,"href":"https:\/\/www.jdx.info\/lutte\/wp-json\/wp\/v2\/tags?post=7699"},{"taxonomy":"author","embeddable":true,"href":"https:\/\/www.jdx.info\/lutte\/wp-json\/wp\/v2\/ppma_author?post=7699"}],"curies":[{"name":"wp","href":"https:\/\/api.w.org\/{rel}","templated":true}]}}