{"id":7659,"date":"2019-07-18T13:21:47","date_gmt":"2019-07-18T17:21:47","guid":{"rendered":"http:\/\/www.jdx.info\/lutte\/?p=7659"},"modified":"2019-07-18T13:31:38","modified_gmt":"2019-07-18T17:31:38","slug":"ab1-sexplique-enfin-sur-larret-des-ppv-en-france","status":"publish","type":"post","link":"https:\/\/www.jdx.info\/lutte\/2019\/07\/18\/ab1-sexplique-enfin-sur-larret-des-ppv-en-france\/","title":{"rendered":"AB1 s&rsquo;Explique Enfin sur l&rsquo;Arr\u00eat des PPV en France !"},"content":{"rendered":"\n<p><\/p>\n\n\n\n<p>Apr\u00e8s tous les remous que cette histoire \u00e0 cr\u00e9\u00e9, AB1 \u00e0 enfin d\u00e9cider de briser le silence et de d\u00e9voiler les raisons de pourquoi ils ont arr\u00eat\u00e9 la diffusion des PPV en France !<\/p>\n\n\n\n<p>C&rsquo;est sur Facebook qu&rsquo;AB1 \u00e0 enfin prit la parole sur cette affaire en d\u00e9clarant que \u00ab\u00a0<em>La WWE ayant d\u00e9cid\u00e9 de <strong>r\u00e9server les PPV \u00e0 son propre network<\/strong>, accessible uniquement par abonnement, AB1 n\u2019est h\u00e9las plus en mesure de vous proposer la diffusion des PPV.<\/em>\u00ab\u00a0<br><\/p>\n\n\n\n<figure class=\"wp-block-embed-facebook wp-block-embed is-type-rich is-provider-facebook\"><div class=\"wp-block-embed__wrapper\">\nhttps:\/\/www.facebook.com\/127112887313649\/posts\/2659609897397256\/\n<\/div><\/figure>\n\n\n\n<p>Je pr\u00e9cise qu&rsquo;AB1 n&rsquo;a pas fait de communiquer de presse comme annonc\u00e9 r\u00e9cemment sur Info-Lutte car en r\u00e9alit\u00e9, le \u00ab\u00a0communiqu\u00e9\u00a0\u00bb comme je l&rsquo;avais compris n&rsquo;\u00e9tait pas un communiqu\u00e9 de presse mais finalement, cela voulait juste dire qu&rsquo;ils allait communiqu\u00e9 sur la situation comme ils l&rsquo;ont fait via Facebook !<\/p>\n\n\n\n<p>Info-Lutte continuera tout de m\u00eame d&rsquo;enqu\u00eater sur cette affaire pour vous et vous donnera plus d&rsquo;informations quand il y en aura d&rsquo;autres, donc rester connect\u00e9 !<\/p>\n<p><\/p>","protected":false},"excerpt":{"rendered":"<p>Pourquoi AB1 ne diffuse plus des PPV de la WWE en France ? Voil\u00e0 une question qui a beaucoup fait parler ces derniers temps, et bien AB1 \u00e0 enfin d\u00e9cider de briser le silence et d&rsquo;y r\u00e9pondre publiquement !<\/p>\n","protected":false},"author":71,"featured_media":7669,"comment_status":"open","ping_status":"closed","sticky":false,"template":"","format":"standard","meta":{"footnotes":""},"categories":[4,23],"tags":[],"ppma_author":[293],"class_list":["post-7659","post","type-post","status-publish","format-standard","has-post-thumbnail","hentry","category-news","category-wwe"],"authors":[{"term_id":293,"user_id":71,"is_guest":0,"slug":"andy-pinto","display_name":"Andy PINTO","avatar_url":"https:\/\/secure.gravatar.com\/avatar\/e7490d60b3d5bd6ec4c38e8328f60c1cda540606cc37e66badd91e29b3a7383a?s=96&d=mm&r=g","0":null,"1":"","2":"","3":"","4":"","5":"","6":"","7":"","8":""}],"_links":{"self":[{"href":"https:\/\/www.jdx.info\/lutte\/wp-json\/wp\/v2\/posts\/7659","targetHints":{"allow":["GET"]}}],"collection":[{"href":"https:\/\/www.jdx.info\/lutte\/wp-json\/wp\/v2\/posts"}],"about":[{"href":"https:\/\/www.jdx.info\/lutte\/wp-json\/wp\/v2\/types\/post"}],"author":[{"embeddable":true,"href":"https:\/\/www.jdx.info\/lutte\/wp-json\/wp\/v2\/users\/71"}],"replies":[{"embeddable":true,"href":"https:\/\/www.jdx.info\/lutte\/wp-json\/wp\/v2\/comments?post=7659"}],"version-history":[{"count":6,"href":"https:\/\/www.jdx.info\/lutte\/wp-json\/wp\/v2\/posts\/7659\/revisions"}],"predecessor-version":[{"id":7668,"href":"https:\/\/www.jdx.info\/lutte\/wp-json\/wp\/v2\/posts\/7659\/revisions\/7668"}],"wp:featuredmedia":[{"embeddable":true,"href":"https:\/\/www.jdx.info\/lutte\/wp-json\/wp\/v2\/media\/7669"}],"wp:attachment":[{"href":"https:\/\/www.jdx.info\/lutte\/wp-json\/wp\/v2\/media?parent=7659"}],"wp:term":[{"taxonomy":"category","embeddable":true,"href":"https:\/\/www.jdx.info\/lutte\/wp-json\/wp\/v2\/categories?post=7659"},{"taxonomy":"post_tag","embeddable":true,"href":"https:\/\/www.jdx.info\/lutte\/wp-json\/wp\/v2\/tags?post=7659"},{"taxonomy":"author","embeddable":true,"href":"https:\/\/www.jdx.info\/lutte\/wp-json\/wp\/v2\/ppma_author?post=7659"}],"curies":[{"name":"wp","href":"https:\/\/api.w.org\/{rel}","templated":true}]}}