{"id":76522,"date":"2022-10-31T00:53:00","date_gmt":"2022-10-31T04:53:00","guid":{"rendered":"https:\/\/www.jdx.info\/lutte\/?p=76522"},"modified":"2022-10-31T13:00:16","modified_gmt":"2022-10-31T17:00:16","slug":"matt-cardona-se-dit-responsable-de-la-creation-de-la-all-elite-wrestling-il-enterre-egalement-le-personnage-de-zack-ryder-et-plus","status":"publish","type":"post","link":"https:\/\/www.jdx.info\/lutte\/2022\/10\/31\/matt-cardona-se-dit-responsable-de-la-creation-de-la-all-elite-wrestling-il-enterre-egalement-le-personnage-de-zack-ryder-et-plus\/","title":{"rendered":"Matt Cardona se dit responsable de la cr\u00e9ation de la All Elite Wrestling! Il enterre \u00e9galement le personnage de Zack Ryder, et Plus!"},"content":{"rendered":"\n<p>Comme on peut le voir depuis plusieurs mois, la prise de pouvoir de Triple s\u2019accompagne de gros changements. Le roster de talents est ainsi consid\u00e9rablement remodel\u00e9 avec \u00e9norm\u00e9ment de mouvements. Depuis le mois de juillet, pr\u00e8s d\u2019une douzaine de workers qui avaient quitt\u00e9 la WWE -principalement sur renvois- ont ainsi fait leurs retours. Tout ces comebacks donnent ainsi des id\u00e9es aux fans de la compagnie. Sur\u00a0<a href=\"https:\/\/twitter.com\/TheMattCardona\/status\/1586441451465953280?\" target=\"_blank\" rel=\"noreferrer noopener\">Twitter<\/a>, un internaute a ainsi interrog\u00e9 la communaut\u00e9 afin de savoir si un retour de Zack Ryder les int\u00e9resserait. Le principal concern\u00e9 a alors apport\u00e9 une r\u00e9ponse.<\/p>\n\n\n\n<p>Matt Cardona a ainsi \u00e9crit que \u00ab&nbsp;<strong>Zack Ryder est mort. Long vie \u00e0 Matt Cardona !<\/strong>\u00ab&nbsp;. L\u2019internaute en question a alors cherch\u00e9 soulign\u00e9 qu\u2019il n\u2019avait pas taggu\u00e9 le catcheur dans son Tweet et que ce dernier faisait donc des recherches avec les mots \u00ab&nbsp;Zack Ryder&nbsp;\u00bb. Cela aurait \u00eatre vrai si Cardona n\u2019avait pas expliqu\u00e9 qu\u2019il avait vu le Tweet vu qu\u2019il avait \u00e9t\u00e9 taggu\u00e9 dans les r\u00e9ponses.<\/p>\n\n\n\n<p>Cette r\u00e9ponse peut \u00e0 premi\u00e8re vue \u00eatre interpr\u00e9t\u00e9e par un manque d\u2019int\u00e9r\u00eat pour un retour. Cela peut \u00e9galement vouloir dire que le catcheur voudrait revenir \u00e0 la WWE mais en tant que Matt Cardona. Son \u00e9pouse Chelsea Green est par ailleurs annonc\u00e9e proche d\u2019un retour. Cette r\u00e9ponse a en tout cas vex\u00e9 un autre internaute. Celui-ci lui a alors \u00e9crit que sans Zack Ryder, personne ne le connaitrait. Cardona lui a alors r\u00e9pondu que c\u2019est vrai mais que ce chapitre de sa vie est termin\u00e9e.<\/p>\n\n\n\n\n<center><blockquote class=\"twitter-tweet\"><p lang=\"en\" dir=\"ltr\">If it wasn&#39;t for Zack Ryder, no one would know who you are.<\/p>&mdash; DBhaird \u24cb &#x1f331; (@DBhaird) <a href=\"https:\/\/twitter.com\/DBhaird\/status\/1586754870454980609?ref_src=twsrc%5Etfw\">October 30, 2022<\/a><\/blockquote> <script async src=\"https:\/\/platform.twitter.com\/widgets.js\" charset=\"utf-8\"><\/script>\n\n<p><script async=\"\" src=\"https:\/\/pagead2.googlesyndication.com\/pagead\/js\/adsbygoogle.js\"><\/script>\n<ins class=\"adsbygoogle\" style=\"display:block; text-align:center;\" data-ad-layout=\"in-article\" data-ad-format=\"fluid\" data-ad-client=\"ca-pub-1986975368136072\" data-ad-slot=\"7818521013\"><\/ins>\n<script>\n     (adsbygoogle = window.adsbygoogle || []).push({});\n<\/script><\/p><\/center>\n\n\n\n\n<p>Toujours concernant l&rsquo;ancien champion d&rsquo;Internet autoproclam\u00e9 dans son show Youtube que la WWE lui avait rapidement reprit pour y mettre fin, depuis son renvoi en avril 2020, Matt Cardona a su \u00e0 se r\u00e9inventer sur le circuit ind\u00e9pendant puis \u00e0 Impact Wrestling. Alors qu\u2019il \u00e9tait un favoris de la foule \u00e0 la WWE, l\u2019\u00e9poux de Chelsea Green est depuis depuis devenu un d\u00e9test\u00e9 des fans lors de chacune de ses apparitions. <\/p>\n\n\n\n<p>L&rsquo;ex Superstar originaire de Long Island en joue d\u2019ailleurs lors des interviews et n\u2019h\u00e9site pas \u00e0 exag\u00e9rer et se montrer grande gueule. Invit\u00e9 de l\u2019\u00e9mission\u00a0<a href=\"http:\/\/notsamwrestling.com\/\" target=\"_blank\" rel=\"noreferrer noopener\">Not Sam Wrestling<\/a>, Matt Cardona en a profit\u00e9 pour se pr\u00e9senter comme \u00e0 l\u2019origine de la cr\u00e9ation de la\u00a0AEW:<\/p>\n\n\n\n<blockquote class=\"wp-block-quote is-layout-flow wp-block-quote-is-layout-flow\"><p>\u00ab\u00a0Cela a chang\u00e9 le business. Dites mois que Z! True Long Island Story n\u2019a pas chang\u00e9 le business. Dites-moi en face que je n\u2019ai pas chang\u00e9 le business. Tous ces enfants font maintenant du vlogging. Je pense au BTE (Being The Elite) Show qui a commenc\u00e9 la AEW, je suis responsable de la AEW.<\/p><\/blockquote>\n\n\n\n<blockquote class=\"wp-block-quote is-layout-flow wp-block-quote-is-layout-flow\"><p>Je vais le dire comme cela, sans Z! True Long Island Story, il n\u2019y aurait pas de BTE et il n\u2019y aurait pas de \u2026 Laissez-moi le redire. C\u2019es du direct mon ami. Sans le Z! True Long Island Story,\u00a0 il n\u2019y aurait pas de BTE et il n\u2019y aurait pas de AEW. Vous pouvez reprendre mes propos. C\u2019est du gratuit pour les gros titres. Sean Ross Sapp, c\u2019est pour toi (\u2026)\u00a0\u00bb<\/p><\/blockquote>\n<p><\/p>","protected":false},"excerpt":{"rendered":"<p>Comme on peut le voir depuis plusieurs mois, la prise de pouvoir de Triple s\u2019accompagne de gros changements. Le roster de talents est ainsi consid\u00e9rablement remodel\u00e9 avec \u00e9norm\u00e9ment de mouvements. Depuis le mois de juillet, pr\u00e8s d\u2019une douzaine de workers qui avaient quitt\u00e9 la WWE -principalement sur renvois- ont ainsi fait leurs retours. Tout ces&#8230;<\/p>\n","protected":false},"author":4,"featured_media":76523,"comment_status":"open","ping_status":"closed","sticky":false,"template":"","format":"standard","meta":{"footnotes":""},"categories":[38,24,30,22,4,41],"tags":[],"ppma_author":[292],"class_list":["post-76522","post","type-post","status-publish","format-standard","has-post-thumbnail","hentry","category-aew","category-aew-impact-njpw-roh","category-ex-wwe","category-indy","category-news","category-tna-impact"],"authors":[{"term_id":292,"user_id":4,"is_guest":0,"slug":"jean","display_name":"Jean Vinnier","avatar_url":"https:\/\/secure.gravatar.com\/avatar\/33aba0263fd870a0b487e0e079ff407e10e3997c9d2987cbcc0db0db2c5c75a9?s=96&d=mm&r=g","0":null,"1":"","2":"","3":"","4":"","5":"","6":"","7":"","8":""}],"_links":{"self":[{"href":"https:\/\/www.jdx.info\/lutte\/wp-json\/wp\/v2\/posts\/76522","targetHints":{"allow":["GET"]}}],"collection":[{"href":"https:\/\/www.jdx.info\/lutte\/wp-json\/wp\/v2\/posts"}],"about":[{"href":"https:\/\/www.jdx.info\/lutte\/wp-json\/wp\/v2\/types\/post"}],"author":[{"embeddable":true,"href":"https:\/\/www.jdx.info\/lutte\/wp-json\/wp\/v2\/users\/4"}],"replies":[{"embeddable":true,"href":"https:\/\/www.jdx.info\/lutte\/wp-json\/wp\/v2\/comments?post=76522"}],"version-history":[{"count":1,"href":"https:\/\/www.jdx.info\/lutte\/wp-json\/wp\/v2\/posts\/76522\/revisions"}],"predecessor-version":[{"id":76524,"href":"https:\/\/www.jdx.info\/lutte\/wp-json\/wp\/v2\/posts\/76522\/revisions\/76524"}],"wp:featuredmedia":[{"embeddable":true,"href":"https:\/\/www.jdx.info\/lutte\/wp-json\/wp\/v2\/media\/76523"}],"wp:attachment":[{"href":"https:\/\/www.jdx.info\/lutte\/wp-json\/wp\/v2\/media?parent=76522"}],"wp:term":[{"taxonomy":"category","embeddable":true,"href":"https:\/\/www.jdx.info\/lutte\/wp-json\/wp\/v2\/categories?post=76522"},{"taxonomy":"post_tag","embeddable":true,"href":"https:\/\/www.jdx.info\/lutte\/wp-json\/wp\/v2\/tags?post=76522"},{"taxonomy":"author","embeddable":true,"href":"https:\/\/www.jdx.info\/lutte\/wp-json\/wp\/v2\/ppma_author?post=76522"}],"curies":[{"name":"wp","href":"https:\/\/api.w.org\/{rel}","templated":true}]}}