{"id":76220,"date":"2022-10-25T00:01:00","date_gmt":"2022-10-25T04:01:00","guid":{"rendered":"https:\/\/www.jdx.info\/lutte\/?p=76220"},"modified":"2022-10-25T14:20:40","modified_gmt":"2022-10-25T18:20:40","slug":"kevin-nash-sur-le-deces-de-son-fils-leur-decision-darreter-de-boire-vince-mcmahon-et-dautres-personnes-qui-tendent-la-main-plus","status":"publish","type":"post","link":"https:\/\/www.jdx.info\/lutte\/2022\/10\/25\/kevin-nash-sur-le-deces-de-son-fils-leur-decision-darreter-de-boire-vince-mcmahon-et-dautres-personnes-qui-tendent-la-main-plus\/","title":{"rendered":"Kevin Nash sur le d\u00e9c\u00e8s de son fils, leur d\u00e9cision d\u2019arr\u00eater de boire, Vince McMahon et d\u2019autres personnes qui tendent la main, plus!"},"content":{"rendered":"\n<p>Le Hall of Famer de la WWE, Kevin Nash, s\u2019est ouvert sur le d\u00e9c\u00e8s tragique de son fils Tristen Nash, d\u00e9c\u00e9d\u00e9 le 19 octobre \u00e0 l\u2019\u00e2ge de 26 ans.<\/p>\n\n\n\n<p>Nash a not\u00e9 dans le dernier \u00e9pisode de son podcast \u00ab&nbsp;Kliq This&nbsp;\u00bb que Tristen est d\u00e9c\u00e9d\u00e9 mercredi matin dernier \u00e0 la suite d\u2019une crise caus\u00e9e par un arr\u00eat cardiaque. Nash a r\u00e9v\u00e9l\u00e9 que lui et Tristen avaient r\u00e9cemment d\u00e9cid\u00e9 d\u2019arr\u00eater de boire de l\u2019alcool, mais qu\u2019ils \u00e9taient devenus \u00ab&nbsp;froids&nbsp;\u00bb et ne se sentaient pas bien dans les jours pr\u00e9c\u00e9dant la trag\u00e9die.<\/p>\n\n\n\n<blockquote class=\"wp-block-quote is-layout-flow wp-block-quote-is-layout-flow\"><p>\u00ab La crise a provoqu\u00e9 un arr\u00eat cardiaque. Il \u00e9tait pratiquement mort dans sa chambre sur le sol avec un ambulancier qui travaillait sur lui et ils l\u2019ont r\u00e9cup\u00e9r\u00e9, l\u2019ont fait monter dans l\u2019ambulance et ont essay\u00e9 de lui sauver la vie. Donc, aux gens de l\u2019H\u00f4pital d\u2019Halifax, aux m\u00e9decins et aux infirmi\u00e8res, je vous remercie \u00bb, a d\u00e9clar\u00e9 Nash.<\/p><\/blockquote>\n\n\n\n\n<center><p><script async=\"\" src=\"https:\/\/pagead2.googlesyndication.com\/pagead\/js\/adsbygoogle.js\"><\/script>\n<ins class=\"adsbygoogle\" style=\"display:block; text-align:center;\" data-ad-layout=\"in-article\" data-ad-format=\"fluid\" data-ad-client=\"ca-pub-1986975368136072\" data-ad-slot=\"7818521013\"><\/ins>\n<script>\n     (adsbygoogle = window.adsbygoogle || []).push({});\n<\/script><\/p><\/center>\n\n\n\n\n<blockquote class=\"wp-block-quote is-layout-flow wp-block-quote-is-layout-flow\"><p>\u00ab\u00a0Nous avions tous les deux d\u00e9cid\u00e9 que nous allions arr\u00eater de boire\u00a0\u00bb, a-t-il poursuivi. \u00ab\u00a0Donc, c\u2019\u00e9tait une situation o\u00f9 nous sommes tous les deux devenus froids. Je ne pense pas que l\u2019un ou l\u2019autre d\u2019entre nous se sentait bien parce que vous arr\u00eatez de boire du caf\u00e9 pendant une journ\u00e9e et vous avez mal \u00e0 la t\u00eate. Je pense que nous nous en occupions tous les deux, mais aussi parce que nous sommes si proches des compagnies de croisi\u00e8re ici, que la merde de norovirus est toujours pertinente.<\/p><\/blockquote>\n\n\n\n<p>On a demand\u00e9 \u00e0 Nash ce qui avait conduit \u00e0 la d\u00e9cision d\u2019arr\u00eater de boire de l\u2019alcool.<\/p>\n\n\n\n<blockquote class=\"wp-block-quote is-layout-flow wp-block-quote-is-layout-flow\"><p>\u00ab\u00a0Il avait eu quelques incidents et nous nous sommes assis ici mercredi dernier et au cours du spectacle, il a bu quatre ou cinq bi\u00e8res, \u00e0 mon insu\u00a0\u00bb, a d\u00e9clar\u00e9 Nash.<\/p><\/blockquote>\n\n\n\n<p>Nash a d\u00e9clar\u00e9 qu\u2019il \u00ab&nbsp;s\u2019\u00e9tait \u00e9nerv\u00e9&nbsp;\u00bb contre Tristen, qui avait r\u00e9cemment commenc\u00e9 \u00e0 travailler sur le podcast, pour avoir bu les bi\u00e8res parce que Tristen avait des probl\u00e8mes d\u2019alcool.<\/p>\n\n\n\n<blockquote class=\"wp-block-quote is-layout-flow wp-block-quote-is-layout-flow\"><p>\u00ab Il avait eu cette situation au d\u00e9but de l\u2019ann\u00e9e o\u00f9 il avait \u00e9t\u00e9 hospitalis\u00e9 pendant pr\u00e8s de 60 jours. C\u2019est ma croix \u00e0 porter, c\u2019est l\u2019alcoolisme \u00bb, a d\u00e9clar\u00e9 Nash.<\/p><\/blockquote>\n\n\n\n<p>Nash a ajout\u00e9 que l\u2019alcoolisme a pris un de ses amis l\u2019ann\u00e9e derni\u00e8re et a contribu\u00e9 \u00e0 la mort de son ami, le l\u00e9gendaire Hall of Famer de la WWE, Scott Hall. Maintenant, il a pris la vie de son fils \u00e0 seulement 26 ans.<\/p>\n\n\n\n<blockquote class=\"wp-block-quote is-layout-flow wp-block-quote-is-layout-flow\"><p>\u00ab\u00a0Cela a pris Scott, et maintenant il a pris mon fils\u00a0\u00bb, a poursuivi Nash, ajoutant plus tard: \u00ab\u00a0L\u2019alcool est une drogue si m\u00e9chante et c\u2019est une drogue. N\u2019importe qui, si vous n\u2019avez pas bu, vous vous \u00eates probablement rendu un service incroyable. \u00bb<\/p><\/blockquote>\n\n\n\n\n<center><p><script async=\"\" src=\"https:\/\/pagead2.googlesyndication.com\/pagead\/js\/adsbygoogle.js\"><\/script>\n<ins class=\"adsbygoogle\" style=\"display:block; text-align:center;\" data-ad-layout=\"in-article\" data-ad-format=\"fluid\" data-ad-client=\"ca-pub-1986975368136072\" data-ad-slot=\"7818521013\"><\/ins>\n<script>\n     (adsbygoogle = window.adsbygoogle || []).push({});\n<\/script><\/p><\/center>\n\n\n\n\n<blockquote class=\"wp-block-quote is-layout-flow wp-block-quote-is-layout-flow\"><p>\u00ab\u00a0J\u2019ai pass\u00e9 la moiti\u00e9 de ma vie \u00e0 glorifier le monde du rock n roll, de la charge dure, de la boisson, de la drogue, de la lutte dans lequel j\u2019ai grandi et v\u00e9cu et j\u2019ai vraiment besoin de prendre du recul par rapport \u00e0 cela et de dire:\u00a0\u00bb Tu fais partie du probl\u00e8me, Nash, tu glorises un style de vie qui tue les gens et tu dois arr\u00eater de faire \u00e7a. \u00bb<\/p><\/blockquote>\n\n\n\n<p>Nash a ensuite parl\u00e9 de la fa\u00e7on dont Tristen avait un QI \u00e9lev\u00e9, ainsi que du syndrome d\u2019Asperger.<\/p>\n\n\n\n<blockquote class=\"wp-block-quote is-layout-flow wp-block-quote-is-layout-flow\"><p>\u00ab Mon fils \u00e9tait autiste. Mon fils \u00e9tait Asperger, mon fils \u00e9tait tr\u00e8s instruit, un QI tr\u00e8s \u00e9lev\u00e9, mais mon fils \u00e9tait autiste en plus de toutes ces choses \u00bb, a-t-il d\u00e9clar\u00e9. \u00ab Ma femme et moi avons beaucoup appris de lui parce qu\u2019il explorait et enqu\u00eatait toujours. \u00bb<\/p><\/blockquote>\n\n\n\n<p>Nash a not\u00e9 comment plusieurs personnes l\u2019ont contact\u00e9, y compris l\u2019ancien pr\u00e9sident et PDG de la WWE, Vince McMahon, Vince Russo et le WWE Hall of Famer Ric Flair.<\/p>\n\n\n\n<blockquote class=\"wp-block-quote is-layout-flow wp-block-quote-is-layout-flow\"><p>\u00ab\u00a0Vince [Russo] et moi avons parl\u00e9 sur Twitter. Il \u00e9tait tr\u00e8s, tr\u00e8s gentil \u00bb, a d\u00e9clar\u00e9 Nash. \u00ab\u00a0J\u2019ai re\u00e7u un message, c\u2019\u00e9tait un num\u00e9ro du Connecticut et ce n\u2019\u00e9tait pas dans mon t\u00e9l\u00e9phone. J\u2019ai dit que c\u2019\u00e9tait probablement quelqu\u2019un du bureau et j\u2019ai commenc\u00e9 \u00e0 le lire et c\u2019\u00e9tait Vince (McMahon). Il m\u2019a dit : &lsquo;C\u2019est mon nouveau num\u00e9ro, tu as besoin de moi, je suis l\u00e0.&rsquo; \u00bb<\/p><\/blockquote>\n\n\n\n\n<center><p><script async=\"\" src=\"https:\/\/pagead2.googlesyndication.com\/pagead\/js\/adsbygoogle.js\"><\/script>\n<ins class=\"adsbygoogle\" style=\"display:block; text-align:center;\" data-ad-layout=\"in-article\" data-ad-format=\"fluid\" data-ad-client=\"ca-pub-1986975368136072\" data-ad-slot=\"7818521013\"><\/ins>\n<script>\n     (adsbygoogle = window.adsbygoogle || []).push({});\n<\/script><\/p><\/center>\n\n\n\n\n<p>Flair, qui a perdu son fils Reid en 2013 \u00e0 l\u2019\u00e2ge de 25 ans, a parl\u00e9 avec Nash et lui a donn\u00e9 de bons conseils.<\/p>\n\n\n\n<blockquote class=\"wp-block-quote is-layout-flow wp-block-quote-is-layout-flow\"><p>\u00ab\u00a0Ric [Flair] m\u2019a tendu la main et j\u2019ai tendu la main, j\u2019ai dit:\u00a0\u00bb Pouvez-vous parler? \u00a0\u00bb et il a dit: \u00ab\u00a0Bien s\u00fbr\u00a0\u00bb, alors je suis sorti pr\u00e8s de la piscine et j\u2019ai dit:\u00a0\u00bb Comment as-tu fait avec Reid? \u00bb Et nous l\u2019avons pass\u00e9 en revue et c\u2019est ce qui fait que cette merde fonctionne, pas un th\u00e9rapeute qui va me regarder et ne pas \u00eatre capable de regarder au-del\u00e0 de mon bras tatou\u00e9 ou du fait que j\u2019\u00e9tais un lutteur m\u00e9diocre. Ric m\u2019a donn\u00e9 de tr\u00e8s bons conseils \u00bb, a-t-il ajout\u00e9.<\/p><\/blockquote>\n\n\n\n<p>Nash a d\u00e9clar\u00e9 plus tard que son fils l\u2019avait aid\u00e9 \u00e0 passer \u00e0 travers l\u2019enregistrement du podcast qui a \u00e9t\u00e9 publi\u00e9 aujourd\u2019hui.<\/p>\n\n\n\n<blockquote class=\"wp-block-quote is-layout-flow wp-block-quote-is-layout-flow\"><p>\u00ab\u00a0J\u2019ai voulu d\u00e9composer tout ce spectacle, il ne me laissera pas faire\u00a0\u00bb, a d\u00e9clar\u00e9 Nash. \u00ab\u00a0Il est juste comme:\u00a0\u00bb Papa, c\u2019est ce que nous devons faire. \u00bb<\/p><\/blockquote>\n\n\n\n<blockquote class=\"wp-block-quote is-layout-flow wp-block-quote-is-layout-flow\"><p>\u00ab J\u2019avais vraiment h\u00e2te de passer mes ann\u00e9es dor\u00e9es avec mon gar\u00e7on. Je vais trouver des moyens d\u2019essayer de rester connect\u00e9 \u00bb, a d\u00e9clar\u00e9 plus tard.<\/p><\/blockquote>\n\n\n\n<center><iframe loading=\"lazy\" width=\"560\" height=\"315\" src=\"https:\/\/www.youtube.com\/embed\/mMA4beCxR8w\" title=\"YouTube video player\" frameborder=\"0\" allow=\"accelerometer; autoplay; clipboard-write; encrypted-media; gyroscope; picture-in-picture\" allowfullscreen><\/iframe><\/center>\n<p><\/p>","protected":false},"excerpt":{"rendered":"<p>Le Hall of Famer de la WWE, Kevin Nash, s\u2019est ouvert sur le d\u00e9c\u00e8s tragique de son fils Tristen Nash, d\u00e9c\u00e9d\u00e9 le 19 octobre \u00e0 l\u2019\u00e2ge de 26 ans. Nash a not\u00e9 dans le dernier \u00e9pisode de son podcast \u00ab&nbsp;Kliq This&nbsp;\u00bb que Tristen est d\u00e9c\u00e9d\u00e9 mercredi matin dernier \u00e0 la suite d\u2019une crise caus\u00e9e par&#8230;<\/p>\n","protected":false},"author":665,"featured_media":76311,"comment_status":"open","ping_status":"closed","sticky":false,"template":"","format":"standard","meta":{"footnotes":""},"categories":[24,30,77,4,23],"tags":[],"ppma_author":[289],"class_list":["post-76220","post","type-post","status-publish","format-standard","has-post-thumbnail","hentry","category-aew-impact-njpw-roh","category-ex-wwe","category-hall-of-fame","category-news","category-wwe"],"authors":[{"term_id":289,"user_id":665,"is_guest":0,"slug":"line","display_name":"Line Edmond","avatar_url":"https:\/\/secure.gravatar.com\/avatar\/852de09636413c90cdaa278312f9ea5bc4396768745424755cb63d99a05989d0?s=96&d=mm&r=g","0":null,"1":"","2":"","3":"","4":"","5":"","6":"","7":"","8":""}],"_links":{"self":[{"href":"https:\/\/www.jdx.info\/lutte\/wp-json\/wp\/v2\/posts\/76220","targetHints":{"allow":["GET"]}}],"collection":[{"href":"https:\/\/www.jdx.info\/lutte\/wp-json\/wp\/v2\/posts"}],"about":[{"href":"https:\/\/www.jdx.info\/lutte\/wp-json\/wp\/v2\/types\/post"}],"author":[{"embeddable":true,"href":"https:\/\/www.jdx.info\/lutte\/wp-json\/wp\/v2\/users\/665"}],"replies":[{"embeddable":true,"href":"https:\/\/www.jdx.info\/lutte\/wp-json\/wp\/v2\/comments?post=76220"}],"version-history":[{"count":2,"href":"https:\/\/www.jdx.info\/lutte\/wp-json\/wp\/v2\/posts\/76220\/revisions"}],"predecessor-version":[{"id":76312,"href":"https:\/\/www.jdx.info\/lutte\/wp-json\/wp\/v2\/posts\/76220\/revisions\/76312"}],"wp:featuredmedia":[{"embeddable":true,"href":"https:\/\/www.jdx.info\/lutte\/wp-json\/wp\/v2\/media\/76311"}],"wp:attachment":[{"href":"https:\/\/www.jdx.info\/lutte\/wp-json\/wp\/v2\/media?parent=76220"}],"wp:term":[{"taxonomy":"category","embeddable":true,"href":"https:\/\/www.jdx.info\/lutte\/wp-json\/wp\/v2\/categories?post=76220"},{"taxonomy":"post_tag","embeddable":true,"href":"https:\/\/www.jdx.info\/lutte\/wp-json\/wp\/v2\/tags?post=76220"},{"taxonomy":"author","embeddable":true,"href":"https:\/\/www.jdx.info\/lutte\/wp-json\/wp\/v2\/ppma_author?post=76220"}],"curies":[{"name":"wp","href":"https:\/\/api.w.org\/{rel}","templated":true}]}}