{"id":75802,"date":"2022-10-13T01:21:00","date_gmt":"2022-10-13T05:21:00","guid":{"rendered":"https:\/\/www.jdx.info\/lutte\/?p=75802"},"modified":"2022-10-13T14:41:35","modified_gmt":"2022-10-13T18:41:35","slug":"paige-explique-son-absence-a-dynamite-renee-young-parle-de-son-role-a-la-aew","status":"publish","type":"post","link":"https:\/\/www.jdx.info\/lutte\/2022\/10\/13\/paige-explique-son-absence-a-dynamite-renee-young-parle-de-son-role-a-la-aew\/","title":{"rendered":"Paige Explique son absence \u00e0 Dynamite! \/ Renee Young parle de son r\u00f4le \u00e0 la AEW!"},"content":{"rendered":"\n<p>Renee \u00ab\u00a0Young\u00a0\u00bb Paquette a fait ses d\u00e9buts \u00e0\u00a0la AEW Dynamite le 12 octobre 2022\u00a0comme intervieweuse et il a \u00e9t\u00e9 confirm\u00e9 qu&rsquo;elle a sign\u00e9 un contrat \u00e0 temps plein avec la compagnie.<\/p>\n\n\n\n<ul class=\"wp-block-list\"><li><strong><a href=\"https:\/\/www.jdx.info\/lutte\/2022\/10\/12\/resultats-et-video-du-aew-dynamite-de-toronto-du-12-octobre-2022\/\" target=\"_blank\" rel=\"noreferrer noopener\">R\u00e9sultats et vid\u00e9o du Dynamite du 12 octobre 2022.<\/a><\/strong><\/li><\/ul>\n\n\n\n<p>Elle qui a occup\u00e9 de nombreux r\u00f4les comme intervieweuse, commentatrice et animatrices pour la WWE et d&rsquo;autres r\u00e9seaux SportsNet, donc elle s&rsquo;est expliqu\u00e9e sur son podcast \u00a0\u00bbThe Sessions\u00a0\u00bb en expliquant qu&rsquo;elle est surtout revenue car le catch lui manquait <\/p>\n\n\n\n<blockquote class=\"wp-block-quote is-layout-flow wp-block-quote-is-layout-flow\"><p>\u00a0\u00bb\u00c7a me manquait d&rsquo;\u00eatre dans la Galaxy du catch. \u00c7a me manquait l&rsquo;aspect du show TV. \u00c7a me manquait la foule, \u00e7a me manquait la lumi\u00e8re, les v\u00eatements, et l&rsquo;aspect de faire un vrai show. Je suis pr\u00eate \u00e0 sortir de mes foutu joggings, c&rsquo;est ce que je veux dire.\u00a0\u00bb<\/p><\/blockquote>\n\n\n\n<p>Elle explique qu&rsquo;elle n&rsquo;a jamais discut\u00e9 directement avec Tony Khan au sujet d&rsquo;un retour dans la business malgr\u00e9 qu&rsquo;elle f\u00fbt souvent pr\u00e9sente aux shows avec Jon Moxley. Tout a commenc\u00e9 en priv\u00e9 lorsqu&rsquo;elle a parl\u00e9 de l&rsquo;id\u00e9e de revenir \u00e0 Moxley qui a pris contact avec Khan pour lancer les discussions qui ont men\u00e9es \u00e0 sa signature. Maintenant qu&rsquo;est-ce qu&rsquo;elle va faire ? Elle dit :<\/p>\n\n\n\n<blockquote class=\"wp-block-quote is-layout-flow wp-block-quote-is-layout-flow\"><p>\u00a0\u00bbJe veux \u00eatre l\u00e0 comme animatrice, comme une personnalit\u00e9, je veux \u00eatre capable d&rsquo;aider les autres s&rsquo;ils ont besoin d&rsquo;aide. Je veux \u00eatre \u00e0 l&rsquo;\u00e9coute des gens de \u00e0 toutes les mani\u00e8res que possible et utiliser mes huit ann\u00e9es d&rsquo;exp\u00e9rience \u00e0 la WWE pour voir comment je peux aider \u00e0 la AEW. Et c&rsquo;est arriv\u00e9 tellement vite. Soudainement, moi et Jon on a parlait et j&rsquo;ai l&rsquo;impression que le lendemain mon manager m&rsquo;appelait en disant que a prenait contact et qu&rsquo;on contrat arrivait.\u00a0\u00bb<\/p><\/blockquote>\n\n\n\n<center><p><script async=\"\" src=\"https:\/\/pagead2.googlesyndication.com\/pagead\/js\/adsbygoogle.js\"><\/script>\n<ins class=\"adsbygoogle\" style=\"display:block; text-align:center;\" data-ad-layout=\"in-article\" data-ad-format=\"fluid\" data-ad-client=\"ca-pub-1986975368136072\" data-ad-slot=\"7818521013\"><\/ins>\n<script>\n     (adsbygoogle = window.adsbygoogle || []).push({});\n<\/script><\/p><\/center>\n\n\n\n\n<p>Saraya n&rsquo;est pas apparue lors de\u00a0Dynamite\u00a0la nuit derni\u00e8re qui avait lieu \u00e0 Toronto, au Canada. La catcheuse qui a fait ses d\u00e9buts \u00e0 la AEW il y a maintenant trois semaines aurait \u00e9t\u00e9\u00a0autoris\u00e9e \u00e0 combattre\u00a0par le m\u00e9decin de la compagnie.<\/p>\n\n\n\n<p>Questionn\u00e9e sur Twitter par un fan qui voulait la voir lors du show de ce mercredi 12 octobre, Saraya r\u00e9v\u00e8le qu&rsquo;elle devait retourner dans son pays natal cette semaine et assure qu&rsquo;elle sera de retour pour le Dynamite de mercredi prochain.<\/p>\n\n\n\n<blockquote class=\"wp-block-quote is-layout-flow wp-block-quote-is-layout-flow\"><p>\u00ab\u00a0D\u00e9sol\u00e9e !! Je serai de retour la semaine prochaine \u00e0 Cincinnati. Je devais retourner au Royaume-Uni !\u00a0\u00bb<\/p><\/blockquote>\n<p><\/p>","protected":false},"excerpt":{"rendered":"<p>Renee \u00ab\u00a0Young\u00a0\u00bb Paquette a fait ses d\u00e9buts \u00e0\u00a0la AEW Dynamite le 12 octobre 2022\u00a0comme intervieweuse et il a \u00e9t\u00e9 confirm\u00e9 qu&rsquo;elle a sign\u00e9 un contrat \u00e0 temps plein avec la compagnie. R\u00e9sultats et vid\u00e9o du Dynamite du 12 octobre 2022. Elle qui a occup\u00e9 de nombreux r\u00f4les comme intervieweuse, commentatrice et animatrices pour la WWE&#8230;<\/p>\n","protected":false},"author":609,"featured_media":75804,"comment_status":"open","ping_status":"closed","sticky":false,"template":"","format":"standard","meta":{"footnotes":""},"categories":[38,24,30,4],"tags":[],"ppma_author":[295],"class_list":["post-75802","post","type-post","status-publish","format-standard","has-post-thumbnail","hentry","category-aew","category-aew-impact-njpw-roh","category-ex-wwe","category-news"],"authors":[{"term_id":295,"user_id":609,"is_guest":0,"slug":"rodrigo","display_name":"Rodrigue Tousignant","avatar_url":"https:\/\/secure.gravatar.com\/avatar\/51fe284bb6dbe8a6b4c2bf998ad658f4a9cd24b7e58f15ec85888070c7340ce6?s=96&d=mm&r=g","0":null,"1":"","2":"","3":"","4":"","5":"","6":"","7":"","8":""}],"_links":{"self":[{"href":"https:\/\/www.jdx.info\/lutte\/wp-json\/wp\/v2\/posts\/75802","targetHints":{"allow":["GET"]}}],"collection":[{"href":"https:\/\/www.jdx.info\/lutte\/wp-json\/wp\/v2\/posts"}],"about":[{"href":"https:\/\/www.jdx.info\/lutte\/wp-json\/wp\/v2\/types\/post"}],"author":[{"embeddable":true,"href":"https:\/\/www.jdx.info\/lutte\/wp-json\/wp\/v2\/users\/609"}],"replies":[{"embeddable":true,"href":"https:\/\/www.jdx.info\/lutte\/wp-json\/wp\/v2\/comments?post=75802"}],"version-history":[{"count":1,"href":"https:\/\/www.jdx.info\/lutte\/wp-json\/wp\/v2\/posts\/75802\/revisions"}],"predecessor-version":[{"id":75805,"href":"https:\/\/www.jdx.info\/lutte\/wp-json\/wp\/v2\/posts\/75802\/revisions\/75805"}],"wp:featuredmedia":[{"embeddable":true,"href":"https:\/\/www.jdx.info\/lutte\/wp-json\/wp\/v2\/media\/75804"}],"wp:attachment":[{"href":"https:\/\/www.jdx.info\/lutte\/wp-json\/wp\/v2\/media?parent=75802"}],"wp:term":[{"taxonomy":"category","embeddable":true,"href":"https:\/\/www.jdx.info\/lutte\/wp-json\/wp\/v2\/categories?post=75802"},{"taxonomy":"post_tag","embeddable":true,"href":"https:\/\/www.jdx.info\/lutte\/wp-json\/wp\/v2\/tags?post=75802"},{"taxonomy":"author","embeddable":true,"href":"https:\/\/www.jdx.info\/lutte\/wp-json\/wp\/v2\/ppma_author?post=75802"}],"curies":[{"name":"wp","href":"https:\/\/api.w.org\/{rel}","templated":true}]}}