{"id":75029,"date":"2022-09-30T01:01:00","date_gmt":"2022-09-30T05:01:00","guid":{"rendered":"https:\/\/www.jdx.info\/lutte\/?p=75029"},"modified":"2022-09-30T13:16:38","modified_gmt":"2022-09-30T17:16:38","slug":"la-wwe-a-un-plan-pour-finn-balor-andrade-el-idole-sur-son-depart-de-la-aew","status":"publish","type":"post","link":"https:\/\/www.jdx.info\/lutte\/2022\/09\/30\/la-wwe-a-un-plan-pour-finn-balor-andrade-el-idole-sur-son-depart-de-la-aew\/","title":{"rendered":"La WWE a un plan pour Finn Balor! \/ Andrade El Idole sur son d\u00e9part de la AEW?"},"content":{"rendered":"\n<p>Andrade El Idolo,  serait l&rsquo;un des dernier lutteur de la AEW semblant avoir des id\u00e9es de d\u00e9part.<\/p>\n\n\n\n<p>Plus t\u00f4t ce mois-ci, Malakai Black a confirm\u00e9 qu\u2019il avait demand\u00e9 sa lib\u00e9ration \u00e0 la AEW, mais cela lui a \u00e9t\u00e9 refus\u00e9, et il a rectifi\u00e9 le tout en disant qu&rsquo;il \u00e9tait en cong\u00e9 pour sa sant\u00e9 mental.<\/p>\n\n\n\n<p>Lui et Buddy Matthews (dont on ne sait pas si sa demande est r\u00e9el ou Kayfabe) prennent actuellement une pause du ring, Black disant qu\u2019ils reviendront en temps voulu.<\/p>\n\n\n\n<p>Sur Twitter, Andrade a partag\u00e9 un tweet avec le hashtag #FreeElIdolo.<\/p>\n\n\n\n<p>Ce n\u2019est pas la premi\u00e8re fois qu\u2019Andrade tease un d\u00e9part. Un r\u00e9cent tweet de l\u2019ancien champion NXT a d\u00e9j\u00e0 fait croire aux fans qu\u2019il attendait de quitter la AEW.<\/p>\n\n\n\n<p>Andrade a rejoint la AEW l\u2019ann\u00e9e derni\u00e8re mais n\u2019a pas encore d\u00e9tenu de titre. Il a depuis aim\u00e9 un tweet qui sugg\u00e9rait qu\u2019il ferait mieux \u00e0 la WWE.<\/p>\n\n\n\n<center><blockquote class=\"twitter-tweet\"><p lang=\"qme\" dir=\"ltr\"><a href=\"https:\/\/twitter.com\/hashtag\/FreeElIdolo?src=hash&amp;ref_src=twsrc%5Etfw\">#FreeElIdolo<\/a> <a href=\"https:\/\/t.co\/E8nJBpE3Pf\">pic.twitter.com\/E8nJBpE3Pf<\/a><\/p>&mdash; \u201cEL IDOLO\u201d ANDRADE (@AndradeElIdolo) <a href=\"https:\/\/twitter.com\/AndradeElIdolo\/status\/1575500033994022917?ref_src=twsrc%5Etfw\">September 29, 2022<\/a><\/blockquote> <script async src=\"https:\/\/platform.twitter.com\/widgets.js\" charset=\"utf-8\"><\/script>\n\n<p><script async=\"\" src=\"https:\/\/pagead2.googlesyndication.com\/pagead\/js\/adsbygoogle.js\"><\/script>\n<ins class=\"adsbygoogle\" style=\"display:block; text-align:center;\" data-ad-layout=\"in-article\" data-ad-format=\"fluid\" data-ad-client=\"ca-pub-1986975368136072\" data-ad-slot=\"7818521013\"><\/ins>\n<script>\n     (adsbygoogle = window.adsbygoogle || []).push({});\n<\/script><\/p><\/center>\n\n\n\n\n<p><\/p>\n\n\n\n<p>Sans transition, Il semblerait que Finn Balor serait sur le point de recevoir un push important au sein de la WWE, l\u00e0 o\u00f9 il est pr\u00e9sent depuis maintenant huit ans.<\/p>\n\n\n\n<p>D&rsquo;apr\u00e8s le une tweet de WrestleVotes,\u00a0la WWE aurait ainsi des \u00ab\u00a0plans majeurs\u00a0\u00bb pour l&rsquo;avenir de Finn Balor. Ils ne connaissent pas encore le plan pr\u00e9cis mais ils affirment que le premier champion Universel est un \u00ab\u00a0grand favori\u00a0\u00bb de la nouvelle direction de la WWE.<\/p>\n\n\n\n<p>Visiblement, Finn Balor aura une place de choix durant les prochains mois \u00e0 la WWE. Le rapport conclut en disant qu&rsquo;on devrait s&rsquo;attendre \u00e0 ce qu&rsquo;il \u00ab\u00a0joue un r\u00f4le important\u00a0\u00bb prochainement.\u00a0<\/p>\n<p><\/p>","protected":false},"excerpt":{"rendered":"<p>Andrade El Idolo, serait l&rsquo;un des dernier lutteur de la AEW semblant avoir des id\u00e9es de d\u00e9part. Plus t\u00f4t ce mois-ci, Malakai Black a confirm\u00e9 qu\u2019il avait demand\u00e9 sa lib\u00e9ration \u00e0 la AEW, mais cela lui a \u00e9t\u00e9 refus\u00e9, et il a rectifi\u00e9 le tout en disant qu&rsquo;il \u00e9tait en cong\u00e9 pour sa sant\u00e9 mental&#8230;.<\/p>\n","protected":false},"author":609,"featured_media":75034,"comment_status":"open","ping_status":"closed","sticky":false,"template":"","format":"standard","meta":{"footnotes":""},"categories":[38,24,30,4,23],"tags":[],"ppma_author":[295],"class_list":["post-75029","post","type-post","status-publish","format-standard","has-post-thumbnail","hentry","category-aew","category-aew-impact-njpw-roh","category-ex-wwe","category-news","category-wwe"],"authors":[{"term_id":295,"user_id":609,"is_guest":0,"slug":"rodrigo","display_name":"Rodrigue Tousignant","avatar_url":"https:\/\/secure.gravatar.com\/avatar\/51fe284bb6dbe8a6b4c2bf998ad658f4a9cd24b7e58f15ec85888070c7340ce6?s=96&d=mm&r=g","0":null,"1":"","2":"","3":"","4":"","5":"","6":"","7":"","8":""}],"_links":{"self":[{"href":"https:\/\/www.jdx.info\/lutte\/wp-json\/wp\/v2\/posts\/75029","targetHints":{"allow":["GET"]}}],"collection":[{"href":"https:\/\/www.jdx.info\/lutte\/wp-json\/wp\/v2\/posts"}],"about":[{"href":"https:\/\/www.jdx.info\/lutte\/wp-json\/wp\/v2\/types\/post"}],"author":[{"embeddable":true,"href":"https:\/\/www.jdx.info\/lutte\/wp-json\/wp\/v2\/users\/609"}],"replies":[{"embeddable":true,"href":"https:\/\/www.jdx.info\/lutte\/wp-json\/wp\/v2\/comments?post=75029"}],"version-history":[{"count":1,"href":"https:\/\/www.jdx.info\/lutte\/wp-json\/wp\/v2\/posts\/75029\/revisions"}],"predecessor-version":[{"id":75035,"href":"https:\/\/www.jdx.info\/lutte\/wp-json\/wp\/v2\/posts\/75029\/revisions\/75035"}],"wp:featuredmedia":[{"embeddable":true,"href":"https:\/\/www.jdx.info\/lutte\/wp-json\/wp\/v2\/media\/75034"}],"wp:attachment":[{"href":"https:\/\/www.jdx.info\/lutte\/wp-json\/wp\/v2\/media?parent=75029"}],"wp:term":[{"taxonomy":"category","embeddable":true,"href":"https:\/\/www.jdx.info\/lutte\/wp-json\/wp\/v2\/categories?post=75029"},{"taxonomy":"post_tag","embeddable":true,"href":"https:\/\/www.jdx.info\/lutte\/wp-json\/wp\/v2\/tags?post=75029"},{"taxonomy":"author","embeddable":true,"href":"https:\/\/www.jdx.info\/lutte\/wp-json\/wp\/v2\/ppma_author?post=75029"}],"curies":[{"name":"wp","href":"https:\/\/api.w.org\/{rel}","templated":true}]}}