{"id":7465,"date":"2019-07-16T13:13:55","date_gmt":"2019-07-16T17:13:55","guid":{"rendered":"http:\/\/www.jdx.info\/lutte\/?p=7465"},"modified":"2019-07-16T13:21:06","modified_gmt":"2019-07-16T17:21:06","slug":"des-vacances-pour-finn-balor-quand-et-pourquoi","status":"publish","type":"post","link":"https:\/\/www.jdx.info\/lutte\/2019\/07\/16\/des-vacances-pour-finn-balor-quand-et-pourquoi\/","title":{"rendered":"Des Vacances Pour Finn Balor, Quand et Pourquoi! Retour pour Harper, et Plus!"},"content":{"rendered":"\n<p>Dans cet Express, les raisons d&rsquo;un cong\u00e9 pour Finn Balor, le retour dans le ring pour Harper, et bien plus.<\/p>\n\n\n\n<p>&#8211; Mis de c\u00f4t\u00e9 par la WWE depuis avril, Luke Harper fait son retour dans le rings de la WWE lors du dernier week-end. Harper avait irrit\u00e9 la direction de la WWE en affirmant publiquement  qu\u2019il avait demand\u00e9 sa lib\u00e9ration de contrat. Il a donc amorc\u00e9 un cong\u00e9  forc\u00e9 par la compagnie qui a d\u00e9cid\u00e9 de ne pas l&rsquo;utilis\u00e9 sans le lib\u00e9rer.<\/p>\n\n\n\n<p>La blessure de son co\u00e9quipier Erick Rowan, alors qu\u2019il faisait \u00e9quipe  avec lui au sein des Bludgeon Brothers, avait fait en sorte que Harper  \u00e9tait peu utilis\u00e9 dans le ring. Il a par la suite lui-m\u00eame subi une  op\u00e9ration au poignet. On ne sait pas encore si Harper luttera uniquement lors d\u2019\u00e9v\u00e9nements  non t\u00e9l\u00e9vis\u00e9s, ou si les scripteurs trouveront un moyen de le r\u00e9int\u00e9grer  dans les \u00e9pisodes t\u00e9l\u00e9vis\u00e9s de RAW et Smackdown Live. <\/p>\n\n\n\n<p>&#8211; L&rsquo;ancien champion Intercontinental Finn Balor sera bient\u00f4t en cong\u00e9 pour 2  mois selon ce que nous avons apprit. C&rsquo;est l&rsquo;irlandais qui aurait demand\u00e9 \u00e0 la WWE  d&rsquo;avoir du temps pour lui en dehors de la compagnie et sa  demande aurait \u00e9t\u00e9 accept\u00e9. Il semble que ce soit pour des raisons personnelles et pouvoir recharger ses batteries en plus de gu\u00e9rir de petits bobos routiniers.<br><br> Comme vous avez pu le voir lundi soir \u00e0 RAW, Bray Wyatt dans son personnage du  \u00ab\u00a0Fiend\u00a0\u00bb a attaqu\u00e9 Balor apr\u00e8s son match contre Samoa Joe. Le but de  cette attaque serait sans surprise pour entamer une feud entre les 2  lutteurs en vu d&rsquo;un match \u00e0 Summerslam qui devrait \u00eatre le moment o\u00f9  d\u00e9buterait les vacances de Balor. <br><br>Parlant de Wyatt je vous invites \u00e0 lire les possibles plans pour lui en <a href=\"https:\/\/www.jdx.info\/lutte\/2019\/07\/14\/personne-ne-pourra-battre-bray-wyatt\/\">cliquant ici<\/a>.<\/p>\n\n\n\n<p>Pour voir ou revoir le RAW de cette semaine, <a href=\"https:\/\/www.jdx.info\/lutte\/2019\/07\/15\/regardez-le-wwe-monday-night-raw-du-15-juillet-2019-video\/\">cliquez ici<\/a>. Pour les R\u00e9sultats <a href=\"https:\/\/www.jdx.info\/lutte\/2019\/07\/15\/resultats-du-wwe-monday-night-raw-15-juillet-2019\/\">c&rsquo;est ici<\/a>.<\/p>\n\n\n\n<center><p><script async=\"\" src=\"https:\/\/pagead2.googlesyndication.com\/pagead\/js\/adsbygoogle.js\"><\/script>\n<ins class=\"adsbygoogle\" style=\"display:block; text-align:center;\" data-ad-layout=\"in-article\" data-ad-format=\"fluid\" data-ad-client=\"ca-pub-1986975368136072\" data-ad-slot=\"7818521013\"><\/ins>\n<script>\n     (adsbygoogle = window.adsbygoogle || []).push({});\n<\/script><\/p><\/center>\n\n<p><\/p>","protected":false},"excerpt":{"rendered":"<p>Dans cet Express, les raisons d&rsquo;un cong\u00e9 pour Finn Balor, le retour dans le ring pour Harper, et bien plus. &#8211; Mis de c\u00f4t\u00e9 par la WWE depuis avril, Luke Harper fait son retour dans le rings de la WWE lors du dernier week-end. Harper avait irrit\u00e9 la direction de la WWE en affirmant publiquement&#8230;<\/p>\n","protected":false},"author":4,"featured_media":7466,"comment_status":"open","ping_status":"closed","sticky":false,"template":"","format":"standard","meta":{"footnotes":""},"categories":[4,23],"tags":[],"ppma_author":[292],"class_list":["post-7465","post","type-post","status-publish","format-standard","has-post-thumbnail","hentry","category-news","category-wwe"],"authors":[{"term_id":292,"user_id":4,"is_guest":0,"slug":"jean","display_name":"Jean Vinnier","avatar_url":"https:\/\/secure.gravatar.com\/avatar\/33aba0263fd870a0b487e0e079ff407e10e3997c9d2987cbcc0db0db2c5c75a9?s=96&d=mm&r=g","0":null,"1":"","2":"","3":"","4":"","5":"","6":"","7":"","8":""}],"_links":{"self":[{"href":"https:\/\/www.jdx.info\/lutte\/wp-json\/wp\/v2\/posts\/7465","targetHints":{"allow":["GET"]}}],"collection":[{"href":"https:\/\/www.jdx.info\/lutte\/wp-json\/wp\/v2\/posts"}],"about":[{"href":"https:\/\/www.jdx.info\/lutte\/wp-json\/wp\/v2\/types\/post"}],"author":[{"embeddable":true,"href":"https:\/\/www.jdx.info\/lutte\/wp-json\/wp\/v2\/users\/4"}],"replies":[{"embeddable":true,"href":"https:\/\/www.jdx.info\/lutte\/wp-json\/wp\/v2\/comments?post=7465"}],"version-history":[{"count":2,"href":"https:\/\/www.jdx.info\/lutte\/wp-json\/wp\/v2\/posts\/7465\/revisions"}],"predecessor-version":[{"id":7468,"href":"https:\/\/www.jdx.info\/lutte\/wp-json\/wp\/v2\/posts\/7465\/revisions\/7468"}],"wp:featuredmedia":[{"embeddable":true,"href":"https:\/\/www.jdx.info\/lutte\/wp-json\/wp\/v2\/media\/7466"}],"wp:attachment":[{"href":"https:\/\/www.jdx.info\/lutte\/wp-json\/wp\/v2\/media?parent=7465"}],"wp:term":[{"taxonomy":"category","embeddable":true,"href":"https:\/\/www.jdx.info\/lutte\/wp-json\/wp\/v2\/categories?post=7465"},{"taxonomy":"post_tag","embeddable":true,"href":"https:\/\/www.jdx.info\/lutte\/wp-json\/wp\/v2\/tags?post=7465"},{"taxonomy":"author","embeddable":true,"href":"https:\/\/www.jdx.info\/lutte\/wp-json\/wp\/v2\/ppma_author?post=7465"}],"curies":[{"name":"wp","href":"https:\/\/api.w.org\/{rel}","templated":true}]}}