{"id":74626,"date":"2022-09-22T17:33:00","date_gmt":"2022-09-22T21:33:00","guid":{"rendered":"https:\/\/www.jdx.info\/lutte\/?p=74626"},"modified":"2022-09-23T10:01:46","modified_gmt":"2022-09-23T14:01:46","slug":"nouveau-rapport-sur-levenement-principal-original-aew-all-out","status":"publish","type":"post","link":"https:\/\/www.jdx.info\/lutte\/2022\/09\/22\/nouveau-rapport-sur-levenement-principal-original-aew-all-out\/","title":{"rendered":"Nouveau rapport sur l\u2019\u00e9v\u00e9nement principal original aEW ALL OUT"},"content":{"rendered":"\n<p>Plus t\u00f4t ce mois-ci, la AEW a tenu son \u00e9v\u00e9nement annuel ALL OUT \u00e0 Chicago, qui a \u00e9t\u00e9 cl\u00f4tur\u00e9 par CM Punk contre Jon Moxley pour le titre mondial, un combat que Punk a fini par gagner pour commencer son deuxi\u00e8me r\u00e8gne en tant que champion de la soci\u00e9t\u00e9.<\/p>\n\n\n\n<p>Cependant, ce n\u2019\u00e9tait pas les plans initiaux de l\u2019\u00e9mission pour l\u2019\u00e9v\u00e9nement car Punk a subi une blessure \u00e0 la suite de Double or Nothing qui a \u00e9court\u00e9 son premier r\u00e8gne pour le titre, et a depuis \u00e9t\u00e9 bless\u00e9 \u00e0 nouveau, et potentiellement termin\u00e9 avec AEW suite \u00e0 l\u2019incident d\u00e9coulant de la m\u00eal\u00e9e de presse ALL OUT.<\/p>\n\n\n\n<center><p><script async=\"\" src=\"https:\/\/pagead2.googlesyndication.com\/pagead\/js\/adsbygoogle.js\"><\/script>\n<ins class=\"adsbygoogle\" style=\"display:block; text-align:center;\" data-ad-layout=\"in-article\" data-ad-format=\"fluid\" data-ad-client=\"ca-pub-1986975368136072\" data-ad-slot=\"7818521013\"><\/ins>\n<script>\n     (adsbygoogle = window.adsbygoogle || []).push({});\n<\/script><\/p><\/center>\n\n\n\n\n<p>Selon la derni\u00e8re\u00a0<a href=\"https:\/\/www.f4wonline.com\/\">Radio Wrestling Observer<\/a>, l\u2019\u00e9v\u00e9nement principal original ALL OUT 2022 devait voir Punk affronter son plus grand rival depuis qu\u2019il a rejoint la promotion, MJF. Le titre mondial aurait \u00e9t\u00e9 en jeu. Aucun mot par contre sur le suppos\u00e9 d\u00e9nouement du match. <\/p>\n\n\n\n<p><\/p>\n\n\n\n<ul class=\"wp-block-list\"><li><strong><a href=\"https:\/\/www.jdx.info\/lutte\/2022\/09\/04\/resultats-et-video-du-aew-all-out-2022\/\" target=\"_blank\" rel=\"noreferrer noopener\">R\u00e9sultats Et Vid\u00e9o Du AEW All Out 2022!<\/a><\/strong><\/li><li><strong><a rel=\"noreferrer noopener\" href=\"https:\/\/www.jdx.info\/lutte\/2022\/09\/22\/cm-punk-ne-devrait-pas-revenir-a-aew-plusieurs-indices-et-rumeurs-vont-dans-ce-sens\/\" target=\"_blank\">CM Punk ne devrait pas revenir \u00e0 AEW! Plusieurs indices et rumeurs vont dans ce sens!<\/a><\/strong><\/li><li><strong><a rel=\"noreferrer noopener\" href=\"https:\/\/www.jdx.info\/lutte\/2022\/09\/21\/resultats-et-video-du-aew-grand-slam-dynamite-du-21-septembre-2022\/\" target=\"_blank\">R\u00e9sultats et Vid\u00e9o du AEW Grand Slam Dynamite du 21 Septembre 2022!<\/a><\/strong><\/li><li><strong><a rel=\"noreferrer noopener\" href=\"https:\/\/www.jdx.info\/lutte\/2022\/09\/21\/mjf-affirme-tenir-tony-khan-par-les-couilles-il-explique-le-probleme-des-fans-sur-twitter-meilleure-feud-de-lhistoire-et-plus\/\" target=\"_blank\">MJF affirme tenir Tony Khan par les couilles! Il explique le probl\u00e8me des fans sur Twitter!<\/a><\/strong><\/li><\/ul>\n<p><\/p>","protected":false},"excerpt":{"rendered":"<p>Plus t\u00f4t ce mois-ci, la AEW a tenu son \u00e9v\u00e9nement annuel ALL OUT \u00e0 Chicago, qui a \u00e9t\u00e9 cl\u00f4tur\u00e9 par CM Punk contre Jon Moxley pour le titre mondial, un combat que Punk a fini par gagner pour commencer son deuxi\u00e8me r\u00e8gne en tant que champion de la soci\u00e9t\u00e9. Cependant, ce n\u2019\u00e9tait pas les plans&#8230;<\/p>\n","protected":false},"author":665,"featured_media":74669,"comment_status":"open","ping_status":"closed","sticky":false,"template":"","format":"standard","meta":{"footnotes":""},"categories":[38,24,65,30,4],"tags":[],"ppma_author":[289],"class_list":["post-74626","post","type-post","status-publish","format-standard","has-post-thumbnail","hentry","category-aew","category-aew-impact-njpw-roh","category-all-out","category-ex-wwe","category-news"],"authors":[{"term_id":289,"user_id":665,"is_guest":0,"slug":"line","display_name":"Line Edmond","avatar_url":"https:\/\/secure.gravatar.com\/avatar\/852de09636413c90cdaa278312f9ea5bc4396768745424755cb63d99a05989d0?s=96&d=mm&r=g","0":null,"1":"","2":"","3":"","4":"","5":"","6":"","7":"","8":""}],"_links":{"self":[{"href":"https:\/\/www.jdx.info\/lutte\/wp-json\/wp\/v2\/posts\/74626","targetHints":{"allow":["GET"]}}],"collection":[{"href":"https:\/\/www.jdx.info\/lutte\/wp-json\/wp\/v2\/posts"}],"about":[{"href":"https:\/\/www.jdx.info\/lutte\/wp-json\/wp\/v2\/types\/post"}],"author":[{"embeddable":true,"href":"https:\/\/www.jdx.info\/lutte\/wp-json\/wp\/v2\/users\/665"}],"replies":[{"embeddable":true,"href":"https:\/\/www.jdx.info\/lutte\/wp-json\/wp\/v2\/comments?post=74626"}],"version-history":[{"count":2,"href":"https:\/\/www.jdx.info\/lutte\/wp-json\/wp\/v2\/posts\/74626\/revisions"}],"predecessor-version":[{"id":74670,"href":"https:\/\/www.jdx.info\/lutte\/wp-json\/wp\/v2\/posts\/74626\/revisions\/74670"}],"wp:featuredmedia":[{"embeddable":true,"href":"https:\/\/www.jdx.info\/lutte\/wp-json\/wp\/v2\/media\/74669"}],"wp:attachment":[{"href":"https:\/\/www.jdx.info\/lutte\/wp-json\/wp\/v2\/media?parent=74626"}],"wp:term":[{"taxonomy":"category","embeddable":true,"href":"https:\/\/www.jdx.info\/lutte\/wp-json\/wp\/v2\/categories?post=74626"},{"taxonomy":"post_tag","embeddable":true,"href":"https:\/\/www.jdx.info\/lutte\/wp-json\/wp\/v2\/tags?post=74626"},{"taxonomy":"author","embeddable":true,"href":"https:\/\/www.jdx.info\/lutte\/wp-json\/wp\/v2\/ppma_author?post=74626"}],"curies":[{"name":"wp","href":"https:\/\/api.w.org\/{rel}","templated":true}]}}