{"id":7350,"date":"2019-07-15T11:36:38","date_gmt":"2019-07-15T15:36:38","guid":{"rendered":"http:\/\/www.jdx.info\/lutte\/?p=7350"},"modified":"2019-07-15T11:50:00","modified_gmt":"2019-07-15T15:50:00","slug":"ab1-va-finalement-briser-le-silence","status":"publish","type":"post","link":"https:\/\/www.jdx.info\/lutte\/2019\/07\/15\/ab1-va-finalement-briser-le-silence\/","title":{"rendered":"AB1 va Finalement Briser le Silence sur l&rsquo;Arr\u00eat des PPVs de la WWE!"},"content":{"rendered":"\n<p>Vous le savez, depuis mercredi dernier le groupe AB avait annonc\u00e9 par l&rsquo;interm\u00e9diaire de notre ancien coll\u00e8gue et animateur pour la WWE en France, Christopher Agius, qu&rsquo;ils allaient arr\u00eat\u00e9 la diffusion des PPV les dimanches soir en direct. Une fa\u00e7on tr\u00e8s peu courageuse d&rsquo;AB1 de faire l&rsquo;annonce officiel sans communiqu\u00e9 ni explication de leur part. <\/p>\n\n\n\n<p>Nous avons tentez tant bien que mal de savoir la vraie raison depuis mercredi dernier, et ce en vain. Les c\u00f4tes d&rsquo;\u00e9coutes et le nombre d&rsquo;abonnement \u00e0 la baisse nous laissait croire \u00e0 une d\u00e9cision administrative ce qui semblait le plus logique \u00e9tant de le n\u00e9ant d&rsquo;explications. A part les deux mots des commentateurs qui \u00e9taient sur la premi\u00e8re ligne de front, n&rsquo;expliquaient en rien la d\u00e9cision de la compagnie. M\u00eame eux ne semblaient pas trop au courant de la vraie situation ou n&rsquo;avaient pas le droit d&rsquo;en parler. Et ils n&rsquo;ont jamais voulu nous dire directement ce qui en \u00e9tait, ignorant les message et les questions de nos coll\u00e8gues.<\/p>\n\n\n\n<p>Finalement, sachez que via notre coll\u00e8gue Andy Pinto de chez \u00ab\u00a0<a href=\"https:\/\/www.youtube.com\/channel\/UCO-u9cKYdHkJjPUcquoKpkQ\" target=\"_blank\" rel=\"noreferrer noopener\" aria-label=\"C'est Quoi la Suite (s\u2019ouvre dans un nouvel onglet)\">C&rsquo;est Quoi la Suite<\/a>\u00ab\u00a0, on a apprit que AB1 devraient sortir un communiqu\u00e9 sous peu pour expliquer la Situation qui en a f\u00e2ch\u00e9 plus d&rsquo;un, les privant d&rsquo;Extreme Rules hier soir, et des futurs ppvs de la WWE.<\/p>\n\n\n\n<p>Nous continuons de suivre le dossier pour justement vous dire c&rsquo;est quoi la suite. <\/p>\n\n\n\n<center><p><script async=\"\" src=\"https:\/\/pagead2.googlesyndication.com\/pagead\/js\/adsbygoogle.js\"><\/script>\n<ins class=\"adsbygoogle\" style=\"display:block; text-align:center;\" data-ad-layout=\"in-article\" data-ad-format=\"fluid\" data-ad-client=\"ca-pub-1986975368136072\" data-ad-slot=\"7818521013\"><\/ins>\n<script>\n     (adsbygoogle = window.adsbygoogle || []).push({});\n<\/script><\/p><\/center>\n<p>Vous pouvez me suivre et m&rsquo;ajouter personnellement sur Facebook en <a href=\"https:\/\/www.facebook.com\/JasonDarkCashDescoteaux\/\" target=\"sociaux\" rel=\"noopener noreferrer\">cliquant ici<\/a>. Et merci de suivre Info-Lutte via <a href=\"https:\/\/www.facebook.com\/InfoLuttenet\/\" target=\"sociaux\" rel=\"noopener noreferrer\">Facebook <\/a>ou <a href=\"https:\/\/twitter.com\/InfoLutte\" target=\"sociaux\" rel=\"noopener noreferrer\">Twitter @INFOLUTTE<\/a>, ou de visiter ce qui est autour du site  pour nous aider \u00e0 vous en offrir toujours plus. Vous voulez faire parti de l&rsquo;\u00e9quipe, contactez moi! \n\n<p><\/p>","protected":false},"excerpt":{"rendered":"<p>Vous le savez, depuis mercredi dernier le groupe AB avait annonc\u00e9 par l&rsquo;interm\u00e9diaire de notre ancien coll\u00e8gue et animateur pour la WWE en France, Christopher Agius, qu&rsquo;ils allaient arr\u00eat\u00e9 la diffusion des PPV les dimanches soir en direct. Une fa\u00e7on tr\u00e8s peu courageuse d&rsquo;AB1 de faire l&rsquo;annonce officiel sans communiqu\u00e9 ni explication de leur part&#8230;.<\/p>\n","protected":false},"author":2,"featured_media":7353,"comment_status":"open","ping_status":"closed","sticky":false,"template":"","format":"standard","meta":{"footnotes":""},"categories":[4,23],"tags":[],"ppma_author":[287],"class_list":["post-7350","post","type-post","status-publish","format-standard","has-post-thumbnail","hentry","category-news","category-wwe"],"authors":[{"term_id":287,"user_id":2,"is_guest":0,"slug":"jason","display_name":"Jason Desc\u00f4teaux","avatar_url":"https:\/\/secure.gravatar.com\/avatar\/f64adf6d13198c3a532c061cecd8672089a1e9a3d07c702dffe886a7e55a15eb?s=96&d=mm&r=g","0":null,"1":"","2":"","3":"","4":"","5":"","6":"","7":"","8":""}],"_links":{"self":[{"href":"https:\/\/www.jdx.info\/lutte\/wp-json\/wp\/v2\/posts\/7350","targetHints":{"allow":["GET"]}}],"collection":[{"href":"https:\/\/www.jdx.info\/lutte\/wp-json\/wp\/v2\/posts"}],"about":[{"href":"https:\/\/www.jdx.info\/lutte\/wp-json\/wp\/v2\/types\/post"}],"author":[{"embeddable":true,"href":"https:\/\/www.jdx.info\/lutte\/wp-json\/wp\/v2\/users\/2"}],"replies":[{"embeddable":true,"href":"https:\/\/www.jdx.info\/lutte\/wp-json\/wp\/v2\/comments?post=7350"}],"version-history":[{"count":6,"href":"https:\/\/www.jdx.info\/lutte\/wp-json\/wp\/v2\/posts\/7350\/revisions"}],"predecessor-version":[{"id":7358,"href":"https:\/\/www.jdx.info\/lutte\/wp-json\/wp\/v2\/posts\/7350\/revisions\/7358"}],"wp:featuredmedia":[{"embeddable":true,"href":"https:\/\/www.jdx.info\/lutte\/wp-json\/wp\/v2\/media\/7353"}],"wp:attachment":[{"href":"https:\/\/www.jdx.info\/lutte\/wp-json\/wp\/v2\/media?parent=7350"}],"wp:term":[{"taxonomy":"category","embeddable":true,"href":"https:\/\/www.jdx.info\/lutte\/wp-json\/wp\/v2\/categories?post=7350"},{"taxonomy":"post_tag","embeddable":true,"href":"https:\/\/www.jdx.info\/lutte\/wp-json\/wp\/v2\/tags?post=7350"},{"taxonomy":"author","embeddable":true,"href":"https:\/\/www.jdx.info\/lutte\/wp-json\/wp\/v2\/ppma_author?post=7350"}],"curies":[{"name":"wp","href":"https:\/\/api.w.org\/{rel}","templated":true}]}}