{"id":73271,"date":"2022-08-21T20:38:54","date_gmt":"2022-08-22T00:38:54","guid":{"rendered":"https:\/\/www.jdx.info\/lutte\/?p=73271"},"modified":"2022-08-21T20:38:57","modified_gmt":"2022-08-22T00:38:57","slug":"jeff-jarrett-nest-plus-vp-des-live-event-de-la-wwe-shane-thorne-dit-quil-est-agent-libre","status":"publish","type":"post","link":"https:\/\/www.jdx.info\/lutte\/2022\/08\/21\/jeff-jarrett-nest-plus-vp-des-live-event-de-la-wwe-shane-thorne-dit-quil-est-agent-libre\/","title":{"rendered":"Jeff Jarrett n&rsquo;est plus VP des Live Event de la WWE! \/ Shane Thorne dit qu&rsquo;il est agent libre!"},"content":{"rendered":"\n<p>L&rsquo;ancienne star de la WWE \/ NXT Shane Haste (Thorne) a r\u00e9cemment parl\u00e9 avec Fightful d&rsquo;un large \u00e9ventail de sujets de lutte professionnelle, y compris la signification du nom TMDK et comment il est actuellement agent libre sur le march\u00e9 de la concurence.<\/p>\n\n\n\n<p> Les faits saillants de l&rsquo;entrevue peuvent \u00eatre trouv\u00e9s ci-dessous.<\/p>\n\n\n\n<p>Il dit qu&rsquo;il est un agent libre sur le march\u00e9 de la lutte comp\u00e9titive:<\/p>\n\n\n\n<blockquote class=\"wp-block-quote is-layout-flow wp-block-quote-is-layout-flow\"><p>\u00ab Je suis un agent libre. Je fais juste [en montrant des choses]. Je ne suis sous contrat qu&rsquo;avec ma fianc\u00e9e. C&rsquo;est \u00e7a. Ce qui doit arriver arrivera. C&rsquo;est le truc avec moi. Je sais qu&rsquo;il y a eu une discussion que nous avions eue lorsque nous avons rejoint NXT et WWE pour la premi\u00e8re fois et que nous avons apport\u00e9 le nom de l&rsquo;\u00e9quipe l\u00e0-bas, nous ne voulions pas le faire. Nous avons d&rsquo;autres gars au Japon, Harley Jackson, nous avons d&rsquo;autres gars partout en Australie avec Slex et il fait aussi des trucs NOAH.<\/p><\/blockquote>\n\n\n\n<p>Sur le nom TMDK&nbsp;:<\/p>\n\n\n\n<blockquote class=\"wp-block-quote is-layout-flow wp-block-quote-is-layout-flow\"><p>\u00ab\u00a0C&rsquo;\u00e9tait le but du nom TMDK, c&rsquo;\u00e9tait d&rsquo;avoir cette ind\u00e9pendance et d&rsquo;aller de l&rsquo;avant et de faire ce que vous pouvez faire. Donc, si la WWE poss\u00e9dait cela, je pense que cela ruinerait l&rsquo;h\u00e9ritage que nous avons avec cela, si cela a un sens.<\/p><\/blockquote>\n\n\n\n<center><p><script async=\"\" src=\"https:\/\/pagead2.googlesyndication.com\/pagead\/js\/adsbygoogle.js\"><\/script>\n<ins class=\"adsbygoogle\" style=\"display:block; text-align:center;\" data-ad-layout=\"in-article\" data-ad-format=\"fluid\" data-ad-client=\"ca-pub-1986975368136072\" data-ad-slot=\"7818521013\"><\/ins>\n<script>\n     (adsbygoogle = window.adsbygoogle || []).push({});\n<\/script><\/p><\/center>\n\n\n\n\n<p>Jeff Jarrett, n&rsquo;est plus le vice-pr\u00e9sident principal des \u00e9v\u00e9nements en direct (House Show) de la soci\u00e9t\u00e9.<\/p>\n\n\n\n<p>Selon notre source tr\u00e8s fiable, Double-J a termin\u00e9 ses fonctions ce vendredi et passera \u00e0 autre chose. Ce n&rsquo;est donc pas lui qui g\u00e8re le show de Qu\u00e9bec City ce soir. <\/p>\n\n\n\n<p>Il a \u00e9t\u00e9 embauch\u00e9 en 2019 en tant que producteur, mais est \u00e9galement apparu dans le match Royal Rumble de cette ann\u00e9e-l\u00e0. En mars, il a \u00e9t\u00e9 mut\u00e9 au poste de vice-pr\u00e9sident principal.<\/p>\n\n\n\n<p>En plus de son travail \u00e0 la WWE au cours des trois derni\u00e8res ann\u00e9es, Jarrett a concouru pour GCW et a \u00e9galement lanc\u00e9 un podcast r\u00e9ussi avec Conrad Thompson.<\/p>\n\n\n\n<p>Les \u00e9chos disent que Jarrett abordera la situation lors de son prochain \u00e9pisode.<\/p>\n<p><\/p>","protected":false},"excerpt":{"rendered":"<p>L&rsquo;ancienne star de la WWE \/ NXT Shane Haste (Thorne) a r\u00e9cemment parl\u00e9 avec Fightful d&rsquo;un large \u00e9ventail de sujets de lutte professionnelle, y compris la signification du nom TMDK et comment il est actuellement agent libre sur le march\u00e9 de la concurence. Les faits saillants de l&rsquo;entrevue peuvent \u00eatre trouv\u00e9s ci-dessous. Il dit qu&rsquo;il&#8230;<\/p>\n","protected":false},"author":2,"featured_media":73272,"comment_status":"open","ping_status":"closed","sticky":false,"template":"","format":"standard","meta":{"footnotes":""},"categories":[24,30,77,22,4],"tags":[],"ppma_author":[287],"class_list":["post-73271","post","type-post","status-publish","format-standard","has-post-thumbnail","hentry","category-aew-impact-njpw-roh","category-ex-wwe","category-hall-of-fame","category-indy","category-news"],"authors":[{"term_id":287,"user_id":2,"is_guest":0,"slug":"jason","display_name":"Jason Desc\u00f4teaux","avatar_url":"https:\/\/secure.gravatar.com\/avatar\/f64adf6d13198c3a532c061cecd8672089a1e9a3d07c702dffe886a7e55a15eb?s=96&d=mm&r=g","0":null,"1":"","2":"","3":"","4":"","5":"","6":"","7":"","8":""}],"_links":{"self":[{"href":"https:\/\/www.jdx.info\/lutte\/wp-json\/wp\/v2\/posts\/73271","targetHints":{"allow":["GET"]}}],"collection":[{"href":"https:\/\/www.jdx.info\/lutte\/wp-json\/wp\/v2\/posts"}],"about":[{"href":"https:\/\/www.jdx.info\/lutte\/wp-json\/wp\/v2\/types\/post"}],"author":[{"embeddable":true,"href":"https:\/\/www.jdx.info\/lutte\/wp-json\/wp\/v2\/users\/2"}],"replies":[{"embeddable":true,"href":"https:\/\/www.jdx.info\/lutte\/wp-json\/wp\/v2\/comments?post=73271"}],"version-history":[{"count":1,"href":"https:\/\/www.jdx.info\/lutte\/wp-json\/wp\/v2\/posts\/73271\/revisions"}],"predecessor-version":[{"id":73273,"href":"https:\/\/www.jdx.info\/lutte\/wp-json\/wp\/v2\/posts\/73271\/revisions\/73273"}],"wp:featuredmedia":[{"embeddable":true,"href":"https:\/\/www.jdx.info\/lutte\/wp-json\/wp\/v2\/media\/73272"}],"wp:attachment":[{"href":"https:\/\/www.jdx.info\/lutte\/wp-json\/wp\/v2\/media?parent=73271"}],"wp:term":[{"taxonomy":"category","embeddable":true,"href":"https:\/\/www.jdx.info\/lutte\/wp-json\/wp\/v2\/categories?post=73271"},{"taxonomy":"post_tag","embeddable":true,"href":"https:\/\/www.jdx.info\/lutte\/wp-json\/wp\/v2\/tags?post=73271"},{"taxonomy":"author","embeddable":true,"href":"https:\/\/www.jdx.info\/lutte\/wp-json\/wp\/v2\/ppma_author?post=73271"}],"curies":[{"name":"wp","href":"https:\/\/api.w.org\/{rel}","templated":true}]}}