{"id":73197,"date":"2022-08-21T10:49:18","date_gmt":"2022-08-21T14:49:18","guid":{"rendered":"https:\/\/www.jdx.info\/lutte\/?p=73197"},"modified":"2022-08-21T10:50:14","modified_gmt":"2022-08-21T14:50:14","slug":"la-storyline-entre-chris-jericho-et-eddie-kingston-devait-etre-toute-differente-lancienne-equipe-du-quebec-2-0-signent-une-prolongation-de-contrat-a-la-aew","status":"publish","type":"post","link":"https:\/\/www.jdx.info\/lutte\/2022\/08\/21\/la-storyline-entre-chris-jericho-et-eddie-kingston-devait-etre-toute-differente-lancienne-equipe-du-quebec-2-0-signent-une-prolongation-de-contrat-a-la-aew\/","title":{"rendered":"La Storyline entre Chris Jericho et Eddie Kingston devait \u00eatre toute diff\u00e9rente! \/ L&rsquo;ancienne \u00e9quipe du Qu\u00e9bec 2.0 signent une prolongation de contrat \u00e0 la AEW!"},"content":{"rendered":"\n<p>Il se dit que la AEW aurait sign\u00e9 Matt Menard et Angelo Parker pour des prolongations de contrat.<\/p>\n\n\n\n<p>L\u2019\u00e9quipe anciennement connue sous le nom d\u2019Ever-Rise et 2.0 avait rejoint la AEW le 4 ao\u00fbt 2021, et il a \u00e9t\u00e9 annonc\u00e9 plus t\u00f4t ce mois-ci qu\u2019ils avaient sign\u00e9 des contrats \u00e0 temps plein. Maintenant. Notre source Select rapporte qu\u2019ils ont r\u00e9cemment sign\u00e9 de nouvelles prolongations de contrat.<\/p>\n\n\n\n<p>Il a \u00e9t\u00e9 not\u00e9 que \u00ab&nbsp;Daddy Magic&nbsp;\u00bb Menard et \u00ab&nbsp;Cool Hand&nbsp;\u00bb Parker ont re\u00e7u de nombreux \u00e9loges de la part des fans et des coll\u00e8gues pour leur travail dans la compagnie de Tony Khan. Il a \u00e9galement \u00e9t\u00e9 dit que d\u2019autres talents de la AEW les ont f\u00e9licit\u00e9s comme \u00e9tant bons \u00ab\u00a0workers\u00a0\u00bb depuis qu\u2019ils ont rejoint l\u2019entreprise.<\/p>\n\n\n\n<p>Menard et Parker sont actuellement membres de la Jericho Appreciation Society. Menard a r\u00e9cemment comment\u00e9 la AEW alors qu\u2019il se remettait de blessures \u00e0 l\u2019\u00e9paule, au labrum et \u00e0 la coiffe des rotateurs qu\u2019il a dit avoir subies lors du match \u00e0 Blood &amp; Guts plus t\u00f4t cette ann\u00e9e. Parker est toujours pr\u00e9sent\u00e9 avec la JAS \u00e0 la t\u00e9l\u00e9 lors des promos.<\/p>\n\n\n\n<p>Menard et Parker ont sign\u00e9 des prolongations de contrat \u00e0 la WWE (NXT) \u00e0 la mi-juin 2021, mais ont \u00e9t\u00e9 lib\u00e9r\u00e9s avec d\u2019autres coupes budg\u00e9taires seulement 10 jours plus tard. Ils avaient des supporters au sein de la WWE en raison de leur \u00e9thique de travail et de leur travail sur le ring, et cela semble s\u2019\u00eatre r\u00e9percut\u00e9 \u00e0 la AEW.  <\/p>\n\n\n\n<center><p><script async=\"\" src=\"https:\/\/pagead2.googlesyndication.com\/pagead\/js\/adsbygoogle.js\"><\/script>\n<ins class=\"adsbygoogle\" style=\"display:block; text-align:center;\" data-ad-layout=\"in-article\" data-ad-format=\"fluid\" data-ad-client=\"ca-pub-1986975368136072\" data-ad-slot=\"7818521013\"><\/ins>\n<script>\n     (adsbygoogle = window.adsbygoogle || []).push({});\n<\/script><\/p><\/center>\n\n\n\n<p>Le d\u00e9but d\u2019ann\u00e9e \u00e0 la AEW a \u00e9t\u00e9 marqu\u00e9 par une rivalit\u00e9 entre Chris Jericho et Eddie Kingston, le premier refusant de donner son respect au second tant bien m\u00eame sa d\u00e9faite \u00e0 Revolution. <\/p>\n\n\n\n<p>C\u2019est dans la foul\u00e9e de ce PPV que le v\u00e9t\u00e9ran canadien a tourn\u00e9 heel en formation la Jericho Appreciation Society. Sauf que la storyline de d\u00e9part n\u2019\u00e9tait pas du tout celle-ci. C\u2019est l\u2019ancien leader de l\u2019Inner Circle qui l\u2019a r\u00e9v\u00e9l\u00e9 lui-m\u00eame lors de sa venue au podcast Swerve City de Swerve Strickland:<\/p>\n\n\n\n<blockquote class=\"wp-block-quote is-layout-flow wp-block-quote-is-layout-flow\"><p>Quand nous avons commenc\u00e9 \u00e0 faire notre angle, nous devions \u00e0 la fin devenir une \u00e9quipe Eddie et moi et bien nous entendre. J\u2019ai eu cependant un probl\u00e8me m\u00e9dical et Eddie s\u2019est fractur\u00e9 l\u2019os orbital. Il a ensuite mentionn\u00e9 Santana et Ortiz en disant \u00ab\u00a0J<em>ericho est celui qui vous \u00e9loigne des titres<\/em>\u00a0\u00bb. Tr\u00e8s bien si je ne peux pas travailler avec Eddie du fait de ma blessure, peut-\u00eatre que je peux faire quelque chose avec Santana et Ortiz parce qu\u2019ils sont en quelques sortes li\u00e9 \u00e0 Eddie. Il y avait un truc \u00e0 faire.<\/p><\/blockquote>\n\n\n\n<p><strong><a href=\"https:\/\/www.jdx.info\/lutte\/2022\/08\/17\/resultats-et-video-du-aew-dynamite-du-17-aout-2022\/\" target=\"_blank\" rel=\"noreferrer noopener\">R\u00e9sultats et Vid\u00e9o du AEW Dynamite House of The Dragon du 17 ao\u00fbt 2022!<\/a><\/strong><\/p>\n<p><\/p>","protected":false},"excerpt":{"rendered":"<p>Il se dit que la AEW aurait sign\u00e9 Matt Menard et Angelo Parker pour des prolongations de contrat. L\u2019\u00e9quipe anciennement connue sous le nom d\u2019Ever-Rise et 2.0 avait rejoint la AEW le 4 ao\u00fbt 2021, et il a \u00e9t\u00e9 annonc\u00e9 plus t\u00f4t ce mois-ci qu\u2019ils avaient sign\u00e9 des contrats \u00e0 temps plein. Maintenant. Notre source&#8230;<\/p>\n","protected":false},"author":665,"featured_media":73255,"comment_status":"open","ping_status":"closed","sticky":false,"template":"","format":"standard","meta":{"footnotes":""},"categories":[38,24,30,4],"tags":[],"ppma_author":[289],"class_list":["post-73197","post","type-post","status-publish","format-standard","has-post-thumbnail","hentry","category-aew","category-aew-impact-njpw-roh","category-ex-wwe","category-news"],"authors":[{"term_id":289,"user_id":665,"is_guest":0,"slug":"line","display_name":"Line Edmond","avatar_url":"https:\/\/secure.gravatar.com\/avatar\/852de09636413c90cdaa278312f9ea5bc4396768745424755cb63d99a05989d0?s=96&d=mm&r=g","0":null,"1":"","2":"","3":"","4":"","5":"","6":"","7":"","8":""}],"_links":{"self":[{"href":"https:\/\/www.jdx.info\/lutte\/wp-json\/wp\/v2\/posts\/73197","targetHints":{"allow":["GET"]}}],"collection":[{"href":"https:\/\/www.jdx.info\/lutte\/wp-json\/wp\/v2\/posts"}],"about":[{"href":"https:\/\/www.jdx.info\/lutte\/wp-json\/wp\/v2\/types\/post"}],"author":[{"embeddable":true,"href":"https:\/\/www.jdx.info\/lutte\/wp-json\/wp\/v2\/users\/665"}],"replies":[{"embeddable":true,"href":"https:\/\/www.jdx.info\/lutte\/wp-json\/wp\/v2\/comments?post=73197"}],"version-history":[{"count":4,"href":"https:\/\/www.jdx.info\/lutte\/wp-json\/wp\/v2\/posts\/73197\/revisions"}],"predecessor-version":[{"id":73258,"href":"https:\/\/www.jdx.info\/lutte\/wp-json\/wp\/v2\/posts\/73197\/revisions\/73258"}],"wp:featuredmedia":[{"embeddable":true,"href":"https:\/\/www.jdx.info\/lutte\/wp-json\/wp\/v2\/media\/73255"}],"wp:attachment":[{"href":"https:\/\/www.jdx.info\/lutte\/wp-json\/wp\/v2\/media?parent=73197"}],"wp:term":[{"taxonomy":"category","embeddable":true,"href":"https:\/\/www.jdx.info\/lutte\/wp-json\/wp\/v2\/categories?post=73197"},{"taxonomy":"post_tag","embeddable":true,"href":"https:\/\/www.jdx.info\/lutte\/wp-json\/wp\/v2\/tags?post=73197"},{"taxonomy":"author","embeddable":true,"href":"https:\/\/www.jdx.info\/lutte\/wp-json\/wp\/v2\/ppma_author?post=73197"}],"curies":[{"name":"wp","href":"https:\/\/api.w.org\/{rel}","templated":true}]}}