{"id":71974,"date":"2022-07-15T01:35:00","date_gmt":"2022-07-15T05:35:00","guid":{"rendered":"https:\/\/www.jdx.info\/lutte\/?p=71974"},"modified":"2022-07-15T13:40:53","modified_gmt":"2022-07-15T17:40:53","slug":"cody-rhodes-en-retard-sur-sa-rehabilitation-alberto-el-patron-del-rio-a-la-aew","status":"publish","type":"post","link":"https:\/\/www.jdx.info\/lutte\/2022\/07\/15\/cody-rhodes-en-retard-sur-sa-rehabilitation-alberto-el-patron-del-rio-a-la-aew\/","title":{"rendered":"Cody Rhodes en retard sur sa r\u00e9habilitation! \/ Alberto El Patron Del Rio \u00e0 la AEW ?"},"content":{"rendered":"\n<p>Il est maintenant \u00e2g\u00e9 de 45 ans et blacklist\u00e9 un peu partout aux USA, Alberto El Patron n\u2019a cependant pas perdu ses r\u00eaves de grandeurs.<\/p>\n\n\n\n<p> Apr\u00e8s avoir \u00e0 de multiples reprises annonc\u00e9s son retour \u00e0 la WWE, le v\u00e9t\u00e9ran mexicain a fait savoir \u00e0 NBC Sports Boston qu\u2019il n\u2019\u00e9tait pas contre l\u2019id\u00e9e d\u2019aller \u00e0 la AEW:<\/p>\n\n\n\n<blockquote class=\"wp-block-quote is-layout-flow wp-block-quote-is-layout-flow\"><p>Je serais int\u00e9ress\u00e9 \u00e0 l\u2019id\u00e9e d\u2019aller \u00e0 la AEW ou tout autre grosse compagnie. Je m\u00e9rit\u00e9 d\u2019\u00eatre dans une grande compagnie. Une fois que cela a \u00e9t\u00e9 prouv\u00e9 que je disais la v\u00e9rit\u00e9 au sujet de toutes ces choses (son proc\u00e8s pour s\u00e9questration et viol), j\u2019esp\u00e8re que \u2026 Je sais que je m\u00e9rite d\u2019\u00eatre l\u00e0-bas et continuer \u00e0 divertir et reconstruire mon histoire dans ce business que j\u2019aime tant. J\u2019adorerais donc travailler pour n\u2019importe quelle grosse promotion. Je n\u2019ai pas encore parl\u00e9 avec eux (la AEW). J\u2019ai parl\u00e9 avec des gens d\u2019autres compagnies, mais pas la AEW. J\u2019ai cependant de bons amis l\u00e0-bas comme Phil, CM Punk qui est l\u2019un de mes amis dans le business ou Chris Jericho qui a toujours \u00e9t\u00e9 cool avec moi. On a toujours eu une bonne relation quand nous travaillions \u00e0 la WWE. Je connais tous les autres et je me suis toujours bien entendu avec Daniel Bryan, Jack Swagger et d\u2019autres anciens du circuit Indy.<\/p><\/blockquote>\n\n\n\n<center><p><script async=\"\" src=\"https:\/\/pagead2.googlesyndication.com\/pagead\/js\/adsbygoogle.js\"><\/script>\n<ins class=\"adsbygoogle\" style=\"display:block; text-align:center;\" data-ad-layout=\"in-article\" data-ad-format=\"fluid\" data-ad-client=\"ca-pub-1986975368136072\" data-ad-slot=\"7818521013\"><\/ins>\n<script>\n     (adsbygoogle = window.adsbygoogle || []).push({});\n<\/script><\/p><\/center>\n\n\n\n\n<p><\/p>\n\n\n\n<p>Cody Rhodes est toujours en r\u00e9habilitation pour soigner son muscle pectoral apr\u00e8s l&rsquo;op\u00e9ration.<\/p>\n\n\n\n<p>La date pr\u00e9cise du retour de Cody Rhodes reste toujours inconnue pour l&rsquo;instant et cette semaine il a d\u00e9clar\u00e9 que m\u00eame lui ne savait pas cette date car les m\u00e9decins ont peur qu&rsquo;il ne suive pas l&rsquo;\u00e9ch\u00e9ancier. <\/p>\n\n\n\n<p>Sa d\u00e9claration sur Busted Open Radio :<\/p>\n\n\n\n<blockquote class=\"wp-block-quote is-layout-flow wp-block-quote-is-layout-flow\"><p>\u00a0\u00bbQuand c&rsquo;est une blessure au pec, c&rsquo;est une blessure bien \u00e9trange. Ils l&rsquo;attachent \u00e0 ton biceps. J&rsquo;ai eu Dr. Dugas, il est le meilleur au monde pour le faire. Le probl\u00e8me avec lui c&rsquo;est qu&rsquo;il me conna\u00eet et qu&rsquo;ils sont tr\u00e8s secret. La derni\u00e8re fois que j&rsquo;\u00e9tais l\u00e0 pour une \u00e9valuation, apr\u00e8s la th\u00e9rapie physique, on m&rsquo;a dit qu&rsquo;ils ne vont pas encore me donner de calendrier pour quand je serai de retour parce qu&rsquo;ils ont peur que s&rsquo;ils me donnent ce d\u00e9lai que je vais essayer de passer devant d&rsquo;un mois ou deux. J&rsquo;ai failli faire une h\u00e9morragie pendant l&rsquo;op\u00e9ration parce qu&rsquo;il y avait tellement de sang Les gens l&rsquo;ont vu pendant le match.\u00a0\u00bb<\/p><\/blockquote>\n\n\n\n<p>Est-ce du Keyfabe pour garder la surprise de son retour pour le Royal Rumble, il semble que non mais rien n&rsquo;est impossible il faudra suivre son dossier.<\/p>\n<p><\/p>","protected":false},"excerpt":{"rendered":"<p>Il est maintenant \u00e2g\u00e9 de 45 ans et blacklist\u00e9 un peu partout aux USA, Alberto El Patron n\u2019a cependant pas perdu ses r\u00eaves de grandeurs. Apr\u00e8s avoir \u00e0 de multiples reprises annonc\u00e9s son retour \u00e0 la WWE, le v\u00e9t\u00e9ran mexicain a fait savoir \u00e0 NBC Sports Boston qu\u2019il n\u2019\u00e9tait pas contre l\u2019id\u00e9e d\u2019aller \u00e0 la&#8230;<\/p>\n","protected":false},"author":609,"featured_media":71975,"comment_status":"open","ping_status":"closed","sticky":false,"template":"","format":"standard","meta":{"footnotes":""},"categories":[38,24,30,22,4,23],"tags":[],"ppma_author":[295],"class_list":["post-71974","post","type-post","status-publish","format-standard","has-post-thumbnail","hentry","category-aew","category-aew-impact-njpw-roh","category-ex-wwe","category-indy","category-news","category-wwe"],"authors":[{"term_id":295,"user_id":609,"is_guest":0,"slug":"rodrigo","display_name":"Rodrigue Tousignant","avatar_url":"https:\/\/secure.gravatar.com\/avatar\/51fe284bb6dbe8a6b4c2bf998ad658f4a9cd24b7e58f15ec85888070c7340ce6?s=96&d=mm&r=g","0":null,"1":"","2":"","3":"","4":"","5":"","6":"","7":"","8":""}],"_links":{"self":[{"href":"https:\/\/www.jdx.info\/lutte\/wp-json\/wp\/v2\/posts\/71974","targetHints":{"allow":["GET"]}}],"collection":[{"href":"https:\/\/www.jdx.info\/lutte\/wp-json\/wp\/v2\/posts"}],"about":[{"href":"https:\/\/www.jdx.info\/lutte\/wp-json\/wp\/v2\/types\/post"}],"author":[{"embeddable":true,"href":"https:\/\/www.jdx.info\/lutte\/wp-json\/wp\/v2\/users\/609"}],"replies":[{"embeddable":true,"href":"https:\/\/www.jdx.info\/lutte\/wp-json\/wp\/v2\/comments?post=71974"}],"version-history":[{"count":1,"href":"https:\/\/www.jdx.info\/lutte\/wp-json\/wp\/v2\/posts\/71974\/revisions"}],"predecessor-version":[{"id":71976,"href":"https:\/\/www.jdx.info\/lutte\/wp-json\/wp\/v2\/posts\/71974\/revisions\/71976"}],"wp:featuredmedia":[{"embeddable":true,"href":"https:\/\/www.jdx.info\/lutte\/wp-json\/wp\/v2\/media\/71975"}],"wp:attachment":[{"href":"https:\/\/www.jdx.info\/lutte\/wp-json\/wp\/v2\/media?parent=71974"}],"wp:term":[{"taxonomy":"category","embeddable":true,"href":"https:\/\/www.jdx.info\/lutte\/wp-json\/wp\/v2\/categories?post=71974"},{"taxonomy":"post_tag","embeddable":true,"href":"https:\/\/www.jdx.info\/lutte\/wp-json\/wp\/v2\/tags?post=71974"},{"taxonomy":"author","embeddable":true,"href":"https:\/\/www.jdx.info\/lutte\/wp-json\/wp\/v2\/ppma_author?post=71974"}],"curies":[{"name":"wp","href":"https:\/\/api.w.org\/{rel}","templated":true}]}}