{"id":7054,"date":"2019-07-13T14:17:05","date_gmt":"2019-07-13T18:17:05","guid":{"rendered":"http:\/\/www.jdx.info\/lutte\/?p=7054"},"modified":"2019-07-13T15:51:57","modified_gmt":"2019-07-13T19:51:57","slug":"ce-que-ab1-a-mit-pour-remplacer-extreme-rules-ce-dimanche-en-toute-bonne-foi-ils-accuse-info-lutte-de-mensonge-mais-nont-jamais-donne-dexplication-de-la-coupure-et-plus","status":"publish","type":"post","link":"https:\/\/www.jdx.info\/lutte\/2019\/07\/13\/ce-que-ab1-a-mit-pour-remplacer-extreme-rules-ce-dimanche-en-toute-bonne-foi-ils-accuse-info-lutte-de-mensonge-mais-nont-jamais-donne-dexplication-de-la-coupure-et-plus\/","title":{"rendered":"Ce que AB1 a Mit pour Remplacer Extreme Rules ce Dimanche en Toute Bonne Foi! Ils Accuse Info-Lutte de Mensonge Mais n&rsquo;ont Jamais Donn\u00e9 d&rsquo;Explications de la Coupure, et Plus!"},"content":{"rendered":"\n<p>Le dossier avec la <strong>AB1 qui a d\u00e9cid\u00e9<\/strong> cette semaine d&rsquo;enlever les PPVs de la WWE de sa grille horaire a fait beaucoup parler, et ce n&rsquo;est pas fini. Et si j&rsquo;insiste sur le fait que c&rsquo;est la cha\u00eene qui a d\u00e9cid\u00e9 de tout cela, c&rsquo;est que c&rsquo;est le groupe AB qui a d\u00e9cid\u00e9 de couper dans ses co\u00fbt de diffusion et non la WWE. Pour plus de d\u00e9tails <a href=\"https:\/\/www.jdx.info\/lutte\/2019\/07\/11\/plus-sur-le-groupe-ab-qui-arrete-la-diffusion-en-francais-des-ppv-de-la-wwe-en-direct\/\">cliquez ici<\/a>.<\/p>\n\n\n\n<p>On pouvait s&rsquo;attendre \u00e0 un gros coup de leur part pour remplacer Extreme Rules dans la nuit de dimanche \u00e0 lundi pour faire plaisir aux fans d\u00e9\u00e7u de ce retrait sans explication. Et vous aurez donc droit \u00ab\u00a0<strong>Les Gar\u00e7on de la Plage<\/strong>\u00a0\u00bb et  \u00ab\u00a0<strong>Les Vacance de l&rsquo;Amour<\/strong>\u00ab\u00a0. Comparativement aux PPVs de la WWE, le co\u00fbt de tout cela est vraiment minime, voir presque nul en plus d&rsquo;\u00e9conomis\u00e9 le salaire des deux animateurs et de l&rsquo;\u00e9quipe technique quand il y a diffusion de PPVs en direct. Si \u00e7a ce n&rsquo;est pas pour sauver de l&rsquo;argent&#8230; <\/p>\n\n\n\n<p>Les fans on d&rsquo;abord cru que c&rsquo;\u00e9tait la WWE qui avait d\u00e9cider de couper et avec raison dans le doute et le trou sans r\u00e9ponse du pourquoi. Mais sachez que la WWE a toujours honor\u00e9 ses ententes et envoie un communiqu\u00e9 quand une dite entente n&rsquo;est plus. Ce que AB1 avait la responsabilit\u00e9 de faire en tant que diffuseur, et que ce soit eux ou la WWE qui est d\u00e9cid\u00e9 de couper. Mais non ils ont d\u00e9cid\u00e9 de se cacher derri\u00e8re le pauvre Christopher Agius qui a dut annoncer le tout mercredi pass\u00e9 en ouverture de RAW. Et c&rsquo;est lui qui c&rsquo;est prit la premi\u00e8re vague d&rsquo;insatisfaction des fans sur les r\u00e9seaux sociaux, et pourtant il n&rsquo;\u00e9tait que le messager \u00e0 qui nous souhaitons bon courage car le dossier n&rsquo;est pas termin\u00e9.<\/p>\n\n\n\n<p>En voulant en savoir plus. Mon coll\u00e8gue Andy Pinto qui a contact\u00e9 AB1, c&rsquo;est fait r\u00e9pondre que notre information \u00e9tait fausse. Quand il a demander \u00e0 savoir alors pourquoi et qui a fait couper les \u00c9v\u00e9nement de t\u00e9l\u00e9 \u00e0 la carte de la WWE, plus personne pour r\u00e9pondre.<\/p>\n\n\n\n<p>Sur <a rel=\"noreferrer noopener\" aria-label=\"Twitter, l'admin de la AB1 est venu \u00e9crire (s\u2019ouvre dans un nouvel onglet)\" href=\"https:\/\/twitter.com\/AB1TV\/status\/1149656437586399234\" target=\"_blank\">Twitter, l&rsquo;admin de la AB1 est venu \u00e9crire<\/a> pour les vrais raison lisez ce que <a rel=\"noreferrer noopener\" aria-label=\"Chris Agius a \u00e9crit (s\u2019ouvre dans un nouvel onglet)\" href=\"https:\/\/www.jdx.info\/lutte\/2019\/07\/11\/chris-agius-ancien-collegue-info-lutte-se-vide-le-coeur-sur-la-decision-de-la-ab1-de-retirer-les-ppvs-de-la-wwe\/\" target=\"_blank\">Chris Agius a \u00e9crit<\/a>. Encore une fois la cha\u00eene se cache derri\u00e8re son animateur car la lettre de Chris sur Instagram, vous l&rsquo;avez probablement tous lut. Et il explique sa tristesse et nostalgie mais jamais il n&rsquo;a \u00e9voqu\u00e9 la raison, tout simplement car AB1 ne lui en a pas donn\u00e9, ni \u00e0 lui ni \u00e0 vous leurs abonn\u00e9s qui payez cette chaines pour voir la WWE.  De plus concernant leur message \u00e0 note endroit sur Twitter, dans leur grand professionnalisme, ils nous ont r\u00e9pondu en ajoutant un vieux gif tout pourri de John Cena pour tenter je ne sais quoi. Vous pouvez voir le tout en <a rel=\"noreferrer noopener\" aria-label=\"cliquant ici (s\u2019ouvre dans un nouvel onglet)\" href=\"https:\/\/www.jdx.info\/lutte\/2019\/07\/11\/chris-agius-ancien-collegue-info-lutte-se-vide-le-coeur-sur-la-decision-de-la-ab1-de-retirer-les-ppvs-de-la-wwe\/\" target=\"_blank\">cliquant ici<\/a>.<\/p>\n\n\n\n<p>Il ce peut que que nous aillons re\u00e7u une information erron\u00e9 au d\u00e9part. Dans ce cas l\u00e0 je m&rsquo;excuserai personnellement mais il ne faudra jamais nous en vouloir d&rsquo;avoir chercher pour vous l&rsquo;explication que la AB1 ne vous a jamais donn\u00e9e. Du moins pas encore, et c&rsquo;est pas que nous n&rsquo;avons pas tout essay\u00e9 pour l&rsquo;obtenir par les r\u00e9seaux sociaux, e mail et par t\u00e9l\u00e9phone. Entre vous et moi, si c&rsquo;\u00e9tait la d\u00e9cision de la WWE, il aurait \u00e9t\u00e9 facile pour eux et se serait d\u00e9j\u00e0 fait, de l&rsquo;avoir dit que c&rsquo;\u00e9tait \u00e0 leur demande de couper les PPVs. En pleine \u00e9t\u00e9, c&rsquo;est toujours le meilleur temps pour \u00e9viter une crise car les gens sont soit en vacances o\u00f9 occup\u00e9 \u00e0 l&rsquo;ext\u00e9rieur, avec le nombre d&rsquo;abonnements qui diminue dans la p\u00e9riode estival, comme on dit, les \u00e9toiles \u00e9taient tous align\u00e9es.<\/p>\n\n\n\n<p>Et sinc\u00e8rement en ce qui concerne la WWE, que vous aimiez ou non Vince McMahon et sa fa\u00e7on de faire. Peut importe une raison farfelu ou l\u00e9gitime, quand ils prennent un d\u00e9cision positive ou n\u00e9gative, ils font toujours un communiqu\u00e9, en une ou deux ligne qui ne veut souvent rien dire mais ils le font. Ce qui n&rsquo;a pas \u00e9t\u00e9 fait ici car la d\u00e9cision vient tout simplement de la AB1 et non de la WWE. La WWE est tout aussi perdante que vous dans ce dossier car ils ont des shows \u00e0 vendre cet automne dans votre r\u00e9gion du globe. La fin de cette entente est \u00e9galement une perte d&rsquo;entr\u00e9e d&rsquo;argent qu&rsquo;ils se seraient priv\u00e9 volontairement si c&rsquo;\u00e9tait le cas. Et ce n&rsquo;est pas avec <a rel=\"noreferrer noopener\" aria-label=\"la promotion du Network \u00e0 1\u20ac (s\u2019ouvre dans un nouvel onglet)\" href=\"https:\/\/www.jdx.info\/lutte\/2019\/07\/13\/precision-pour-3-mois-de-wwe-network-a-0-99e-pour-leurope-ca-fonctionne\/\" target=\"_blank\">la promotion du Network \u00e0 1\u20ac<\/a> pour trois mois qu&rsquo;ils vont combler ce manque car cela va leur co\u00fbter de l&rsquo;argent durant ces dits trois mois, et sachant que 90% de ceux qui se seront abonn\u00e9s pour la promotion vont pas renouveler \u00e0 la fin de cette entente. <\/p>\n\n\n\n<p>Sur ce j&rsquo;attends toujours la r\u00e9ponse de leur part, nous attendons toujours, la r\u00e9ponse, mais l<strong>e plus grave dans tout \u00e7a, c&rsquo;est que vous attendez toujours la r\u00e9ponse. <\/strong><\/p>\n\n\n\n<p>Et \u00e0 la fin de la journ\u00e9e, Info-Lutte ne vous l\u00e2chera jamais bien qu&rsquo;il ne faut jamais dire jamais. Mais tant que je vais respirer, c&rsquo;est la promesse que je vous fais. <\/p>\n\n\n\n<center><blockquote class=\"twitter-tweet\"><p lang=\"fr\" dir=\"ltr\">Et pour les vraies raisons, on vous invite \u00e0 aller voir les r\u00e9ponses de Christophe sur ce post : <a href=\"https:\/\/t.co\/cZ00lhND2K\">https:\/\/t.co\/cZ00lhND2K<\/a> <a href=\"https:\/\/t.co\/0ci36TUpNt\">pic.twitter.com\/0ci36TUpNt<\/a><\/p>\u2014 La Cha\u00eene AB1 (@AB1TV) <a href=\"https:\/\/twitter.com\/AB1TV\/status\/1149656437586399234?ref_src=twsrc%5Etfw\">July 12, 2019<\/a><\/blockquote> <script async=\"\" src=\"https:\/\/platform.twitter.com\/widgets.js\" charset=\"utf-8\"><\/script><\/center>\n<p><\/p>","protected":false},"excerpt":{"rendered":"<p>Le dossier avec la AB1 qui a d\u00e9cid\u00e9 cette semaine d&rsquo;enlever les PPVs de la WWE de sa grille horaire a fait beaucoup parler, et ce n&rsquo;est pas fini. Et si j&rsquo;insiste sur le fait que c&rsquo;est la cha\u00eene qui a d\u00e9cid\u00e9 de tout cela, c&rsquo;est que c&rsquo;est le groupe AB qui a d\u00e9cid\u00e9 de&#8230;<\/p>\n","protected":false},"author":2,"featured_media":7055,"comment_status":"open","ping_status":"closed","sticky":false,"template":"","format":"standard","meta":{"footnotes":""},"categories":[4,23],"tags":[],"ppma_author":[287],"class_list":["post-7054","post","type-post","status-publish","format-standard","has-post-thumbnail","hentry","category-news","category-wwe"],"authors":[{"term_id":287,"user_id":2,"is_guest":0,"slug":"jason","display_name":"Jason Desc\u00f4teaux","avatar_url":"https:\/\/secure.gravatar.com\/avatar\/f64adf6d13198c3a532c061cecd8672089a1e9a3d07c702dffe886a7e55a15eb?s=96&d=mm&r=g","0":null,"1":"","2":"","3":"","4":"","5":"","6":"","7":"","8":""}],"_links":{"self":[{"href":"https:\/\/www.jdx.info\/lutte\/wp-json\/wp\/v2\/posts\/7054","targetHints":{"allow":["GET"]}}],"collection":[{"href":"https:\/\/www.jdx.info\/lutte\/wp-json\/wp\/v2\/posts"}],"about":[{"href":"https:\/\/www.jdx.info\/lutte\/wp-json\/wp\/v2\/types\/post"}],"author":[{"embeddable":true,"href":"https:\/\/www.jdx.info\/lutte\/wp-json\/wp\/v2\/users\/2"}],"replies":[{"embeddable":true,"href":"https:\/\/www.jdx.info\/lutte\/wp-json\/wp\/v2\/comments?post=7054"}],"version-history":[{"count":7,"href":"https:\/\/www.jdx.info\/lutte\/wp-json\/wp\/v2\/posts\/7054\/revisions"}],"predecessor-version":[{"id":7071,"href":"https:\/\/www.jdx.info\/lutte\/wp-json\/wp\/v2\/posts\/7054\/revisions\/7071"}],"wp:featuredmedia":[{"embeddable":true,"href":"https:\/\/www.jdx.info\/lutte\/wp-json\/wp\/v2\/media\/7055"}],"wp:attachment":[{"href":"https:\/\/www.jdx.info\/lutte\/wp-json\/wp\/v2\/media?parent=7054"}],"wp:term":[{"taxonomy":"category","embeddable":true,"href":"https:\/\/www.jdx.info\/lutte\/wp-json\/wp\/v2\/categories?post=7054"},{"taxonomy":"post_tag","embeddable":true,"href":"https:\/\/www.jdx.info\/lutte\/wp-json\/wp\/v2\/tags?post=7054"},{"taxonomy":"author","embeddable":true,"href":"https:\/\/www.jdx.info\/lutte\/wp-json\/wp\/v2\/ppma_author?post=7054"}],"curies":[{"name":"wp","href":"https:\/\/api.w.org\/{rel}","templated":true}]}}