{"id":69971,"date":"2022-06-03T02:54:00","date_gmt":"2022-06-03T06:54:00","guid":{"rendered":"https:\/\/www.jdx.info\/lutte\/?p=69971"},"modified":"2022-06-03T14:55:01","modified_gmt":"2022-06-03T18:55:01","slug":"thunder-rosa-frustree","status":"publish","type":"post","link":"https:\/\/www.jdx.info\/lutte\/2022\/06\/03\/thunder-rosa-frustree\/","title":{"rendered":"Thunder Rosa Frustr\u00e9e!"},"content":{"rendered":"\n<p>La championne f\u00e9minine d\u2019All Elite Wrestling serait apparemment m\u00e9contente de son temps d\u2019antenne.<br>L\u2019histoire cite des sources anonymes proches de la lutteuse, affirmant qu\u2019elle est devenue tr\u00e8s frustr\u00e9e par sa situation et le peu de temps qu\u2019on lui accorde \u00e0 la t\u00e9l\u00e9vision et que ce sentiment a \u00e9t\u00e9 exacerb\u00e9e par l\u2019\u00e9mission de cette semaine o\u00f9 elle n\u2019a \u00e9t\u00e9 tout simplement pas pr\u00e9sente alors qu\u2019elle a conserv\u00e9 son titre face \u00e0 Serene Deeb \u00e0 Double or Nothing.<\/p>\n\n\n\n<p>Mais il semble qu\u2019il y aurait des informations contradictoires, car d\u2019apr\u00e8s PWInsider, Thunder Rosa aurait \u00e9t\u00e9 simplement renvoy\u00e9e chez elle par les m\u00e9decin de la compagnie, car elle ne se sentait tout simplement pas bien.<\/p>\n\n\n\n<p>WhatCulture rajoute que la situation n\u2019est pas au point o\u00f9 l\u2019on risque de la voir partir de la compagnie, mais qu\u2019elle est simplement troubl\u00e9e et confuse. Thunder Rosa a d\u2019ailleurs diffus\u00e9 un message sur Twitter indiquant qu\u2019elle allait s\u2019\u00e9loigner des r\u00e9seaux pendant quelque temps.<\/p>\n\n\n\n<center><blockquote class=\"twitter-tweet\"><p lang=\"en\" dir=\"ltr\">I will be off my socials for a couple of days. Please contact my media director for any enquiries <a href=\"https:\/\/twitter.com\/AllenOrozco?ref_src=twsrc%5Etfw\">@AllenOrozco<\/a>. But I will be in <a href=\"https:\/\/twitter.com\/BustedOpenRadio?ref_src=twsrc%5Etfw\">@BustedOpenRadio<\/a> tomorrow. &#x270c;&#x1f3fc;<\/p>&mdash; Thunder Rosa (@thunderrosa22) <a href=\"https:\/\/twitter.com\/thunderrosa22\/status\/1532416810842062849?ref_src=twsrc%5Etfw\">June 2, 2022<\/a><\/blockquote> <script async src=\"https:\/\/platform.twitter.com\/widgets.js\" charset=\"utf-8\"><\/script><\/center>\n\n\n\n<p>Et parlant de Rosa, elle qui \u00e9tait il n&rsquo;y a pas si longtemps championne de la NWA, cette m\u00eame compagnie qui vient de faire une bonne action.<\/p>\n\n\n\n<p>En effet, comme la plupart des entreprises qui d\u00e9pendent essentiellement de leur image pour fonctionner, les compagnies de catch n\u2019h\u00e9sitent pas \u00e0 faire de bonnes actions afin d\u2019am\u00e9liorer leur r\u00e9putation. Ainsi, la WWE ne se prive pas de communiquer fortement autour de ses initiatives et dans le m\u00eame cadre d\u2019id\u00e9e, la NWA vient de r\u00e9aliser une \u00ab\u00a0<em>op\u00e9ration s\u00e9duction<\/em>\u00a0\u00bb.<\/p>\n\n\n\n<p>Sur son site internet, la l\u00e9gendaire structure de catch vient d\u2019indiquer qu\u2019elle offrira d\u00e9sormais des tickets gratuits au personnel du East Tennessee Children\u2019s Hospital ; celui-ci \u00e9tant situ\u00e9 \u00e0 Knoxville (Tennessee), ville qui accueillera le prochain pay-per-view de la NWA qui s\u2019intitulera Alwayz Ready et qui prendra place le 11 juin prochain.<\/p>\n<p><\/p>","protected":false},"excerpt":{"rendered":"<p>La championne f\u00e9minine d\u2019All Elite Wrestling serait apparemment m\u00e9contente de son temps d\u2019antenne.L\u2019histoire cite des sources anonymes proches de la lutteuse, affirmant qu\u2019elle est devenue tr\u00e8s frustr\u00e9e par sa situation et le peu de temps qu\u2019on lui accorde \u00e0 la t\u00e9l\u00e9vision et que ce sentiment a \u00e9t\u00e9 exacerb\u00e9e par l\u2019\u00e9mission de cette semaine o\u00f9 elle&#8230;<\/p>\n","protected":false},"author":609,"featured_media":69972,"comment_status":"open","ping_status":"closed","sticky":false,"template":"","format":"standard","meta":{"footnotes":""},"categories":[38,24,22,4,61],"tags":[],"ppma_author":[295],"class_list":["post-69971","post","type-post","status-publish","format-standard","has-post-thumbnail","hentry","category-aew","category-aew-impact-njpw-roh","category-indy","category-news","category-nwa"],"authors":[{"term_id":295,"user_id":609,"is_guest":0,"slug":"rodrigo","display_name":"Rodrigue Tousignant","avatar_url":"https:\/\/secure.gravatar.com\/avatar\/51fe284bb6dbe8a6b4c2bf998ad658f4a9cd24b7e58f15ec85888070c7340ce6?s=96&d=mm&r=g","0":null,"1":"","2":"","3":"","4":"","5":"","6":"","7":"","8":""}],"_links":{"self":[{"href":"https:\/\/www.jdx.info\/lutte\/wp-json\/wp\/v2\/posts\/69971","targetHints":{"allow":["GET"]}}],"collection":[{"href":"https:\/\/www.jdx.info\/lutte\/wp-json\/wp\/v2\/posts"}],"about":[{"href":"https:\/\/www.jdx.info\/lutte\/wp-json\/wp\/v2\/types\/post"}],"author":[{"embeddable":true,"href":"https:\/\/www.jdx.info\/lutte\/wp-json\/wp\/v2\/users\/609"}],"replies":[{"embeddable":true,"href":"https:\/\/www.jdx.info\/lutte\/wp-json\/wp\/v2\/comments?post=69971"}],"version-history":[{"count":1,"href":"https:\/\/www.jdx.info\/lutte\/wp-json\/wp\/v2\/posts\/69971\/revisions"}],"predecessor-version":[{"id":69973,"href":"https:\/\/www.jdx.info\/lutte\/wp-json\/wp\/v2\/posts\/69971\/revisions\/69973"}],"wp:featuredmedia":[{"embeddable":true,"href":"https:\/\/www.jdx.info\/lutte\/wp-json\/wp\/v2\/media\/69972"}],"wp:attachment":[{"href":"https:\/\/www.jdx.info\/lutte\/wp-json\/wp\/v2\/media?parent=69971"}],"wp:term":[{"taxonomy":"category","embeddable":true,"href":"https:\/\/www.jdx.info\/lutte\/wp-json\/wp\/v2\/categories?post=69971"},{"taxonomy":"post_tag","embeddable":true,"href":"https:\/\/www.jdx.info\/lutte\/wp-json\/wp\/v2\/tags?post=69971"},{"taxonomy":"author","embeddable":true,"href":"https:\/\/www.jdx.info\/lutte\/wp-json\/wp\/v2\/ppma_author?post=69971"}],"curies":[{"name":"wp","href":"https:\/\/api.w.org\/{rel}","templated":true}]}}