{"id":69645,"date":"2022-05-26T17:31:00","date_gmt":"2022-05-26T21:31:00","guid":{"rendered":"https:\/\/www.jdx.info\/lutte\/?p=69645"},"modified":"2022-05-27T12:38:08","modified_gmt":"2022-05-27T16:38:08","slug":"plusieurs-lutteurs-annonces-pour-la-saison-2-de-heels-leyla-hirsch-annonce-etre-blessee","status":"publish","type":"post","link":"https:\/\/www.jdx.info\/lutte\/2022\/05\/26\/plusieurs-lutteurs-annonces-pour-la-saison-2-de-heels-leyla-hirsch-annonce-etre-blessee\/","title":{"rendered":"Plusieurs lutteurs annonc\u00e9s pour la saison 2 de Heels! \/ Leyla Hirsch annonce \u00eatre bless\u00e9e!"},"content":{"rendered":"\n<p>La catcheuse de la All Elite Wrestling devra s&rsquo;absenter des rings pendant quelque temps.<\/p>\n\n\n\n<p>Accompagn\u00e9 par une photo d&rsquo;elle \u00e0 l&rsquo;h\u00f4pital, Leyla Hirsch a annonc\u00e9 sur son compte Twitter qu&rsquo;<strong>elle s&rsquo;\u00e9tait bless\u00e9e au cours d&rsquo;un match<\/strong>\u00a0qui a eu lieu \u00e0 Dark Elevation, enregistr\u00e9 le 5 avril. C&rsquo;est apr\u00e8s avoir atterri sur ses pieds lors d&rsquo;un Moonsault qu&rsquo;elle a subi une d\u00e9chirure du ligament crois\u00e9 ant\u00e9rieur. Hirsch s&rsquo;est fait op\u00e9rer aujourd&rsquo;hui :<\/p>\n\n\n\n<p><\/p>\n\n\n\n<center><blockquote class=\"twitter-tweet\"><p lang=\"en\" dir=\"ltr\">On April 5th, during AEW Dark Elevation, I suffered an injury. After landing on my feet from a moonsault, I tore my ACL. Today I was finally able to get my surgery. <br><br>Thank you to everyone for the support . I promise to come back an improved, leaner, meaner more Legit Athlete. <a href=\"https:\/\/t.co\/dzDEFcRGCo\">pic.twitter.com\/dzDEFcRGCo<\/a><\/p>&mdash; Legit Leyla Hirsch (@LegitLeyla) <a href=\"https:\/\/twitter.com\/LegitLeyla\/status\/1529935162322173970?ref_src=twsrc%5Etfw\">May 26, 2022<\/a><\/blockquote> <script async src=\"https:\/\/platform.twitter.com\/widgets.js\" charset=\"utf-8\"><\/script>\n\n<p><script async=\"\" src=\"https:\/\/pagead2.googlesyndication.com\/pagead\/js\/adsbygoogle.js\"><\/script>\n<ins class=\"adsbygoogle\" style=\"display:block; text-align:center;\" data-ad-layout=\"in-article\" data-ad-format=\"fluid\" data-ad-client=\"ca-pub-1986975368136072\" data-ad-slot=\"7818521013\"><\/ins>\n<script>\n     (adsbygoogle = window.adsbygoogle || []).push({});\n<\/script><\/p><\/center>\n\n\n\n\n<p>Comme vous le savez, Stephen Amell, est un fan reconnu de lutte au point d&rsquo;avoir fait des matchs \u00e0 la WWE, ROH et lors d&rsquo;All In a pass\u00e9 la vitesse sup\u00e9rieure de sa passion et est all\u00e9 jusqu&rsquo;\u00e0 mettre sur pied sa propre s\u00e9rie sur le catch professionnel appel\u00e9e <strong>Heels<\/strong>. celle-ci a \u00e9t\u00e9 diffus\u00e9e d&rsquo;aout \u00e0 novembre sur Starz qui l&rsquo;an dernier et a \u00e9t\u00e9 un succ\u00e8s d&rsquo;estime. La s\u00e9rie a donc \u00e9t\u00e9 renouvel\u00e9e pour une seconde saison et Amell a une nouvelle fois piocher dans le monde de la lutte pour venir \u00e9toffer son casting.<\/p>\n\n\n\n<p>Le PWInsider rapporte que deux repr\u00e9sentants d&rsquo;Impact Wrestling seront visibles avec Jordynne Grace et Savannah Evans. Du c\u00f4t\u00e9 de l&rsquo;AEW, c&rsquo;est l&rsquo;actuelle challenger au titre f\u00e9minin Serena Deeb qui int\u00e8gre la s\u00e9rie. Lors de la premi\u00e8re saison, CM Punk avait eu un r\u00f4le important lors de plusieurs \u00e9pisodes, Mick Foley a fait une apparition alors que Doc Gallows pouvait \u00eatre visible en cam\u00e9o.<\/p>\n<p><\/p>","protected":false},"excerpt":{"rendered":"<p>La catcheuse de la All Elite Wrestling devra s&rsquo;absenter des rings pendant quelque temps. Accompagn\u00e9 par une photo d&rsquo;elle \u00e0 l&rsquo;h\u00f4pital, Leyla Hirsch a annonc\u00e9 sur son compte Twitter qu&rsquo;elle s&rsquo;\u00e9tait bless\u00e9e au cours d&rsquo;un match\u00a0qui a eu lieu \u00e0 Dark Elevation, enregistr\u00e9 le 5 avril. C&rsquo;est apr\u00e8s avoir atterri sur ses pieds lors d&rsquo;un&#8230;<\/p>\n","protected":false},"author":609,"featured_media":69646,"comment_status":"open","ping_status":"closed","sticky":false,"template":"","format":"standard","meta":{"footnotes":""},"categories":[24,30,22,4],"tags":[],"ppma_author":[295],"class_list":["post-69645","post","type-post","status-publish","format-standard","has-post-thumbnail","hentry","category-aew-impact-njpw-roh","category-ex-wwe","category-indy","category-news"],"authors":[{"term_id":295,"user_id":609,"is_guest":0,"slug":"rodrigo","display_name":"Rodrigue Tousignant","avatar_url":"https:\/\/secure.gravatar.com\/avatar\/51fe284bb6dbe8a6b4c2bf998ad658f4a9cd24b7e58f15ec85888070c7340ce6?s=96&d=mm&r=g","0":null,"1":"","2":"","3":"","4":"","5":"","6":"","7":"","8":""}],"_links":{"self":[{"href":"https:\/\/www.jdx.info\/lutte\/wp-json\/wp\/v2\/posts\/69645","targetHints":{"allow":["GET"]}}],"collection":[{"href":"https:\/\/www.jdx.info\/lutte\/wp-json\/wp\/v2\/posts"}],"about":[{"href":"https:\/\/www.jdx.info\/lutte\/wp-json\/wp\/v2\/types\/post"}],"author":[{"embeddable":true,"href":"https:\/\/www.jdx.info\/lutte\/wp-json\/wp\/v2\/users\/609"}],"replies":[{"embeddable":true,"href":"https:\/\/www.jdx.info\/lutte\/wp-json\/wp\/v2\/comments?post=69645"}],"version-history":[{"count":1,"href":"https:\/\/www.jdx.info\/lutte\/wp-json\/wp\/v2\/posts\/69645\/revisions"}],"predecessor-version":[{"id":69647,"href":"https:\/\/www.jdx.info\/lutte\/wp-json\/wp\/v2\/posts\/69645\/revisions\/69647"}],"wp:featuredmedia":[{"embeddable":true,"href":"https:\/\/www.jdx.info\/lutte\/wp-json\/wp\/v2\/media\/69646"}],"wp:attachment":[{"href":"https:\/\/www.jdx.info\/lutte\/wp-json\/wp\/v2\/media?parent=69645"}],"wp:term":[{"taxonomy":"category","embeddable":true,"href":"https:\/\/www.jdx.info\/lutte\/wp-json\/wp\/v2\/categories?post=69645"},{"taxonomy":"post_tag","embeddable":true,"href":"https:\/\/www.jdx.info\/lutte\/wp-json\/wp\/v2\/tags?post=69645"},{"taxonomy":"author","embeddable":true,"href":"https:\/\/www.jdx.info\/lutte\/wp-json\/wp\/v2\/ppma_author?post=69645"}],"curies":[{"name":"wp","href":"https:\/\/api.w.org\/{rel}","templated":true}]}}