{"id":6878,"date":"2019-07-10T13:03:09","date_gmt":"2019-07-10T17:03:09","guid":{"rendered":"http:\/\/www.jdx.info\/lutte\/?p=6878"},"modified":"2019-07-10T13:04:26","modified_gmt":"2019-07-10T17:04:26","slug":"des-membres-executifs-de-la-all-elite-wrestling-parlent-beaucoup-avec-cm-punk-nouvelles-de-pac-alias-neville-et-plus","status":"publish","type":"post","link":"https:\/\/www.jdx.info\/lutte\/2019\/07\/10\/des-membres-executifs-de-la-all-elite-wrestling-parlent-beaucoup-avec-cm-punk-nouvelles-de-pac-alias-neville-et-plus\/","title":{"rendered":"Des Membres Ex\u00e9cutifs de la All Elite Wrestling Parlent Beaucoup avec CM Punk! Nouvelles de PAC alias Neville, et Plus!"},"content":{"rendered":"\n<p>Vous le savez, depuis la cr\u00e9ation de la All Elite  Wrestling les sp\u00e9culations ne cessent d&rsquo;augmenter au sujet de voir le retour de CM Punk sur un ring de lutte professionnel.   Surtout depuis qu&rsquo;on sait que le prochain PPV \u00a0\u00bbAll Out\u00a0\u00bb  aura lieu dans la ville natale de Punk, soit \u00e0 Chicago, ce qui continu  d&rsquo;alimenter les rumeurs \u00e0 propos d&rsquo;un potentiel d\u00e9but. Vous pouvez voir l&rsquo;entrevue compl\u00e8te au bas de la page.<\/p>\n\n\n\n<p>Les Young Bucks qui sont lutteurs \u00e0 la AEW mais aussi dans le conseil ex\u00e9cutif, \u00e9taient en  interview avec Chris Van Vliet et Chris leur a demand\u00e9 ce qui arrivait  avec CM Punk. Nick Jackson explique :<\/p>\n\n\n\n<blockquote class=\"wp-block-quote is-layout-flow wp-block-quote-is-layout-flow\"><p>\u00a0\u00bb<em>Nous serons honn\u00eate, assur\u00e9ment qu&rsquo;on  aimerait avoir Punk dans notre compagnie. \u00c0 ce moment-ci je crois qu&rsquo;il  ne veut simplement pas. Matt lui parle sans arr\u00eat sur ce sujet, mais je  crois que le moment n&rsquo;est pas le bon.<\/em>\u00a0\u00bb<\/p><\/blockquote>\n\n\n\n<p>Matt Jackson ajoute :<\/p>\n\n\n\n<blockquote class=\"wp-block-quote is-layout-flow wp-block-quote-is-layout-flow\"><p>\u00a0\u00bb<em>Lorsqu&rsquo;il voudra revenir dans le pro wrestling ce sera sa d\u00e9cision. Le catch professionnel est la chose la plus  demande au monde. Tu ne peux pas simplement te retrouver sur le ring une  journ\u00e9e et te dire &lsquo;Ok, je suppose que je recommence&rsquo;. Il faut vraiment  vouloir le faire et \u00e7a repose sur CM Punk.<\/em>\u00a0\u00bb<\/p><\/blockquote>\n\n\n\n<p>Toujours aucune r\u00e9ponse concr\u00e8te au  sujet de CM Punk. Il faudra donc attendre, mais maintenant on sait que  les discussions ont bien lieu entre la AEW et l&rsquo;ancien champion de la WWE.<\/p>\n\n\n\n<p>Sur une autre note d&rsquo;id\u00e9e, les Young  Bucks ont aussi clarifi\u00e9 la situation avec PAC et son retrait des deux  derniers shows AEW. Selon eux, PAC sera pr\u00e9sent dans le futur pour les  shows AEW, mais ils doivent r\u00e9ussir \u00e0 co\u00efncider leur horaire.<\/p>\n\n\n\n<p>Vous pouvez voir l&rsquo;entrevue compl\u00e8te ci dessous: <\/p>\n\n\n\n<center><p><script async=\"\" src=\"https:\/\/pagead2.googlesyndication.com\/pagead\/js\/adsbygoogle.js\"><\/script>\n<ins class=\"adsbygoogle\" style=\"display:block; text-align:center;\" data-ad-layout=\"in-article\" data-ad-format=\"fluid\" data-ad-client=\"ca-pub-1986975368136072\" data-ad-slot=\"7818521013\"><\/ins>\n<script>\n     (adsbygoogle = window.adsbygoogle || []).push({});\n<\/script><\/p><\/center>\n\n<center><iframe loading=\"lazy\" width=\"560\" height=\"315\" src=\"https:\/\/www.youtube.com\/embed\/XrtXy1foNc4\" frameborder=\"0\" allow=\"accelerometer; autoplay; encrypted-media; gyroscope; picture-in-picture\" allowfullscreen=\"\"><\/iframe><\/center>\n<p><\/p>","protected":false},"excerpt":{"rendered":"<p>Vous le savez, depuis la cr\u00e9ation de la All Elite Wrestling les sp\u00e9culations ne cessent d&rsquo;augmenter au sujet de voir le retour de CM Punk sur un ring de lutte professionnel. Surtout depuis qu&rsquo;on sait que le prochain PPV \u00a0\u00bbAll Out\u00a0\u00bb aura lieu dans la ville natale de Punk, soit \u00e0 Chicago, ce qui continu&#8230;<\/p>\n","protected":false},"author":4,"featured_media":6880,"comment_status":"open","ping_status":"closed","sticky":false,"template":"","format":"standard","meta":{"footnotes":""},"categories":[24,22,4],"tags":[],"ppma_author":[292],"class_list":["post-6878","post","type-post","status-publish","format-standard","has-post-thumbnail","hentry","category-aew-impact-njpw-roh","category-indy","category-news"],"authors":[{"term_id":292,"user_id":4,"is_guest":0,"slug":"jean","display_name":"Jean Vinnier","avatar_url":"https:\/\/secure.gravatar.com\/avatar\/33aba0263fd870a0b487e0e079ff407e10e3997c9d2987cbcc0db0db2c5c75a9?s=96&d=mm&r=g","0":null,"1":"","2":"","3":"","4":"","5":"","6":"","7":"","8":""}],"_links":{"self":[{"href":"https:\/\/www.jdx.info\/lutte\/wp-json\/wp\/v2\/posts\/6878","targetHints":{"allow":["GET"]}}],"collection":[{"href":"https:\/\/www.jdx.info\/lutte\/wp-json\/wp\/v2\/posts"}],"about":[{"href":"https:\/\/www.jdx.info\/lutte\/wp-json\/wp\/v2\/types\/post"}],"author":[{"embeddable":true,"href":"https:\/\/www.jdx.info\/lutte\/wp-json\/wp\/v2\/users\/4"}],"replies":[{"embeddable":true,"href":"https:\/\/www.jdx.info\/lutte\/wp-json\/wp\/v2\/comments?post=6878"}],"version-history":[{"count":2,"href":"https:\/\/www.jdx.info\/lutte\/wp-json\/wp\/v2\/posts\/6878\/revisions"}],"predecessor-version":[{"id":6881,"href":"https:\/\/www.jdx.info\/lutte\/wp-json\/wp\/v2\/posts\/6878\/revisions\/6881"}],"wp:featuredmedia":[{"embeddable":true,"href":"https:\/\/www.jdx.info\/lutte\/wp-json\/wp\/v2\/media\/6880"}],"wp:attachment":[{"href":"https:\/\/www.jdx.info\/lutte\/wp-json\/wp\/v2\/media?parent=6878"}],"wp:term":[{"taxonomy":"category","embeddable":true,"href":"https:\/\/www.jdx.info\/lutte\/wp-json\/wp\/v2\/categories?post=6878"},{"taxonomy":"post_tag","embeddable":true,"href":"https:\/\/www.jdx.info\/lutte\/wp-json\/wp\/v2\/tags?post=6878"},{"taxonomy":"author","embeddable":true,"href":"https:\/\/www.jdx.info\/lutte\/wp-json\/wp\/v2\/ppma_author?post=6878"}],"curies":[{"name":"wp","href":"https:\/\/api.w.org\/{rel}","templated":true}]}}