{"id":65660,"date":"2022-03-01T00:03:00","date_gmt":"2022-03-01T05:03:00","guid":{"rendered":"https:\/\/www.jdx.info\/lutte\/?p=65660"},"modified":"2022-03-01T13:04:14","modified_gmt":"2022-03-01T18:04:14","slug":"kurt-angle-parle-de-larrivee-de-la-nwo-a-la-wwe-en-2002-reaction-dans-les-coulisses","status":"publish","type":"post","link":"https:\/\/www.jdx.info\/lutte\/2022\/03\/01\/kurt-angle-parle-de-larrivee-de-la-nwo-a-la-wwe-en-2002-reaction-dans-les-coulisses\/","title":{"rendered":"Kurt Angle parle de l&rsquo;arriv\u00e9e de la nWo \u00e0 la WWE en 2002, r\u00e9action dans les coulisses"},"content":{"rendered":"\n<p>Kurt Angle a parl\u00e9 de la venue de la nWo \u00e0 la WWE au d\u00e9but de 2002 dans son dernier podcast, Kurt Angle Show, sur&nbsp;<a href=\"http:\/\/www.adfreeshows.com\/\">AdFreeShows.com<\/a>&nbsp;.&nbsp;Voici les faits saillants&nbsp;:&nbsp;<\/p>\n\n\n\n<p><strong>La r\u00e9action des coulisses au d\u00e9m\u00e9nagement :&nbsp;<\/strong><\/p>\n\n\n\n<blockquote class=\"wp-block-quote is-layout-flow wp-block-quote-is-layout-flow\"><p>\u00ab\u00a0Eh bien, il y avait des sentiments mitig\u00e9s, je pense \u00e0 cause de certaines choses qui se sont produites dans le pass\u00e9.&nbsp;Je ne les connais pas vraiment.&nbsp;J&rsquo;ai entendu des histoires.&nbsp;Mais vous savez, le NWO, ces gars pourraient \u00eatre vraiment politiques et cela pourrait enterrer la carri\u00e8re de certaines personnes.&nbsp;Je n&rsquo;ai jamais vu pour \u00eatre honn\u00eate avec vous, mais c&rsquo;\u00e9tait la rumeur et la pens\u00e9e qui circulaient dans le vestiaire.<\/p><\/blockquote>\n\n\n\n<p><strong>Qu&rsquo;il soit inquiet pour la&nbsp;<\/strong><strong>nWo&nbsp;<\/strong><strong>&nbsp;est venu:<\/strong><\/p>\n\n\n\n<blockquote class=\"wp-block-quote is-layout-flow wp-block-quote-is-layout-flow\"><p>\u00ab Certains gars \u00e9taient inquiets.&nbsp;Mais pour moi, je n&rsquo;\u00e9tais pas inquiet parce que j&rsquo;\u00e9tais totalement confiant dans ma capacit\u00e9 \u00e0 lutter.&nbsp;Je savais que j&rsquo;\u00e9tais l&rsquo;un des meilleurs lutteurs \u00e0 ce moment-l\u00e0 et que je pouvais divertir les fans.&nbsp;J&rsquo;\u00e9tais vraiment dou\u00e9 pour faire ce que je faisais et je n&rsquo;\u00e9tais pas si pr\u00e9occup\u00e9 par l&rsquo;arriv\u00e9e de Hulk Hogan, Kevin Nash et Scott Hall.<\/p><\/blockquote>\n\n\n\n<center><p><script async=\"\" src=\"https:\/\/pagead2.googlesyndication.com\/pagead\/js\/adsbygoogle.js\"><\/script>\n<ins class=\"adsbygoogle\" style=\"display:block; text-align:center;\" data-ad-layout=\"in-article\" data-ad-format=\"fluid\" data-ad-client=\"ca-pub-1986975368136072\" data-ad-slot=\"7818521013\"><\/ins>\n<script>\n     (adsbygoogle = window.adsbygoogle || []).push({});\n<\/script><\/p><\/center>\n\n\n\n\n<p>Durant son podcast Hall of Fame, Booker T a parl\u00e9 de sa relation avec Vince McMahon.<\/p>\n\n\n\n<blockquote class=\"wp-block-quote is-layout-flow wp-block-quote-is-layout-flow\"><p>J&rsquo;ai travaill\u00e9 pour lui pendant 20 ans et je me souviens que la premi\u00e8re fois que je l&rsquo;ai rencontr\u00e9, il m&rsquo;a donn\u00e9 son num\u00e9ro de t\u00e9l\u00e9phone. Je n&rsquo;ai jamais utilis\u00e9 ce num\u00e9ro, pas la moindre fois. Je me dis toujours que si et quand Vince (McMahon) aura besoin de moi, il m&rsquo;appellera ou me dira de venir dans son bureau et je continue de penser de cette fa\u00e7on. Je suis toujours cordial, je vais toujours faire en sorte que je ne lui manque pas de respect et esp\u00e9rer avoir une relation amicale avec lui. Par contre, si je finis par le consid\u00e9rer comme \u00e9tant uniquement mon ami, alors je fais une grosse erreur.<\/p><\/blockquote>\n\n\n\n<p>Dans cette derni\u00e8re phrase, il sous-entend que Vince McMahon reste \u00e9galement son employeur et qu&rsquo;il n&rsquo;est pas uniquement un ami.<\/p>\n<p><\/p>","protected":false},"excerpt":{"rendered":"<p>Kurt Angle a parl\u00e9 de la venue de la nWo \u00e0 la WWE au d\u00e9but de 2002 dans son dernier podcast, Kurt Angle Show, sur&nbsp;AdFreeShows.com&nbsp;.&nbsp;Voici les faits saillants&nbsp;:&nbsp; La r\u00e9action des coulisses au d\u00e9m\u00e9nagement :&nbsp; \u00ab\u00a0Eh bien, il y avait des sentiments mitig\u00e9s, je pense \u00e0 cause de certaines choses qui se sont produites dans&#8230;<\/p>\n","protected":false},"author":665,"featured_media":65726,"comment_status":"open","ping_status":"closed","sticky":false,"template":"","format":"standard","meta":{"footnotes":""},"categories":[30,77,4],"tags":[],"ppma_author":[289],"class_list":["post-65660","post","type-post","status-publish","format-standard","has-post-thumbnail","hentry","category-ex-wwe","category-hall-of-fame","category-news"],"authors":[{"term_id":289,"user_id":665,"is_guest":0,"slug":"line","display_name":"Line Edmond","avatar_url":"https:\/\/secure.gravatar.com\/avatar\/852de09636413c90cdaa278312f9ea5bc4396768745424755cb63d99a05989d0?s=96&d=mm&r=g","0":null,"1":"","2":"","3":"","4":"","5":"","6":"","7":"","8":""}],"_links":{"self":[{"href":"https:\/\/www.jdx.info\/lutte\/wp-json\/wp\/v2\/posts\/65660","targetHints":{"allow":["GET"]}}],"collection":[{"href":"https:\/\/www.jdx.info\/lutte\/wp-json\/wp\/v2\/posts"}],"about":[{"href":"https:\/\/www.jdx.info\/lutte\/wp-json\/wp\/v2\/types\/post"}],"author":[{"embeddable":true,"href":"https:\/\/www.jdx.info\/lutte\/wp-json\/wp\/v2\/users\/665"}],"replies":[{"embeddable":true,"href":"https:\/\/www.jdx.info\/lutte\/wp-json\/wp\/v2\/comments?post=65660"}],"version-history":[{"count":2,"href":"https:\/\/www.jdx.info\/lutte\/wp-json\/wp\/v2\/posts\/65660\/revisions"}],"predecessor-version":[{"id":65727,"href":"https:\/\/www.jdx.info\/lutte\/wp-json\/wp\/v2\/posts\/65660\/revisions\/65727"}],"wp:featuredmedia":[{"embeddable":true,"href":"https:\/\/www.jdx.info\/lutte\/wp-json\/wp\/v2\/media\/65726"}],"wp:attachment":[{"href":"https:\/\/www.jdx.info\/lutte\/wp-json\/wp\/v2\/media?parent=65660"}],"wp:term":[{"taxonomy":"category","embeddable":true,"href":"https:\/\/www.jdx.info\/lutte\/wp-json\/wp\/v2\/categories?post=65660"},{"taxonomy":"post_tag","embeddable":true,"href":"https:\/\/www.jdx.info\/lutte\/wp-json\/wp\/v2\/tags?post=65660"},{"taxonomy":"author","embeddable":true,"href":"https:\/\/www.jdx.info\/lutte\/wp-json\/wp\/v2\/ppma_author?post=65660"}],"curies":[{"name":"wp","href":"https:\/\/api.w.org\/{rel}","templated":true}]}}