{"id":65295,"date":"2022-03-09T12:36:25","date_gmt":"2022-03-09T17:36:25","guid":{"rendered":"https:\/\/www.jdx.info\/lutte\/?p=65295"},"modified":"2022-03-09T12:37:22","modified_gmt":"2022-03-09T17:37:22","slug":"cm-punk-regrette-son-propos-face-a-un-redacteur-du-wrestling-observer-booker-t-commente-sa-relation-avec-vince-mcmahon","status":"publish","type":"post","link":"https:\/\/www.jdx.info\/lutte\/2022\/03\/09\/cm-punk-regrette-son-propos-face-a-un-redacteur-du-wrestling-observer-booker-t-commente-sa-relation-avec-vince-mcmahon\/","title":{"rendered":"CM Punk regrette son propos face \u00e0 un r\u00e9dacteur du Wrestling Observer! \/ Booker T commente sa relation avec Vince McMahon!"},"content":{"rendered":"\n<p>Booker T a \u00e9voqu\u00e9 sa relation avec Vince McMahon lors du dernier&nbsp;<a href=\"https:\/\/www.youtube.com\/watch?v=UDWfXpHzifg\">podcast Hall Of Fame<\/a>&nbsp;.&nbsp;<\/p>\n\n\n\n<p>L&rsquo;ancien champion du monde des poids lourds de la WWE a not\u00e9 que m\u00eame s&rsquo;il n&rsquo;avait jamais le t\u00e9l\u00e9phone de McMahon, il ne l&rsquo;avait pas encore appel\u00e9.&nbsp;<\/p>\n\n\n\n<blockquote class=\"wp-block-quote is-layout-flow wp-block-quote-is-layout-flow\"><p>\u00ab\u00a0J&rsquo;ai travaill\u00e9 pour Vince McMahon pendant 20 ans.&nbsp;Il m&rsquo;a donn\u00e9 son num\u00e9ro de t\u00e9l\u00e9phone portable quand je l&rsquo;ai rencontr\u00e9 pour la premi\u00e8re fois et je n&rsquo;ai jamais utilis\u00e9 ce num\u00e9ro une seule fois.&nbsp;Je dis, &lsquo;quand Vince a besoin de me parler, il m&rsquo;appellera au bureau, ou il me passera un coup de fil.&rsquo;&nbsp;Je vais continuer ainsi \u00bb, a-t-il d\u00e9clar\u00e9.&nbsp;\u00abMais je vais toujours \u00eatre cordial.&nbsp;Je vais toujours m&rsquo;assurer de respecter le patron, et j&rsquo;esp\u00e8re que nous aurons une relation amicale.&nbsp;Mais dans la mesure o\u00f9 je consid\u00e8re&nbsp;Vince McMahon&nbsp;uniquement comme un ami, je ferai totalement une grosse erreur.<\/p><\/blockquote>\n\n\n\n<center><p><script async=\"\" src=\"https:\/\/pagead2.googlesyndication.com\/pagead\/js\/adsbygoogle.js\"><\/script>\n<ins class=\"adsbygoogle\" style=\"display:block; text-align:center;\" data-ad-layout=\"in-article\" data-ad-format=\"fluid\" data-ad-client=\"ca-pub-1986975368136072\" data-ad-slot=\"7818521013\"><\/ins>\n<script>\n     (adsbygoogle = window.adsbygoogle || []).push({});\n<\/script><\/p><\/center>\n\n\n\n<p>Lors de Revolution, CM Punk a fait son entr\u00e9e sous la musique d&rsquo;entr\u00e9e \u00ab Miseria Cantare \u00bb du groupe AFI, th\u00e8me qu&rsquo;il utilisait du temps o\u00f9 il luttait \u00e0 la ROH. Le Best In The World avait d&rsquo;ailleurs la volont\u00e9 de faire un petit clin d&rsquo;oeil, apr\u00e8s le rachat de la promotion par Tony Khan.<\/p>\n\n\n\n<p>Si les fans ont accueilli cette entr\u00e9e avec la chair de poule, un certain Paul Fontaine, r\u00e9dacteur au Wrestling Observer, n&rsquo;a pas fait le lien avec son pass\u00e9 de la ROH, questionnant ainsi les fans de Twitter sur l&rsquo;engouement qu&rsquo;il ne comprenait pas. C&rsquo;est alors que CM Punk lui est rentr\u00e9 dedans&#8230; avant de se raviser et comprendre que tout le monde ne pouvait pas forc\u00e9ment \u00eatre au courant de son pass\u00e9 \u00e0 la ROH. Le lutteur a ainsi r\u00e9dig\u00e9 un tweet d&rsquo;excuse pour dire qu&rsquo;il regrettait son propos. Voici l&rsquo;\u00e9change entre les deux hommes, supprim\u00e9s, puis le tweet des regrets.<\/p>\n\n\n\n<blockquote class=\"wp-block-quote is-layout-flow wp-block-quote-is-layout-flow\"><p>C&rsquo;est quoi le bail avec l&rsquo;entr\u00e9e de CM Punk ? Je ne comprends pas.<\/p><p>Il te faut un cerveau pour comprendre et apprendre comment raconter des histoires.<\/p><\/blockquote>\n\n\n\n<ul class=\"wp-block-list\"><li><a href=\"https:\/\/www.jdx.info\/lutte\/2022\/03\/06\/resultats-et-video-du-aew-revolution-2022\/\" target=\"_blank\" rel=\"noreferrer noopener\">R\u00e9sultats et Vid\u00e9o du AEW Revolution 2022!<\/a><\/li><\/ul>\n\n\n\n<center><blockquote class=\"twitter-tweet\"><p lang=\"en\" dir=\"ltr\">This is fair. I made two comments I wish I could take back. Looking forward to seeing what you do next\u2026.on screen. <a href=\"https:\/\/t.co\/8cfjtlNz2B\">https:\/\/t.co\/8cfjtlNz2B<\/a><\/p>\u2014 Paul Fontaine (@PaulAceFontaine) <a href=\"https:\/\/twitter.com\/PaulAceFontaine\/status\/1501296704544403456?ref_src=twsrc%5Etfw\">March 8, 2022<\/a><\/blockquote> <script async=\"\" src=\"https:\/\/platform.twitter.com\/widgets.js\" charset=\"utf-8\"><\/script><\/center>\n<p><\/p>","protected":false},"excerpt":{"rendered":"<p>Booker T a \u00e9voqu\u00e9 sa relation avec Vince McMahon lors du dernier&nbsp;podcast Hall Of Fame&nbsp;.&nbsp; L&rsquo;ancien champion du monde des poids lourds de la WWE a not\u00e9 que m\u00eame s&rsquo;il n&rsquo;avait jamais le t\u00e9l\u00e9phone de McMahon, il ne l&rsquo;avait pas encore appel\u00e9.&nbsp; \u00ab\u00a0J&rsquo;ai travaill\u00e9 pour Vince McMahon pendant 20 ans.&nbsp;Il m&rsquo;a donn\u00e9 son num\u00e9ro de&#8230;<\/p>\n","protected":false},"author":665,"featured_media":66158,"comment_status":"open","ping_status":"closed","sticky":false,"template":"","format":"standard","meta":{"footnotes":""},"categories":[38,24,30,77,4],"tags":[],"ppma_author":[289],"class_list":["post-65295","post","type-post","status-publish","format-standard","has-post-thumbnail","hentry","category-aew","category-aew-impact-njpw-roh","category-ex-wwe","category-hall-of-fame","category-news"],"authors":[{"term_id":289,"user_id":665,"is_guest":0,"slug":"line","display_name":"Line Edmond","avatar_url":"https:\/\/secure.gravatar.com\/avatar\/852de09636413c90cdaa278312f9ea5bc4396768745424755cb63d99a05989d0?s=96&d=mm&r=g","0":null,"1":"","2":"","3":"","4":"","5":"","6":"","7":"","8":""}],"_links":{"self":[{"href":"https:\/\/www.jdx.info\/lutte\/wp-json\/wp\/v2\/posts\/65295","targetHints":{"allow":["GET"]}}],"collection":[{"href":"https:\/\/www.jdx.info\/lutte\/wp-json\/wp\/v2\/posts"}],"about":[{"href":"https:\/\/www.jdx.info\/lutte\/wp-json\/wp\/v2\/types\/post"}],"author":[{"embeddable":true,"href":"https:\/\/www.jdx.info\/lutte\/wp-json\/wp\/v2\/users\/665"}],"replies":[{"embeddable":true,"href":"https:\/\/www.jdx.info\/lutte\/wp-json\/wp\/v2\/comments?post=65295"}],"version-history":[{"count":4,"href":"https:\/\/www.jdx.info\/lutte\/wp-json\/wp\/v2\/posts\/65295\/revisions"}],"predecessor-version":[{"id":66160,"href":"https:\/\/www.jdx.info\/lutte\/wp-json\/wp\/v2\/posts\/65295\/revisions\/66160"}],"wp:featuredmedia":[{"embeddable":true,"href":"https:\/\/www.jdx.info\/lutte\/wp-json\/wp\/v2\/media\/66158"}],"wp:attachment":[{"href":"https:\/\/www.jdx.info\/lutte\/wp-json\/wp\/v2\/media?parent=65295"}],"wp:term":[{"taxonomy":"category","embeddable":true,"href":"https:\/\/www.jdx.info\/lutte\/wp-json\/wp\/v2\/categories?post=65295"},{"taxonomy":"post_tag","embeddable":true,"href":"https:\/\/www.jdx.info\/lutte\/wp-json\/wp\/v2\/tags?post=65295"},{"taxonomy":"author","embeddable":true,"href":"https:\/\/www.jdx.info\/lutte\/wp-json\/wp\/v2\/ppma_author?post=65295"}],"curies":[{"name":"wp","href":"https:\/\/api.w.org\/{rel}","templated":true}]}}