{"id":65020,"date":"2022-02-17T09:40:00","date_gmt":"2022-02-17T14:40:00","guid":{"rendered":"https:\/\/www.jdx.info\/lutte\/?p=65020"},"modified":"2022-02-17T09:44:09","modified_gmt":"2022-02-17T14:44:09","slug":"backstage-news-sur-vince-mcmahon-ramenant-cody-rhodes-a-la-wwe-et-la-possibilite-de-gros-push","status":"publish","type":"post","link":"https:\/\/www.jdx.info\/lutte\/2022\/02\/17\/backstage-news-sur-vince-mcmahon-ramenant-cody-rhodes-a-la-wwe-et-la-possibilite-de-gros-push\/","title":{"rendered":"Backstage News sur Vince McMahon ramenant Cody Rhodes \u00e0 la WWE et la possibilit\u00e9 de gros push, WrestleMania et Plus!"},"content":{"rendered":"\n<p>Le pr\u00e9sident et chef de la direction de la WWE, Vince McMahon, aurait de grands projets pour le retour de Cody Rhodes \u00e0 la WWE.<\/p>\n\n\n\n<p>Comme indiqu\u00e9, il a \u00e9t\u00e9 annonc\u00e9 mardi matin que Cody et Brandi Rhodes ont quitt\u00e9 la AEW.&nbsp;<\/p>\n\n\n\n<p>Dans une mise \u00e0 jour,&nbsp;Wade Keller de PWTorch&nbsp;a not\u00e9 que Vince consid\u00e8re le d\u00e9part de Cody comme un gros d\u00e9fi et veut le traiter comme tel.<\/p>\n\n\n\n<blockquote class=\"wp-block-quote is-layout-flow wp-block-quote-is-layout-flow\"><p>\u00ab\u00a0Cody et la WWE ne l&rsquo;ont pas confirm\u00e9 mais Cody va \u00e0 la WWE et il va avoir un gros push. Vince McMahon va traiter cela comme un gros d\u00e9fi.&nbsp;Tous ceux \u00e0 qui j&rsquo;ai parl\u00e9 pensent que Vince aime l&rsquo;id\u00e9e d&rsquo;acqu\u00e9rir un co-fondateur et EVP et vous savez, un lutteur de haut de carte.&nbsp;Il vient de d\u00e9tenir son titre secondaire en simple il n&rsquo;y a pas si longtemps et le faire appara\u00eetre sur la t\u00e9l\u00e9 de la WWE est quelque chose dont Vince est tr\u00e8s int\u00e9ress\u00e9 \u00e0 profiter et \u00e0 gagner de l&rsquo;argent dessus.&nbsp;Cela pourrait m\u00eame \u00eatre une situation o\u00f9 Cody est dans un match majeur \u00e0 WrestleMania.<\/p><\/blockquote>\n\n\n\n<center><p><script async=\"\" src=\"https:\/\/pagead2.googlesyndication.com\/pagead\/js\/adsbygoogle.js\"><\/script>\n<ins class=\"adsbygoogle\" style=\"display:block; text-align:center;\" data-ad-layout=\"in-article\" data-ad-format=\"fluid\" data-ad-client=\"ca-pub-1986975368136072\" data-ad-slot=\"7818521013\"><\/ins>\n<script>\n     (adsbygoogle = window.adsbygoogle || []).push({});\n<\/script><\/p><\/center>\n\n\n\n<p>Keller a not\u00e9 qu&rsquo;apr\u00e8s plusieurs heures de conversations avec des sources de la WWE et de la AEW, il pense que Rhodes a de bonnes chances de figurer sur la carte WrestleMania 38.&nbsp;Il pense \u00e9galement que Rhodes recevra un gros coup push pour commencer son \u00ab\u00a0run\u00a0\u00bb de retour \u00e0 la WWE.<\/p>\n\n\n\n<blockquote class=\"wp-block-quote is-layout-flow wp-block-quote-is-layout-flow\"><p>\u00ab\u00a0Je m&rsquo;attends \u00e0 ce que Cody soit \u00e0 WrestleMania soit en tant que lutteur, soit pour sa premi\u00e8re apparition. Je ne sais pas s&rsquo;ils peuvent s&#8217;emp\u00eacher de le mettre \u00e0 la t\u00e9l\u00e9vision pour que je puisse m\u00eame le voir appara\u00eetre \u00e0 Raw ou \u00e0 SmackDown la semaine prochaine.&nbsp;Je ne suis pas au courant qu&rsquo;il y ait une sorte de non-concurrence \u00e0 ce stade puisqu&rsquo;il est agent libre depuis un certain temps afin que Cody puisse appara\u00eetre.&nbsp;Je ne serais pas choqu\u00e9 s&rsquo;il y avait m\u00eame une augmentation des plans de booking pour WrestleMania, peut-\u00eatre li\u00e9e \u00e0 l&rsquo;Elimination Chamber afin de pr\u00e9parer le terrain pour que Cody fasse quelque chose de vraiment grand \u00e0 WrestleMania.<\/p><\/blockquote>\n\n\n\n<p>Keller a poursuivi: <\/p>\n\n\n\n<blockquote class=\"wp-block-quote is-layout-flow wp-block-quote-is-layout-flow\"><p>\u00abJe pense que Cody obtiendra un gros coup de pouce, du moins au d\u00e9but.&nbsp;Vous savez, les opinions divergent quant \u00e0 savoir si Vince va en vouloir \u00e0 Cody pour avoir cr\u00e9\u00e9 de la concurrence ou admirer Cody pour son esprit d&rsquo;entreprise et sa classe tout au long du processus.&nbsp;Vous savez, Paul Heyman, Eric Bischoff, Jeff Jarrett, ils ont tous concouru avec Vince [et] ils ont tous retrouv\u00e9 un emploi.&nbsp;Donc, vous savez, nous allons, nous verrons comment \u00e7a se passe.&nbsp;Vince consid\u00e9rait Cody comme un mid-carder.&nbsp;Il consid\u00e9rait Christian comme un mid-carder.&nbsp;Christian est all\u00e9 \u00e0 Impact Wrestling et a remport\u00e9 un titre mondial\u2026 Il est revenu, il a eu une meilleure pouss\u00e9e, mais ce n&rsquo;\u00e9tait pas au niveau d&rsquo;Edge, ce que, vous savez, Christian a toujours voulu.&nbsp;Il voulait \u00eatre au niveau d&rsquo;Edge.<\/p><\/blockquote>\n\n\n\n<p>Il n&rsquo;y a toujours pas de confirmation que Rhodes aurait sign\u00e9 avec la WWE, mais nous vous tiendrons au courant.<\/p>\n\n\n\n<center><p><script async=\"\" src=\"https:\/\/pagead2.googlesyndication.com\/pagead\/js\/adsbygoogle.js\"><\/script>\n<ins class=\"adsbygoogle\" style=\"display:block; text-align:center;\" data-ad-layout=\"in-article\" data-ad-format=\"fluid\" data-ad-client=\"ca-pub-1986975368136072\" data-ad-slot=\"7818521013\"><\/ins>\n<script>\n     (adsbygoogle = window.adsbygoogle || []).push({});\n<\/script><\/p><\/center>\n\n\n\n<ul class=\"wp-block-list\"><li><strong><a href=\"https:\/\/www.jdx.info\/lutte\/2022\/02\/15\/cody-et-brandi-rhodes-quittent-la-all-elite-wrestling\/\">Annonce du d\u00e9part de la AEW par Cody et Brandi Rhodes.<\/a><\/strong><\/li><li><a href=\"https:\/\/www.jdx.info\/lutte\/2022\/02\/15\/premiere-reaction-sur-le-depart-de-la-aew-par-cody-et-brandi-rhodes\/\"><strong>Premi\u00e8re r\u00e9action sur le d\u00e9part de la AEW par Cody et Brandi Rhodes.<\/strong><\/a><\/li><li><a href=\"https:\/\/www.jdx.info\/lutte\/2022\/02\/15\/cody-et-brandi-rhodes-reagissent-a-leur-depart-de-la-all-elite-wrestling\/\"><strong>Cody et Brandi Rhodes r\u00e9agissent \u00e0 leur d\u00e9part de la AEW<\/strong><\/a><\/li><li><a href=\"https:\/\/www.jdx.info\/lutte\/2022\/02\/15\/des-echos-du-vestiaire-de-raw-sur-la-possibilite-de-voir-cody-rhodes-a-la-wwe\/\"><strong>Des \u00c9chos du Vestiaire de RAW sur la Possibilit\u00e9 de Voir Cody Rhodes \u00e0 la WWE!<\/strong><\/a><\/li><li><a href=\"https:\/\/www.jdx.info\/lutte\/2022\/02\/15\/cody-rhodes-de-plus-en-plus-pret-de-la-wwe-sa-close-de-non-competition-et-plus\/\"><strong>Cody Rhodes de plus en plus pr\u00eat de la WWE! Sa Close de non comp\u00e9tition!<\/strong><\/a><\/li><li><strong><a href=\"https:\/\/www.jdx.info\/lutte\/2022\/02\/16\/la-principale-raison-du-depart-de-cody-rhodes-a-la-aew\/\" target=\"_blank\" rel=\"noreferrer noopener\">La Principale Raison Du D\u00e9part De Cody Rhodes \u00c0 La AEW!<\/a><\/strong><\/li><li><strong><a href=\"https:\/\/www.jdx.info\/lutte\/2022\/02\/16\/cody-rhodes-change-ses-reseaux-sociaux-et-enleve-la-aew\/\" target=\"_blank\" rel=\"noreferrer noopener\">Cody Rhodes Change ses r\u00e9seaux Sociaux et enl\u00e8ve la AEW!<\/a><\/strong><\/li><\/ul>\n<p><\/p>","protected":false},"excerpt":{"rendered":"<p>Le pr\u00e9sident et chef de la direction de la WWE, Vince McMahon, aurait de grands projets pour le retour de Cody Rhodes \u00e0 la WWE. Comme indiqu\u00e9, il a \u00e9t\u00e9 annonc\u00e9 mardi matin que Cody et Brandi Rhodes ont quitt\u00e9 la AEW.&nbsp; Dans une mise \u00e0 jour,&nbsp;Wade Keller de PWTorch&nbsp;a not\u00e9 que Vince consid\u00e8re le&#8230;<\/p>\n","protected":false},"author":665,"featured_media":65048,"comment_status":"open","ping_status":"closed","sticky":false,"template":"","format":"standard","meta":{"footnotes":""},"categories":[38,24,30,22,4,42,23],"tags":[],"ppma_author":[289],"class_list":["post-65020","post","type-post","status-publish","format-standard","has-post-thumbnail","hentry","category-aew","category-aew-impact-njpw-roh","category-ex-wwe","category-indy","category-news","category-wrestlemania","category-wwe"],"authors":[{"term_id":289,"user_id":665,"is_guest":0,"slug":"line","display_name":"Line Edmond","avatar_url":"https:\/\/secure.gravatar.com\/avatar\/852de09636413c90cdaa278312f9ea5bc4396768745424755cb63d99a05989d0?s=96&d=mm&r=g","0":null,"1":"","2":"","3":"","4":"","5":"","6":"","7":"","8":""}],"_links":{"self":[{"href":"https:\/\/www.jdx.info\/lutte\/wp-json\/wp\/v2\/posts\/65020","targetHints":{"allow":["GET"]}}],"collection":[{"href":"https:\/\/www.jdx.info\/lutte\/wp-json\/wp\/v2\/posts"}],"about":[{"href":"https:\/\/www.jdx.info\/lutte\/wp-json\/wp\/v2\/types\/post"}],"author":[{"embeddable":true,"href":"https:\/\/www.jdx.info\/lutte\/wp-json\/wp\/v2\/users\/665"}],"replies":[{"embeddable":true,"href":"https:\/\/www.jdx.info\/lutte\/wp-json\/wp\/v2\/comments?post=65020"}],"version-history":[{"count":3,"href":"https:\/\/www.jdx.info\/lutte\/wp-json\/wp\/v2\/posts\/65020\/revisions"}],"predecessor-version":[{"id":65049,"href":"https:\/\/www.jdx.info\/lutte\/wp-json\/wp\/v2\/posts\/65020\/revisions\/65049"}],"wp:featuredmedia":[{"embeddable":true,"href":"https:\/\/www.jdx.info\/lutte\/wp-json\/wp\/v2\/media\/65048"}],"wp:attachment":[{"href":"https:\/\/www.jdx.info\/lutte\/wp-json\/wp\/v2\/media?parent=65020"}],"wp:term":[{"taxonomy":"category","embeddable":true,"href":"https:\/\/www.jdx.info\/lutte\/wp-json\/wp\/v2\/categories?post=65020"},{"taxonomy":"post_tag","embeddable":true,"href":"https:\/\/www.jdx.info\/lutte\/wp-json\/wp\/v2\/tags?post=65020"},{"taxonomy":"author","embeddable":true,"href":"https:\/\/www.jdx.info\/lutte\/wp-json\/wp\/v2\/ppma_author?post=65020"}],"curies":[{"name":"wp","href":"https:\/\/api.w.org\/{rel}","templated":true}]}}