{"id":6471,"date":"2019-07-05T15:09:35","date_gmt":"2019-07-05T19:09:35","guid":{"rendered":"http:\/\/www.jdx.info\/lutte\/?p=6471"},"modified":"2019-07-05T15:13:46","modified_gmt":"2019-07-05T19:13:46","slug":"une-rumeur-de-blessure-rectifie-par-le-principal-interesse-a-la-wwe","status":"publish","type":"post","link":"https:\/\/www.jdx.info\/lutte\/2019\/07\/05\/une-rumeur-de-blessure-rectifie-par-le-principal-interesse-a-la-wwe\/","title":{"rendered":"Une Rumeur de Blessure Rectifi\u00e9 par le Principal Int\u00e9ress\u00e9 \u00e0 la WWE!"},"content":{"rendered":"\n<p> Ali s&rsquo;est rendu sur Twitter et a reni\u00e9 un rapport selon lequel il aurait \u00e9t\u00e9 op\u00e9r\u00e9 le 28 juin.<\/p>\n\n\n\n<p>Plusieurs sites Web avait r\u00e9agit par un reportage sur la chirurgie du genou de Jinder Mahal qui s\u2019est d\u00e9roul\u00e9e le 28 juin. Mahal a \u00e9t\u00e9 bless\u00e9 au genou lors d\u2019un match non t\u00e9l\u00e9vis\u00e9 contre Ali, et certains sites ont mal lu le rapport du Wrestling Observer sur la chirurgie. Puis \u00e0 cause qu&rsquo;il \u00e9tait dans la m\u00eame ville que Jinder c&rsquo;est fait op\u00e9r\u00e9 la rumeur c&rsquo;est lanc\u00e9e que lui aussi se serait fait op\u00e9rer. <\/p>\n\n\n\n<p>Ali a rejet\u00e9 d\u00e9menti le tout et a confirm\u00e9 qu&rsquo;il avait rendu visite au dentiste la semaine derni\u00e8re.<\/p>\n\n\n\n<p>\u201cUmmm\u2026 j&rsquo;ai eu une un traitement de canal radiculaire mercredi. Je pense que \u00e7a va aller \u00bb, a \u00e9crit Ali. <\/p>\n\n\n\n<center><blockquote class=\"twitter-tweet\" data-lang=\"fr\"><p lang=\"en\" dir=\"ltr\">Ummm&#8230;I had a root canal procedure on Wednesday. I think I&#39;ll be okay. <a href=\"https:\/\/t.co\/GHxgIVdtel\">https:\/\/t.co\/GHxgIVdtel<\/a><\/p>&mdash; ALI \/ Adeel Alam (@AliWWE) <a href=\"https:\/\/twitter.com\/AliWWE\/status\/1147017333493440512?ref_src=twsrc%5Etfw\">5 juillet 2019<\/a><\/blockquote>\n<script async src=\"https:\/\/platform.twitter.com\/widgets.js\" charset=\"utf-8\"><\/script><\/center>\n\n<p>Vous pouvez me suivre et m&rsquo;ajouter personnellement sur Facebook en <a href=\"https:\/\/www.facebook.com\/JasonDarkCashDescoteaux\/\" target=\"sociaux\" rel=\"noopener noreferrer\">cliquant ici<\/a>. Et merci de suivre Info-Lutte via <a href=\"https:\/\/www.facebook.com\/InfoLuttenet\/\" target=\"sociaux\" rel=\"noopener noreferrer\">Facebook <\/a>ou <a href=\"https:\/\/twitter.com\/InfoLutte\" target=\"sociaux\" rel=\"noopener noreferrer\">Twitter @INFOLUTTE<\/a>, ou de visiter ce qui est autour du site  pour nous aider \u00e0 vous en offrir toujours plus. Vous voulez faire parti de l&rsquo;\u00e9quipe, contactez moi! \n\n<p><\/p>","protected":false},"excerpt":{"rendered":"<p>Ali s&rsquo;est rendu sur Twitter et a reni\u00e9 un rapport selon lequel il aurait \u00e9t\u00e9 op\u00e9r\u00e9 le 28 juin. Plusieurs sites Web avait r\u00e9agit par un reportage sur la chirurgie du genou de Jinder Mahal qui s\u2019est d\u00e9roul\u00e9e le 28 juin. Mahal a \u00e9t\u00e9 bless\u00e9 au genou lors d\u2019un match non t\u00e9l\u00e9vis\u00e9 contre Ali, et&#8230;<\/p>\n","protected":false},"author":4,"featured_media":6472,"comment_status":"open","ping_status":"closed","sticky":false,"template":"","format":"standard","meta":{"footnotes":""},"categories":[4,23],"tags":[],"ppma_author":[292],"class_list":["post-6471","post","type-post","status-publish","format-standard","has-post-thumbnail","hentry","category-news","category-wwe"],"authors":[{"term_id":292,"user_id":4,"is_guest":0,"slug":"jean","display_name":"Jean Vinnier","avatar_url":"https:\/\/secure.gravatar.com\/avatar\/33aba0263fd870a0b487e0e079ff407e10e3997c9d2987cbcc0db0db2c5c75a9?s=96&d=mm&r=g","0":null,"1":"","2":"","3":"","4":"","5":"","6":"","7":"","8":""}],"_links":{"self":[{"href":"https:\/\/www.jdx.info\/lutte\/wp-json\/wp\/v2\/posts\/6471","targetHints":{"allow":["GET"]}}],"collection":[{"href":"https:\/\/www.jdx.info\/lutte\/wp-json\/wp\/v2\/posts"}],"about":[{"href":"https:\/\/www.jdx.info\/lutte\/wp-json\/wp\/v2\/types\/post"}],"author":[{"embeddable":true,"href":"https:\/\/www.jdx.info\/lutte\/wp-json\/wp\/v2\/users\/4"}],"replies":[{"embeddable":true,"href":"https:\/\/www.jdx.info\/lutte\/wp-json\/wp\/v2\/comments?post=6471"}],"version-history":[{"count":2,"href":"https:\/\/www.jdx.info\/lutte\/wp-json\/wp\/v2\/posts\/6471\/revisions"}],"predecessor-version":[{"id":6474,"href":"https:\/\/www.jdx.info\/lutte\/wp-json\/wp\/v2\/posts\/6471\/revisions\/6474"}],"wp:featuredmedia":[{"embeddable":true,"href":"https:\/\/www.jdx.info\/lutte\/wp-json\/wp\/v2\/media\/6472"}],"wp:attachment":[{"href":"https:\/\/www.jdx.info\/lutte\/wp-json\/wp\/v2\/media?parent=6471"}],"wp:term":[{"taxonomy":"category","embeddable":true,"href":"https:\/\/www.jdx.info\/lutte\/wp-json\/wp\/v2\/categories?post=6471"},{"taxonomy":"post_tag","embeddable":true,"href":"https:\/\/www.jdx.info\/lutte\/wp-json\/wp\/v2\/tags?post=6471"},{"taxonomy":"author","embeddable":true,"href":"https:\/\/www.jdx.info\/lutte\/wp-json\/wp\/v2\/ppma_author?post=6471"}],"curies":[{"name":"wp","href":"https:\/\/api.w.org\/{rel}","templated":true}]}}