{"id":64612,"date":"2022-02-09T07:50:53","date_gmt":"2022-02-09T12:50:53","guid":{"rendered":"https:\/\/www.jdx.info\/lutte\/?p=64612"},"modified":"2022-02-09T07:50:58","modified_gmt":"2022-02-09T12:50:58","slug":"ryback-souvre-sur-sa-bataille-avec-covid-19-kyle-oreilly-remercie-la-wwe-pour-les-lecons-de-psychologie","status":"publish","type":"post","link":"https:\/\/www.jdx.info\/lutte\/2022\/02\/09\/ryback-souvre-sur-sa-bataille-avec-covid-19-kyle-oreilly-remercie-la-wwe-pour-les-lecons-de-psychologie\/","title":{"rendered":"Ryback s&rsquo;ouvre sur sa bataille avec COVID-19 \/ Kyle O&rsquo;Reilly remercie la WWE pour les le\u00e7ons de psychologie!"},"content":{"rendered":"\n<p>Ryback a parl\u00e9 d&rsquo;un test positif pour COVID-19 lors d&rsquo;une r\u00e9cente \u00e9dition de&nbsp;<a href=\"https:\/\/podcasts.apple.com\/us\/podcast\/the-ryback-show\/id1148439276\">l&rsquo;\u00e9mission Ryback.&nbsp;<\/a><\/p>\n\n\n\n<p>L&rsquo;ancienne star de la WWE a d\u00e9clar\u00e9 qu&rsquo;il avait le virus depuis environ 10 jours.&nbsp;Il avait une toux et un essoufflement.&nbsp;<\/p>\n\n\n\n<blockquote class=\"wp-block-quote is-layout-flow wp-block-quote-is-layout-flow\"><p>\u00ab\u00a0J&rsquo;ai eu le Covid.&nbsp;C&rsquo;\u00e9tait environ 10 jours.&nbsp;Je me sens bien.&nbsp;J&rsquo;ai pu m&rsquo;entra\u00eener aujourd&rsquo;hui et m&rsquo;entra\u00eener.&nbsp;Je me sens tr\u00e8s bien.&nbsp;Je peux dire que \u00e7a va probablement prendre quelques jours de plus.&nbsp;Aujourd&rsquo;hui, je me suis r\u00e9veill\u00e9 et j&rsquo;\u00e9tais nettement mieux que la veille.&nbsp;\u00c7a a \u00e9t\u00e9 assez doux, mais j&rsquo;ai eu la toux et l&rsquo;essoufflement.&nbsp;Je dirais que cela a commenc\u00e9 le jour 5 ou 6. Ce qui a vraiment aid\u00e9, j&rsquo;ai trouv\u00e9, c&rsquo;est le th\u00e9 \u00e0 la menthe poivr\u00e9e.<\/p><p>Le th\u00e9 \u00e0 la menthe poivr\u00e9e m&rsquo;a vraiment beaucoup aid\u00e9 avec mes poumons.&nbsp;J&rsquo;ai commenc\u00e9 \u00e0 boire \u00e7a il y a deux jours et la partie pulmonaire n&rsquo;est plus un probl\u00e8me maintenant.&nbsp;J&rsquo;ai pu faire du cardio.&nbsp;J&rsquo;ai fait un bon entra\u00eenement.&nbsp;J&rsquo;ai pris 10 jours de cong\u00e9 avec \u00e7a juste pour laisser mon corps r\u00e9cup\u00e9rer.&nbsp;Avec l&rsquo;essoufflement, m\u00eame si ce n&rsquo;\u00e9tait pas horrible ou quelque chose comme \u00e7a, c&rsquo;\u00e9tait perceptible \u00e0 l&rsquo;endroit o\u00f9 si je montais et descendais les escaliers, je le sentais.&nbsp;J&rsquo;ai perdu mon app\u00e9tit.&nbsp;Je mangeais, mais pas autant.&nbsp;J&rsquo;ai fini par perdre 8 \u00e0 10 livres, ce qui reviendra la premi\u00e8re semaine d&rsquo;entra\u00eenement et de prendre mes repas r\u00e9guliers.<\/p><\/blockquote>\n\n\n\n<center><p><script async=\"\" src=\"https:\/\/pagead2.googlesyndication.com\/pagead\/js\/adsbygoogle.js\"><\/script>\n<ins class=\"adsbygoogle\" style=\"display:block; text-align:center;\" data-ad-layout=\"in-article\" data-ad-format=\"fluid\" data-ad-client=\"ca-pub-1986975368136072\" data-ad-slot=\"7818521013\"><\/ins>\n<script>\n     (adsbygoogle = window.adsbygoogle || []).push({});\n<\/script><\/p><\/center>\n\n\n\n\n<p>R\u00e9cemment invit\u00e9 de AEW Unrestricted, Kyle O&rsquo;Reilly s\u2019est exprim\u00e9 au sujet de ce qu\u2019il a appris aupr\u00e8s de Shawn Michaels avec notamment la construction d\u2019un match en main-event.<\/p>\n\n\n\n<p><\/p>\n\n\n\n<blockquote class=\"wp-block-quote is-layout-flow wp-block-quote-is-layout-flow\"><p>\u201cJ&rsquo;ai beaucoup appris sur la construction d&rsquo;un match principal. Il y a ce vieil adage dans la lutte professionnelle, &lsquo;\u00e9coutez les gens, \u00e9coutez les gens&rsquo;. Je n&rsquo;ai jamais vraiment compris ce que \u00e7a voulait dire. \u00ab\u00a0Je les \u00e9coute. Ils applaudissent, ils se calment, ils applaudissent. Shawn nous a vraiment appris qu&rsquo;au lieu de monter et descendre avec la r\u00e9action de la foule, il faut essayer de la maintenir \u00e0 un certain niveau. Ainsi, lors d\u2019un moment o\u00f9 les deux catcheurs sont au sol, ne bougez pas jusqu&rsquo;\u00e0 ce qu&rsquo;ils commencent \u00e0 se calmer, et ensuite vous pouvez vous d\u00e9placer et les faire remonter. Des petites choses comme \u00e7a, auxquelles on ne pense pas vraiment et qu&rsquo;il est tr\u00e8s difficile d&rsquo;apprendre par soi-m\u00eame jusqu&rsquo;\u00e0 ce que quelqu&rsquo;un vous l&rsquo;explique, et alors une ampoule s&rsquo;allume et cela aide \u00e0 faire passer les choses au niveau sup\u00e9rieur.\u00a0\u00bb<\/p><\/blockquote>\n\n\n\n<p>Kyle O&rsquo;Reilly n\u2019oublie pas de remercier William Regal et Triple H :<\/p>\n\n\n\n<blockquote class=\"wp-block-quote is-layout-flow wp-block-quote-is-layout-flow\"><p>\u201cJ&rsquo;ai l&rsquo;impression que le temps que j&rsquo;y ai pass\u00e9 m&rsquo;a rendu beaucoup plus complet et perfectionniste en tant qu&rsquo;artiste. Je suis tellement reconnaissant pour mon temps l\u00e0-bas, les quatre ans et demi dans ce syst\u00e8me, travaillant avec les Shawn Michaels, les William Regal, et les Triple H. \u00c7a a vraiment fait de moi un artiste beaucoup plus accompli et brillant.\u00a0\u00bb<\/p><\/blockquote>\n\n\n\n<p>Kyle O&rsquo;Reilly est aujourd&rsquo;hui du c\u00f4t\u00e9 de la AEW o\u00f9 il retrouve ses amis de l\u2019Undisputed Era. Il a aussi r\u00e9cemment d\u00e9pos\u00e9 la marque \u201cThe Violent Artist\u201d a des fins commerciales.<\/p>\n\n\n\n<center><p><script async=\"\" src=\"https:\/\/pagead2.googlesyndication.com\/pagead\/js\/adsbygoogle.js\"><\/script>\n<ins class=\"adsbygoogle\" style=\"display:block; text-align:center;\" data-ad-layout=\"in-article\" data-ad-format=\"fluid\" data-ad-client=\"ca-pub-1986975368136072\" data-ad-slot=\"7818521013\"><\/ins>\n<script>\n     (adsbygoogle = window.adsbygoogle || []).push({});\n<\/script><\/p> \n\n<iframe loading=\"lazy\" width=\"560\" height=\"315\" src=\"https:\/\/www.youtube.com\/embed\/2bifVpZRRtQ\" title=\"YouTube video player\" frameborder=\"0\" allow=\"accelerometer; autoplay; clipboard-write; encrypted-media; gyroscope; picture-in-picture\" allowfullscreen><\/iframe><\/center>\n\n<p><\/p>","protected":false},"excerpt":{"rendered":"<p>Ryback a parl\u00e9 d&rsquo;un test positif pour COVID-19 lors d&rsquo;une r\u00e9cente \u00e9dition de&nbsp;l&rsquo;\u00e9mission Ryback.&nbsp; L&rsquo;ancienne star de la WWE a d\u00e9clar\u00e9 qu&rsquo;il avait le virus depuis environ 10 jours.&nbsp;Il avait une toux et un essoufflement.&nbsp; \u00ab\u00a0J&rsquo;ai eu le Covid.&nbsp;C&rsquo;\u00e9tait environ 10 jours.&nbsp;Je me sens bien.&nbsp;J&rsquo;ai pu m&rsquo;entra\u00eener aujourd&rsquo;hui et m&rsquo;entra\u00eener.&nbsp;Je me sens tr\u00e8s bien.&nbsp;Je peux&#8230;<\/p>\n","protected":false},"author":665,"featured_media":64644,"comment_status":"open","ping_status":"closed","sticky":false,"template":"","format":"standard","meta":{"footnotes":""},"categories":[38,24,30,22,4],"tags":[],"ppma_author":[289],"class_list":["post-64612","post","type-post","status-publish","format-standard","has-post-thumbnail","hentry","category-aew","category-aew-impact-njpw-roh","category-ex-wwe","category-indy","category-news"],"authors":[{"term_id":289,"user_id":665,"is_guest":0,"slug":"line","display_name":"Line Edmond","avatar_url":"https:\/\/secure.gravatar.com\/avatar\/852de09636413c90cdaa278312f9ea5bc4396768745424755cb63d99a05989d0?s=96&d=mm&r=g","0":null,"1":"","2":"","3":"","4":"","5":"","6":"","7":"","8":""}],"_links":{"self":[{"href":"https:\/\/www.jdx.info\/lutte\/wp-json\/wp\/v2\/posts\/64612","targetHints":{"allow":["GET"]}}],"collection":[{"href":"https:\/\/www.jdx.info\/lutte\/wp-json\/wp\/v2\/posts"}],"about":[{"href":"https:\/\/www.jdx.info\/lutte\/wp-json\/wp\/v2\/types\/post"}],"author":[{"embeddable":true,"href":"https:\/\/www.jdx.info\/lutte\/wp-json\/wp\/v2\/users\/665"}],"replies":[{"embeddable":true,"href":"https:\/\/www.jdx.info\/lutte\/wp-json\/wp\/v2\/comments?post=64612"}],"version-history":[{"count":2,"href":"https:\/\/www.jdx.info\/lutte\/wp-json\/wp\/v2\/posts\/64612\/revisions"}],"predecessor-version":[{"id":64645,"href":"https:\/\/www.jdx.info\/lutte\/wp-json\/wp\/v2\/posts\/64612\/revisions\/64645"}],"wp:featuredmedia":[{"embeddable":true,"href":"https:\/\/www.jdx.info\/lutte\/wp-json\/wp\/v2\/media\/64644"}],"wp:attachment":[{"href":"https:\/\/www.jdx.info\/lutte\/wp-json\/wp\/v2\/media?parent=64612"}],"wp:term":[{"taxonomy":"category","embeddable":true,"href":"https:\/\/www.jdx.info\/lutte\/wp-json\/wp\/v2\/categories?post=64612"},{"taxonomy":"post_tag","embeddable":true,"href":"https:\/\/www.jdx.info\/lutte\/wp-json\/wp\/v2\/tags?post=64612"},{"taxonomy":"author","embeddable":true,"href":"https:\/\/www.jdx.info\/lutte\/wp-json\/wp\/v2\/ppma_author?post=64612"}],"curies":[{"name":"wp","href":"https:\/\/api.w.org\/{rel}","templated":true}]}}