{"id":63934,"date":"2022-01-27T09:36:16","date_gmt":"2022-01-27T14:36:16","guid":{"rendered":"https:\/\/www.jdx.info\/lutte\/?p=63934"},"modified":"2022-01-27T09:36:21","modified_gmt":"2022-01-27T14:36:21","slug":"wardlow-veut-affronter-mjf-karrion-kross-regrette-le-main-roster-de-la-wwe","status":"publish","type":"post","link":"https:\/\/www.jdx.info\/lutte\/2022\/01\/27\/wardlow-veut-affronter-mjf-karrion-kross-regrette-le-main-roster-de-la-wwe\/","title":{"rendered":"Wardlow veut affronter MJF \/ Karrion Kross regrette le Main Roster de la WWE!"},"content":{"rendered":"\n<p>Dernier invit\u00e9 du podcast Insight de Chris Van Vliet, la star de la AEW convoit\u00e9 par la WWE, Wardlow s\u2019est exprim\u00e9 sur la possibilit\u00e9 d\u2019un match face \u00e0 MJF dans un futur tr\u00e8s proche.\u00a0<\/p>\n\n\n\n<p><\/p>\n\n\n\n<blockquote class=\"wp-block-quote is-layout-flow wp-block-quote-is-layout-flow\"><p>\u201cQui sait, mec. Je veux dire, \u00e9videmment, les tensions ont \u00e9t\u00e9 \u00e9lev\u00e9es, et il adore r\u00e9ajuster mon contrat. Il semble y apporter des changements toutes les semaines, ce qui commence \u00e0 m&rsquo;\u00e9nerver un peu. Mais on est ensemble depuis deux ans, il me paie pour que je surveille ses arri\u00e8res. Donc, vous savez, c&rsquo;est techniquement mon travail. Donc je continuerai \u00e0 le faire tant que je serai sous contrat pour le faire. Parce que c&rsquo;est mon travail. Je fais mon travail, et je le fais bien. Mais qui sait ce qui va se passer ? Je sais que ce contrat n&rsquo;est pas \u00e9ternel. Alors qui sait ce qui se passera sur le chemin.\u201d<\/p><\/blockquote>\n\n\n\n<p>Bien \u00e9videmment, Wardlow reste dans son personnage en parlant des tensions avec MJF. Le match face \u00e0 son patron semble in\u00e9vitable tant la frustration de Wardlow monte de semaine en semaine. Les prochaines semaines seront tr\u00e8s int\u00e9ressantes pour voir le d\u00e9veloppement de cette histoire en m\u00eame temps qu\u2019elle celle qui oppose MJF \u00e0 CM Punk.\u00a0<\/p>\n\n\n\n<center><iframe loading=\"lazy\" width=\"560\" height=\"315\" src=\"https:\/\/www.youtube.com\/embed\/T2bH9lwwFGE\" title=\"YouTube video player\" frameborder=\"0\" allow=\"accelerometer; autoplay; clipboard-write; encrypted-media; gyroscope; picture-in-picture\" allowfullscreen><\/iframe>\n\n<p><script async=\"\" src=\"https:\/\/pagead2.googlesyndication.com\/pagead\/js\/adsbygoogle.js\"><\/script>\n<ins class=\"adsbygoogle\" style=\"display:block; text-align:center;\" data-ad-layout=\"in-article\" data-ad-format=\"fluid\" data-ad-client=\"ca-pub-1986975368136072\" data-ad-slot=\"7818521013\"><\/ins>\n<script>\n     (adsbygoogle = window.adsbygoogle || []).push({});\n<\/script><\/p><\/center>\n\n\n\n\n<p>Alors qu\u2019il \u00e9tait l\u2019invit\u00e9 de Busted Open Radio, Karrion Kross nous a r\u00e9v\u00e9l\u00e9 qu\u2019il pensait que le manque de continuit\u00e9 et de direction pour son personnage entre NXT et le main roster a men\u00e9 au d\u00e9sastre que l\u2019on a connu.<\/p>\n\n\n\n<p>Il nous dit :&nbsp;<\/p>\n\n\n\n<blockquote class=\"wp-block-quote is-layout-flow wp-block-quote-is-layout-flow\"><p>\u201cIl (Vince McMahon) m&rsquo;a dit qu&rsquo;il \u00e9tait tr\u00e8s heureux de tout ce que je faisais. Pour ce qui est de donner vie \u00e0 un personnage, \u00e0 part la tenue, on ne m&rsquo;a pas donn\u00e9 beaucoup de directives, alors j&rsquo;ai juste continu\u00e9 \u00e0 faire ce que je faisais \u00e0 NXT en termes de pr\u00e9sentation, qui malheureusement avait l&rsquo;air d&rsquo;\u00eatre amput\u00e9e parce que Scarlett chantait toujours la musique, elle n&rsquo;\u00e9tait pas l\u00e0, et il y avait encore des restes de ce que nous faisions \u00e0 NXT sans explication sur la raison pour laquelle le personnage portait un casque et des bretelles.\u00a0\u00bb<\/p><\/blockquote>\n\n\n\n<p>Karrion Kross r\u00e9pond \u00e0 une question lui demandant s\u2019il aurait pu g\u00e9rer les choses diff\u00e9remment s\u2019il avait pu.<\/p>\n\n\n\n<blockquote class=\"wp-block-quote is-layout-flow wp-block-quote-is-layout-flow\"><p>\u201cJe prends la responsabilit\u00e9 de dire, d\u00e8s le d\u00e9part, que j&rsquo;ai fait fausse route avec cette affaire, en r\u00e9trospective, peut-\u00eatre en \u00e9tant trop complaisant. Je n&rsquo;\u00e9tais pas fou de cette tenue. Je me sentais \u00e0 l&rsquo;aise en la portant. Je savais qu&rsquo;elle avait l&rsquo;air un peu ridicule, mais de mon point de vue, je voulais embrasser ces id\u00e9es qui m&rsquo;\u00e9taient donn\u00e9es parce que les gens avaient auparavant embrass\u00e9 les id\u00e9es que je leur avais donn\u00e9es. C&rsquo;\u00e9tait une collaboration, toujours. Je voulais juste le d\u00e9montrer. J&rsquo;aurais probablement d\u00fb dire non et j&rsquo;aurais d\u00fb essayer de les convaincre de ce que nous avons cr\u00e9\u00e9 et fait \u00e0 NXT parce que je crois que nous aurions d\u00fb garder le cap. Les fans \u00e9taient investis. Au moment o\u00f9 nous sommes sortis avec la pr\u00e9sentation que nous avons faite \u00e0 NXT, les gens en ligne disaient qu&rsquo;ils voulaient la voir \u00e0 WrestleMania. J&rsquo;aurais vraiment d\u00fb essayer de m&rsquo;affirmer avec cette id\u00e9e. Avec tout le respect que je vous dois, je pense que l\u00e0 o\u00f9 ils se sont tromp\u00e9s avec nous, c&rsquo;est qu&rsquo;ils n&rsquo;ont pas fourni au public un peu plus de continuit\u00e9 et d&rsquo;explications sur ce qui se passait, parce que les gens ont d\u00e9croch\u00e9 \u00e9motionnellement de ce qu&rsquo;ils regardaient parce qu&rsquo;ils n&rsquo;avaient aucune explication sur ce qui se passait. Dans le monde \u00e9crit de la fiction, nous pouvons trouver n&rsquo;importe quelle raison, tant qu&rsquo;elle est logique et respectueuse de leur intelligence, pour expliquer pourquoi les choses sont diff\u00e9rentes. D&rsquo;une semaine \u00e0 l&rsquo;autre, ils n&rsquo;ont jamais compris cela, et ils sont pass\u00e9s en mode analytique au lieu d&rsquo;appr\u00e9cier l&rsquo;histoire et de profiter de ce que nous vivions. Ils sont rest\u00e9s assis l\u00e0 \u00e0 se demander ce qui se passait. C&rsquo;est la pire chose que l&rsquo;on puisse souhaiter dans le catch. Quand ils ne sont plus attach\u00e9s \u00e9motionnellement, vous \u00eates foutu.\u00a0\u00bb<\/p><\/blockquote>\n\n\n\n<center><p><script async=\"\" src=\"https:\/\/pagead2.googlesyndication.com\/pagead\/js\/adsbygoogle.js\"><\/script>\n<ins class=\"adsbygoogle\" style=\"display:block; text-align:center;\" data-ad-layout=\"in-article\" data-ad-format=\"fluid\" data-ad-client=\"ca-pub-1986975368136072\" data-ad-slot=\"7818521013\"><\/ins>\n<script>\n     (adsbygoogle = window.adsbygoogle || []).push({});\n<\/script><\/p><\/center>\n\n\n\n\n<p>Il nous parle ensuite de certains conseils qui lui ont \u00e9t\u00e9 donn\u00e9s.&nbsp;<\/p>\n\n\n\n<blockquote class=\"wp-block-quote is-layout-flow wp-block-quote-is-layout-flow\"><p>\u201cIl y avait beaucoup de gens, je ne veux pas leur jeter la pierre, mais il y avait beaucoup de gens qui \u00e9taient dans l&rsquo;entreprise depuis longtemps et qui me disaient de ne rien dire. J&rsquo;ai dit \u00ab\u00a0pas de probl\u00e8me\u00a0\u00bb, les affaires sont les affaires et on va s&rsquo;en sortir. Quoi qu&rsquo;ils aient besoin de voir de moi et quoi que je doive d\u00e9montrer, je le ferai et nous serons en mesure de travailler.\u00a0\u00bb<\/p><\/blockquote>\n\n\n\n<p>Il termine en nous r\u00e9v\u00e9lant qu\u2019il a fait part de ses doutes \u00e0 la direction quant au chemin pris par son programme et de l\u2019incompr\u00e9hension des fans sur son personnage.&nbsp;<\/p>\n\n\n\n<blockquote class=\"wp-block-quote is-layout-flow wp-block-quote-is-layout-flow\"><p>\u201cJe dois dire qu&rsquo;\u00e0 un moment donn\u00e9, je crois que c&rsquo;\u00e9tait la deuxi\u00e8me semaine de la tenue, j&rsquo;ai parl\u00e9 avec la direction et je leur ai dit : \u00ab\u00a0Je dis cela par professionnalisme et respect, sur la base des r\u00e9actions de la semaine derni\u00e8re, qui sont mesurables par les m\u00e9dias sociaux et la r\u00e9action en direct, ce n&rsquo;est pas bien re\u00e7u. Respectueusement, je pense que nous devrions essayer de changer de cap avant qu&rsquo;il ne soit trop tard. Ou alors, nous pourrions essayer de d\u00e9velopper une sorte de r\u00e9cit \u00e0 mettre \u00e0 la t\u00e9l\u00e9vision o\u00f9 nous pourrions faire le lien entre ce que j&rsquo;ai fait \u00e0 NXT et ce que je fais ici parce que les gens ne comprennent pas ce qui se passe\u00a0\u00bb. Pour paraphraser, on m&rsquo;a dit, &lsquo;garde le cap&rsquo;. \u00c0 l&rsquo;\u00e9poque, j&rsquo;ai pens\u00e9 que c&rsquo;\u00e9tait fou. Je me suis exprim\u00e9, de mani\u00e8re respectueuse, je ne suis jamais entr\u00e9 dans le bureau de quelqu&rsquo;un en disant \u00ab\u00a0Je ne peux pas faire \u00e7a\u00a0\u00bb. J&rsquo;ai simplement dit : \u00ab\u00a0Je veux un retour sur investissement, si je ne peux pas le faire, je vais partir d&rsquo;ici\u00a0\u00bb. Le chemin sur lequel nous sommes en ce moment, est proche de la falaise.\u201d<\/p><\/blockquote>\n\n\n\n<p>Le personnage de Karrion Kross avait tout pour r\u00e9ussir dans le roster principal si la WWE avait d\u00e9cid\u00e9 de garder le travail qui avait commenc\u00e9 du c\u00f4t\u00e9 de NXT. Malheureusement, nous avons assist\u00e9 \u00e0 un d\u00e9mant\u00e8lement complet du travail effectu\u00e9 dans un premier temps dans le show noir et or avec un personnage priv\u00e9 de l\u2019atout f\u00e9minin qui faisait partie int\u00e9grante de l\u2019univers puis \u00e7a s\u2019est termin\u00e9 avec des adversaires illogiques et aucune direction de semaines en semaines.&nbsp;<\/p>\n\n\n\n<p>Il a \u00e9t\u00e9 licenci\u00e9 le 4 novembre 2021 et il devrait voir sa clause de non concurrence prendre fin le mois prochain. Nous pourrons alors peut-\u00eatre le voir d\u00e9buter dans une nouvelle f\u00e9d\u00e9ration.&nbsp;<\/p>\n<p><\/p>","protected":false},"excerpt":{"rendered":"<p>Dernier invit\u00e9 du podcast Insight de Chris Van Vliet, la star de la AEW convoit\u00e9 par la WWE, Wardlow s\u2019est exprim\u00e9 sur la possibilit\u00e9 d\u2019un match face \u00e0 MJF dans un futur tr\u00e8s proche.\u00a0 \u201cQui sait, mec. Je veux dire, \u00e9videmment, les tensions ont \u00e9t\u00e9 \u00e9lev\u00e9es, et il adore r\u00e9ajuster mon contrat. Il semble y&#8230;<\/p>\n","protected":false},"author":609,"featured_media":63935,"comment_status":"open","ping_status":"closed","sticky":false,"template":"","format":"standard","meta":{"footnotes":""},"categories":[38,24,30,22,4],"tags":[],"ppma_author":[295],"class_list":["post-63934","post","type-post","status-publish","format-standard","has-post-thumbnail","hentry","category-aew","category-aew-impact-njpw-roh","category-ex-wwe","category-indy","category-news"],"authors":[{"term_id":295,"user_id":609,"is_guest":0,"slug":"rodrigo","display_name":"Rodrigue Tousignant","avatar_url":"https:\/\/secure.gravatar.com\/avatar\/51fe284bb6dbe8a6b4c2bf998ad658f4a9cd24b7e58f15ec85888070c7340ce6?s=96&d=mm&r=g","0":null,"1":"","2":"","3":"","4":"","5":"","6":"","7":"","8":""}],"_links":{"self":[{"href":"https:\/\/www.jdx.info\/lutte\/wp-json\/wp\/v2\/posts\/63934","targetHints":{"allow":["GET"]}}],"collection":[{"href":"https:\/\/www.jdx.info\/lutte\/wp-json\/wp\/v2\/posts"}],"about":[{"href":"https:\/\/www.jdx.info\/lutte\/wp-json\/wp\/v2\/types\/post"}],"author":[{"embeddable":true,"href":"https:\/\/www.jdx.info\/lutte\/wp-json\/wp\/v2\/users\/609"}],"replies":[{"embeddable":true,"href":"https:\/\/www.jdx.info\/lutte\/wp-json\/wp\/v2\/comments?post=63934"}],"version-history":[{"count":1,"href":"https:\/\/www.jdx.info\/lutte\/wp-json\/wp\/v2\/posts\/63934\/revisions"}],"predecessor-version":[{"id":63936,"href":"https:\/\/www.jdx.info\/lutte\/wp-json\/wp\/v2\/posts\/63934\/revisions\/63936"}],"wp:featuredmedia":[{"embeddable":true,"href":"https:\/\/www.jdx.info\/lutte\/wp-json\/wp\/v2\/media\/63935"}],"wp:attachment":[{"href":"https:\/\/www.jdx.info\/lutte\/wp-json\/wp\/v2\/media?parent=63934"}],"wp:term":[{"taxonomy":"category","embeddable":true,"href":"https:\/\/www.jdx.info\/lutte\/wp-json\/wp\/v2\/categories?post=63934"},{"taxonomy":"post_tag","embeddable":true,"href":"https:\/\/www.jdx.info\/lutte\/wp-json\/wp\/v2\/tags?post=63934"},{"taxonomy":"author","embeddable":true,"href":"https:\/\/www.jdx.info\/lutte\/wp-json\/wp\/v2\/ppma_author?post=63934"}],"curies":[{"name":"wp","href":"https:\/\/api.w.org\/{rel}","templated":true}]}}