{"id":63790,"date":"2022-01-25T01:31:00","date_gmt":"2022-01-25T06:31:00","guid":{"rendered":"https:\/\/www.jdx.info\/lutte\/?p=63790"},"modified":"2022-01-25T10:32:12","modified_gmt":"2022-01-25T15:32:12","slug":"eric-bischoff-commente-son-apparition-a-au-friday-night-smackdown-rob-van-dam-na-jamais-ete-alaise-a-la-wwe","status":"publish","type":"post","link":"https:\/\/www.jdx.info\/lutte\/2022\/01\/25\/eric-bischoff-commente-son-apparition-a-au-friday-night-smackdown-rob-van-dam-na-jamais-ete-alaise-a-la-wwe\/","title":{"rendered":"Eric Bischoff commente son apparition \u00e0 au Friday Night SmackDown \/ Rob Van Dam n&rsquo;a jamais \u00e9t\u00e9 alaise \u00e0 la WWE!"},"content":{"rendered":"\n<p>Eric Bischoff est apparu dans un segment des coulisses avec Adam Pearce lors de l&rsquo;\u00e9pisode de la semaine derni\u00e8re de WWE SmackDown.&nbsp;<\/p>\n\n\n\n<p>Le Temple de la renomm\u00e9e de la WWE a f\u00e9licit\u00e9 Pearce pour son leadership sur la fa\u00e7on dont il a g\u00e9r\u00e9 la situation entre Sonya Deville et Naomi.&nbsp;<\/p>\n\n\n\n<p>Cela est venu apr\u00e8s que Bischoff soit apparu le mois dernier sur WWE Raw pour le segment de renouvellement des v\u0153ux de mariage qui comprenait \u00e9galement The Miz, Maryse et Edge.&nbsp;Bischoff a parl\u00e9 de l&rsquo;apparition sur son podcast 83 semaines.&nbsp;<\/p>\n\n\n\n<blockquote class=\"wp-block-quote is-layout-flow wp-block-quote-is-layout-flow\"><p>\u00ab Je me suis \u00e9clat\u00e9.&nbsp;Je suis tellement reconnaissante \u00e0 ce stade de ma vie de pouvoir entrer et renouer avec des personnes que je n&rsquo;ai pas vues depuis longtemps, passer un peu de temps avec elles et juste \u00eatre autour d&rsquo;elles.&nbsp;Il est certain que sortir devant une foule, ressentir cette \u00e9nergie et en faire partie d&rsquo;une petite mani\u00e8re gratte en moi la d\u00e9mangeaison de l&rsquo;artiste, quelle que soit la taille du segment dans lequel je suis impliqu\u00e9.&nbsp;J&rsquo;en suis toujours reconnaissant.&nbsp;C&rsquo;est g\u00e9nial.&nbsp;Je peux rentrer \u00e0 la maison et je n&rsquo;ai pas \u00e0 le refaire la semaine prochaine.<\/p><\/blockquote>\n\n\n\n<center><p><script async=\"\" src=\"https:\/\/pagead2.googlesyndication.com\/pagead\/js\/adsbygoogle.js\"><\/script>\n<ins class=\"adsbygoogle\" style=\"display:block; text-align:center;\" data-ad-layout=\"in-article\" data-ad-format=\"fluid\" data-ad-client=\"ca-pub-1986975368136072\" data-ad-slot=\"7818521013\"><\/ins>\n<script>\n     (adsbygoogle = window.adsbygoogle || []).push({});\n<\/script><\/p><\/center>\n\n\n\n\n<p>R\u00e9cemment, le Hall Of Famer de la WWE Rob Van Dam \u00e9tait l\u2019invit\u00e9 du podcast Cafe de Rene o\u00f9 il est revenu sur son passage \u00e0 la WWE.&nbsp;<\/p>\n\n\n\n<p><\/p>\n\n\n\n<blockquote class=\"wp-block-quote is-layout-flow wp-block-quote-is-layout-flow\"><p>\u00ab\u00a0Pour une raison quelconque, je n&rsquo;ai jamais \u00e9t\u00e9 vraiment \u00e0 l&rsquo;aise \u00e0 la WWE, vous savez ? Les gens sont comme surpris \u00e0 chaque fois que quelqu&rsquo;un se fait virer maintenant, ce qui est, vous savez, assez fou \u00e0 quelle fr\u00e9quence ils le font, mais le monde est toujours choqu\u00e9. Genre, \u00ab\u00a0Oh mon dieu\u00a0\u00bb. Je pense que m\u00eame quand j&rsquo;\u00e9tais champion, je ne me suis jamais senti intouchable. Ils m&rsquo;ont rendu tellement modeste. Vous savez, ils vous donnent des projets. \u00ab\u00a0On va faire \u00e7a&#8230;\u00a0\u00bb Apr\u00e8s tant de choses, \u00e7a m&rsquo;a rendu si simple que je me suis dit : \u00ab\u00a0Oh, je ne suis pas vir\u00e9 ? Ok, c&rsquo;est cool.'\u00a0\u00bb<\/p><\/blockquote>\n\n\n\n<p>Il nous dit ensuite qu\u2019il n&rsquo;y a \u00e0 l\u2019heure actuelle aucun plan sur un retour \u00e0 la WWE ou des d\u00e9buts \u00e0 la AEW.\u00a0<\/p>\n\n\n\n<blockquote class=\"wp-block-quote is-layout-flow wp-block-quote-is-layout-flow\"><p>\u201cJe ne sais pas si vous avez dit WWE ou AEW, mais la r\u00e9ponse est la m\u00eame pour les deux. Personne. Je ne parle \u00e0 personne d&rsquo;important. Je fais toujours des tourn\u00e9es, je lutte toujours, mais ce sont des trucs ind\u00e9 maintenant, et g\u00e9n\u00e9ralement, ce sont des gens \u00e0 l&rsquo;\u00e9tranger qui peuvent se payer le tarif de RVD plut\u00f4t que celui des ind\u00e9pendants.\u00a0\u00bb<\/p><\/blockquote>\n\n\n\n<p>Pour rappel, Rob Van Dam \u00e0 \u00e9t\u00e9 intronis\u00e9 au sein du Hall Of Fame de la WWE l\u2019ann\u00e9e derni\u00e8re. Une belle r\u00e9compense pour le \u201cWhole F\u2019N Show\u201d qui nous aura \u00e9merveill\u00e9 de ses nombreuses prouesses et notamment le Five Star Frog Splash dont il a le secret.\u00a0<\/p>\n\n\n\n<center><p><script async=\"\" src=\"https:\/\/pagead2.googlesyndication.com\/pagead\/js\/adsbygoogle.js\"><\/script>\n<ins class=\"adsbygoogle\" style=\"display:block; text-align:center;\" data-ad-layout=\"in-article\" data-ad-format=\"fluid\" data-ad-client=\"ca-pub-1986975368136072\" data-ad-slot=\"7818521013\"><\/ins>\n<script>\n     (adsbygoogle = window.adsbygoogle || []).push({});\n<\/script><\/p><\/center>\n\n\n<center><iframe loading=\"lazy\" width=\"560\" height=\"315\" src=\"https:\/\/www.youtube.com\/embed\/_KTAVmNkBDs\" title=\"YouTube video player\" frameborder=\"0\" allow=\"accelerometer; autoplay; clipboard-write; encrypted-media; gyroscope; picture-in-picture\" allowfullscreen><\/iframe><\/center>\n\n\n\n<p><\/p>\n<p><\/p>","protected":false},"excerpt":{"rendered":"<p>Eric Bischoff est apparu dans un segment des coulisses avec Adam Pearce lors de l&rsquo;\u00e9pisode de la semaine derni\u00e8re de WWE SmackDown.&nbsp; Le Temple de la renomm\u00e9e de la WWE a f\u00e9licit\u00e9 Pearce pour son leadership sur la fa\u00e7on dont il a g\u00e9r\u00e9 la situation entre Sonya Deville et Naomi.&nbsp; Cela est venu apr\u00e8s que&#8230;<\/p>\n","protected":false},"author":665,"featured_media":63840,"comment_status":"open","ping_status":"closed","sticky":false,"template":"","format":"standard","meta":{"footnotes":""},"categories":[30,77,22,4,36,23],"tags":[],"ppma_author":[289],"class_list":["post-63790","post","type-post","status-publish","format-standard","has-post-thumbnail","hentry","category-ex-wwe","category-hall-of-fame","category-indy","category-news","category-smackdown","category-wwe"],"authors":[{"term_id":289,"user_id":665,"is_guest":0,"slug":"line","display_name":"Line Edmond","avatar_url":"https:\/\/secure.gravatar.com\/avatar\/852de09636413c90cdaa278312f9ea5bc4396768745424755cb63d99a05989d0?s=96&d=mm&r=g","0":null,"1":"","2":"","3":"","4":"","5":"","6":"","7":"","8":""}],"_links":{"self":[{"href":"https:\/\/www.jdx.info\/lutte\/wp-json\/wp\/v2\/posts\/63790","targetHints":{"allow":["GET"]}}],"collection":[{"href":"https:\/\/www.jdx.info\/lutte\/wp-json\/wp\/v2\/posts"}],"about":[{"href":"https:\/\/www.jdx.info\/lutte\/wp-json\/wp\/v2\/types\/post"}],"author":[{"embeddable":true,"href":"https:\/\/www.jdx.info\/lutte\/wp-json\/wp\/v2\/users\/665"}],"replies":[{"embeddable":true,"href":"https:\/\/www.jdx.info\/lutte\/wp-json\/wp\/v2\/comments?post=63790"}],"version-history":[{"count":2,"href":"https:\/\/www.jdx.info\/lutte\/wp-json\/wp\/v2\/posts\/63790\/revisions"}],"predecessor-version":[{"id":63841,"href":"https:\/\/www.jdx.info\/lutte\/wp-json\/wp\/v2\/posts\/63790\/revisions\/63841"}],"wp:featuredmedia":[{"embeddable":true,"href":"https:\/\/www.jdx.info\/lutte\/wp-json\/wp\/v2\/media\/63840"}],"wp:attachment":[{"href":"https:\/\/www.jdx.info\/lutte\/wp-json\/wp\/v2\/media?parent=63790"}],"wp:term":[{"taxonomy":"category","embeddable":true,"href":"https:\/\/www.jdx.info\/lutte\/wp-json\/wp\/v2\/categories?post=63790"},{"taxonomy":"post_tag","embeddable":true,"href":"https:\/\/www.jdx.info\/lutte\/wp-json\/wp\/v2\/tags?post=63790"},{"taxonomy":"author","embeddable":true,"href":"https:\/\/www.jdx.info\/lutte\/wp-json\/wp\/v2\/ppma_author?post=63790"}],"curies":[{"name":"wp","href":"https:\/\/api.w.org\/{rel}","templated":true}]}}