{"id":63551,"date":"2022-01-21T12:59:50","date_gmt":"2022-01-21T17:59:50","guid":{"rendered":"https:\/\/www.jdx.info\/lutte\/?p=63551"},"modified":"2022-01-21T12:59:54","modified_gmt":"2022-01-21T17:59:54","slug":"charlotte-flair-sur-sa-motivation-regrets-consacrer-a-des-moments-de-reid-flair-une-revelation-de-carmella","status":"publish","type":"post","link":"https:\/\/www.jdx.info\/lutte\/2022\/01\/21\/charlotte-flair-sur-sa-motivation-regrets-consacrer-a-des-moments-de-reid-flair-une-revelation-de-carmella\/","title":{"rendered":"Charlotte Flair sur sa motivation, regrets, consacrer \u00e0 des moments de Reid Flair! \/ Une R\u00e9v\u00e9lation de Carmella!"},"content":{"rendered":"\n<p>Comme vous le savez, Corey Graves est l&rsquo;h\u00f4te du podcast officiel de la WWE After The Bell, il en tient \u00e9galement un autre appel\u00e9 Bare With Us qu&rsquo;il co-pr\u00e9sente avec sa conjointe Carmella.<\/p>\n\n\n\n<p> A l&rsquo;occasion du dernier \u00e9pisode, le covid s&rsquo;est invit\u00e9 au programme. L&rsquo;actuelle moiti\u00e9 des championnes par \u00e9quipe indique avoir r\u00e9cemment \u00e9t\u00e9 contr\u00f4l\u00e9e positive. C&rsquo;est ainsi pour cette raison qu&rsquo;elle a manqu\u00e9 le Raw de la semaine derni\u00e8re. Graves a cependant fait savoir que malgr\u00e9 sa proximit\u00e9 avec Carmella, tous ses tests sont revenus n\u00e9gatifs.<\/p>\n\n\n\n<center><p><script async=\"\" src=\"https:\/\/pagead2.googlesyndication.com\/pagead\/js\/adsbygoogle.js\"><\/script>\n<ins class=\"adsbygoogle\" style=\"display:block; text-align:center;\" data-ad-layout=\"in-article\" data-ad-format=\"fluid\" data-ad-client=\"ca-pub-1986975368136072\" data-ad-slot=\"7818521013\"><\/ins>\n<script>\n     (adsbygoogle = window.adsbygoogle || []).push({});\n<\/script><\/p><\/center>\n\n\n\n\n<p>La championne f\u00e9minine de SmackDown, Charlotte Flair, s&rsquo;est r\u00e9cemment entretenue avec\u00a0M. Skye de TV Source Magazine\u00a0et a fourni en larmes sa motivation pour son parcours dans la lutte professionnelle lorsqu&rsquo;on lui a demand\u00e9 ce qui la faisait avancer.<\/p>\n\n\n\n<p>Flair a comment\u00e9 comment sa vie a chang\u00e9 et l&rsquo;a mise sur la voie actuelle sur laquelle elle se trouve lorsque son fr\u00e8re Reid Flair est d\u00e9c\u00e9d\u00e9 \u00e0 l&rsquo;\u00e2ge de 25 ans le 29 mars 2013.<\/p>\n\n\n\n<blockquote class=\"wp-block-quote is-layout-flow wp-block-quote-is-layout-flow\"><p>\u00ab Je me surprends constamment.\u00a0C&rsquo;est vraiment \u00e7a. Parfois, je conduis sur la route, et je regarde ma vie, et je me dis, comment diable suis-je arriv\u00e9 ici?\u00a0Je n&rsquo;avais pas encore trouv\u00e9 mon but ou ma passion dans la vingtaine.\u00a0Lorsque mon fr\u00e8re est d\u00e9c\u00e9d\u00e9, ma vie a chang\u00e9 et m&rsquo;a mis sur la voie o\u00f9 je suis aujourd&rsquo;hui.\u00a0Si je peux aller aussi loin, jusqu&rsquo;o\u00f9 puis-je aller ?\u00bb<\/p><\/blockquote>\n\n\n\n<p>Flair a continu\u00e9 et a comment\u00e9 comment elle a consacr\u00e9 divers moments \u00e0 Reid.&nbsp;Elle dit qu&rsquo;elle n&rsquo;a aucun regret.<\/p>\n\n\n\n<blockquote class=\"wp-block-quote is-layout-flow wp-block-quote-is-layout-flow\"><p>\u00ab\u00a0Quand j&rsquo;ai gagn\u00e9 le titre de Diva, j&rsquo;ai l&rsquo;impression que c&rsquo;\u00e9tait pour lui.\u00a0Maintenant, je me dis qu&rsquo;il ne croira jamais ce que je suis devenu.\u00a0Je suis la femme la plus d\u00e9cor\u00e9e de l&rsquo;histoire du divertissement sportif et il n&rsquo;en a jamais vu une seconde.\u00a0C&rsquo;\u00e9tait son r\u00eave. Y a-t-il des choses que je ferais diff\u00e9remment?\u00a0Ouais, probablement, mais des regrets, non.\u00a0Je suis l\u00e0 maintenant.\u00a0Je suis o\u00f9 je suis.\u00bb<\/p><\/blockquote>\n\n\n\n<p>Flair participera  Royal Rumble f\u00e9minin plus tard ce mois-ci, notant qu&rsquo;elle pr\u00e9voit de gagner et de choisir son challenger pour WrestleMania 38, selon les rumeurs, Sasha Banks ou Bayley.\u00a0Elle affrontera Naomi dans un match sans titre du Championship Contender \u00e0 SmackDown cette semaine.<\/p>\n\n\n\n<ul class=\"wp-block-list\"><li><a href=\"https:\/\/www.jdx.info\/lutte\/2022\/01\/21\/avant-gout-express-du-wwe-friday-night-smackdown-du-21-janvier-2021\/\" target=\"_blank\" rel=\"noreferrer noopener\"><strong>Pour l&rsquo;avant gout du Smackdown de ce soir, cliquez ici.<\/strong><\/a><\/li><\/ul>\n\n\n\n<p><\/p>\n<p><\/p>","protected":false},"excerpt":{"rendered":"<p>Comme vous le savez, Corey Graves est l&rsquo;h\u00f4te du podcast officiel de la WWE After The Bell, il en tient \u00e9galement un autre appel\u00e9 Bare With Us qu&rsquo;il co-pr\u00e9sente avec sa conjointe Carmella. A l&rsquo;occasion du dernier \u00e9pisode, le covid s&rsquo;est invit\u00e9 au programme. L&rsquo;actuelle moiti\u00e9 des championnes par \u00e9quipe indique avoir r\u00e9cemment \u00e9t\u00e9 contr\u00f4l\u00e9e&#8230;<\/p>\n","protected":false},"author":665,"featured_media":63651,"comment_status":"open","ping_status":"closed","sticky":false,"template":"","format":"standard","meta":{"footnotes":""},"categories":[4,43,36,23],"tags":[],"ppma_author":[289],"class_list":["post-63551","post","type-post","status-publish","format-standard","has-post-thumbnail","hentry","category-news","category-raw-wwe","category-smackdown","category-wwe"],"authors":[{"term_id":289,"user_id":665,"is_guest":0,"slug":"line","display_name":"Line Edmond","avatar_url":"https:\/\/secure.gravatar.com\/avatar\/852de09636413c90cdaa278312f9ea5bc4396768745424755cb63d99a05989d0?s=96&d=mm&r=g","0":null,"1":"","2":"","3":"","4":"","5":"","6":"","7":"","8":""}],"_links":{"self":[{"href":"https:\/\/www.jdx.info\/lutte\/wp-json\/wp\/v2\/posts\/63551","targetHints":{"allow":["GET"]}}],"collection":[{"href":"https:\/\/www.jdx.info\/lutte\/wp-json\/wp\/v2\/posts"}],"about":[{"href":"https:\/\/www.jdx.info\/lutte\/wp-json\/wp\/v2\/types\/post"}],"author":[{"embeddable":true,"href":"https:\/\/www.jdx.info\/lutte\/wp-json\/wp\/v2\/users\/665"}],"replies":[{"embeddable":true,"href":"https:\/\/www.jdx.info\/lutte\/wp-json\/wp\/v2\/comments?post=63551"}],"version-history":[{"count":2,"href":"https:\/\/www.jdx.info\/lutte\/wp-json\/wp\/v2\/posts\/63551\/revisions"}],"predecessor-version":[{"id":63652,"href":"https:\/\/www.jdx.info\/lutte\/wp-json\/wp\/v2\/posts\/63551\/revisions\/63652"}],"wp:featuredmedia":[{"embeddable":true,"href":"https:\/\/www.jdx.info\/lutte\/wp-json\/wp\/v2\/media\/63651"}],"wp:attachment":[{"href":"https:\/\/www.jdx.info\/lutte\/wp-json\/wp\/v2\/media?parent=63551"}],"wp:term":[{"taxonomy":"category","embeddable":true,"href":"https:\/\/www.jdx.info\/lutte\/wp-json\/wp\/v2\/categories?post=63551"},{"taxonomy":"post_tag","embeddable":true,"href":"https:\/\/www.jdx.info\/lutte\/wp-json\/wp\/v2\/tags?post=63551"},{"taxonomy":"author","embeddable":true,"href":"https:\/\/www.jdx.info\/lutte\/wp-json\/wp\/v2\/ppma_author?post=63551"}],"curies":[{"name":"wp","href":"https:\/\/api.w.org\/{rel}","templated":true}]}}