{"id":63473,"date":"2022-01-17T10:50:23","date_gmt":"2022-01-17T15:50:23","guid":{"rendered":"https:\/\/www.jdx.info\/lutte\/?p=63473"},"modified":"2022-01-17T10:54:35","modified_gmt":"2022-01-17T15:54:35","slug":"lobjectif-tres-claire-de-nikki-bella-pour-le-royal-rumble-renee-paquette-narrive-pas-a-se-faire-a-lidee-que-william-regal-a-ete-licencie-par-la-wwe","status":"publish","type":"post","link":"https:\/\/www.jdx.info\/lutte\/2022\/01\/17\/lobjectif-tres-claire-de-nikki-bella-pour-le-royal-rumble-renee-paquette-narrive-pas-a-se-faire-a-lidee-que-william-regal-a-ete-licencie-par-la-wwe\/","title":{"rendered":"L&rsquo;objectif tr\u00e8s claire de Nikki Bella pour le Royal Rumble! \/ Renee Young n&rsquo;arrive pas \u00e0 se faire \u00e0 l&rsquo;id\u00e9e que William Regal a \u00e9t\u00e9 licenci\u00e9 par la WWE."},"content":{"rendered":"\n<p>Lors du dernier \u00e9pisode de son podcast, Nikki Bella nous r\u00e9v\u00e8le qu\u2019elle pourrait faire un tr\u00e8s gros contre pied apr\u00e8s avoir remport\u00e9 le Royal Rumble match en choisissant de d\u00e9fier les championnes par \u00e9quipe \u00e0 WrestleMania.<\/p>\n\n\n\n<blockquote class=\"wp-block-quote is-layout-flow wp-block-quote-is-layout-flow\"><p>\u00ab\u00a0Et puis il y a les titres tag, parce que j&rsquo;aimerais bien \u00eatre la premi\u00e8re \u00e0 remporter le Royal Rumble et \u00e0 faire un doigt d&rsquo;honneur aux deux championnes en disant &lsquo;Je veux les titres tag&rsquo;. Ce serait vraiment g\u00e9nial. Ne serais-je pas la personne la plus cool \u00e0 entrer dans l&rsquo;histoire ?\u00a0\u00bb<\/p><\/blockquote>\n\n\n\n<p>Ce n\u2019est pas la premi\u00e8re fois que les Bella Twins font part de cette envie pour les titres f\u00e9minins par \u00e9quipes, par exemple lors de leur intronisation au Hall Of Fame de la WWE en 2021, mais aussi il y a quasiment 2 ans maintenant, la WWE \u00e9tait en discussion avec elles pour un retour et un run pour les titres par \u00e9quipe.<\/p>\n\n\n\n<center><iframe loading=\"lazy\" width=\"560\" height=\"315\" src=\"https:\/\/www.youtube.com\/embed\/kpLcIQvfJS0\" title=\"YouTube video player\" frameborder=\"0\" allow=\"accelerometer; autoplay; clipboard-write; encrypted-media; gyroscope; picture-in-picture\" allowfullscreen=\"\"><\/iframe>\n\n<p><script async=\"\" src=\"https:\/\/pagead2.googlesyndication.com\/pagead\/js\/adsbygoogle.js\"><\/script>\n<ins class=\"adsbygoogle\" style=\"display:block; text-align:center;\" data-ad-layout=\"in-article\" data-ad-format=\"fluid\" data-ad-client=\"ca-pub-1986975368136072\" data-ad-slot=\"7818521013\"><\/ins>\n<script>\n     (adsbygoogle = window.adsbygoogle || []).push({});\n<\/script><\/p><\/center>\n\n\n\n<p>Il y a quelques jours, Renee \u00ab\u00a0Young\u00a0\u00bb Paquette \u00e9tait l\u2019invit\u00e9e de Busted Open Radio o\u00f9 elle a fait part de sa tristesse et de son incompr\u00e9hension suite au licenciement de William Regal par la WWE.<\/p>\n\n\n\n<p><\/p>\n\n\n\n<blockquote class=\"wp-block-quote is-layout-flow wp-block-quote-is-layout-flow\"><p>\u00ab\u00a0Je n&rsquo;arrive pas \u00e0 me faire \u00e0 l&rsquo;id\u00e9e que William Regal a \u00e9t\u00e9 licenci\u00e9 par la WWE. \u00c7a me tue. Je ne peux pas me faire \u00e0 l&rsquo;id\u00e9e que William Regal n&rsquo;a pas \u00e9t\u00e9 int\u00e9gr\u00e9 dans une \u00e9quipe au sein de la compagnie.<\/p><p>Quand on pense au respect que suscite William Regal, on pense \u00e0 son histoire et \u00e0 ses connaissances. Toutes les choses qui font de William Regal un lutteur, un mentor, un cr\u00e9atif et m\u00eame un directeur g\u00e9n\u00e9ral.<\/p><p>Il apporte tellement \u00e0 la table. On entend toujours parler de ces lib\u00e9rations et on voit appara\u00eetre diff\u00e9rents noms. Samoa Joe en est un autre dont on se demande ce qui se passe ici.<\/p><p>C&rsquo;est bouleversant, c&rsquo;est vraiment bouleversant et \u00e7a me d\u00e9prime. Je sais que William Regal va, j&rsquo;en suis s\u00fbr, atterrir quelque part avec bonheur et qu&rsquo;il pourra mettre ses services \u00e0 profit quelque part et j&rsquo;ai h\u00e2te de voir ce que ce sera.<\/p><p>Peut-\u00eatre qu&rsquo;il ne le fera pas, peut-\u00eatre qu&rsquo;il veut juste profiter de la vie. Je ne sais pas ce que William Regal va faire mais je pense que quelqu&rsquo;un qui \u00e9tait l&rsquo;une des pierres angulaires de NXT aurait pu apporter quelque chose du c\u00f4t\u00e9 de NXT 2.0.\u00a0\u00bb<\/p><\/blockquote>\n\n\n\n<p>Le licenciement de William Regal a attrist\u00e9 un grand nombre de personnes du monde du catch. Comme le dit Renee Paquette, il \u00e9tait l\u2019essence m\u00eame de ce qu\u2019il se faisait du c\u00f4t\u00e9 de NXT m\u00eame si un nouveau virage \u00e9tait emprunt\u00e9 depuis septembre dernier.&nbsp;<\/p>\n\n\n\n<center><p><script async=\"\" src=\"https:\/\/pagead2.googlesyndication.com\/pagead\/js\/adsbygoogle.js\"><\/script>\n<ins class=\"adsbygoogle\" style=\"display:block; text-align:center;\" data-ad-layout=\"in-article\" data-ad-format=\"fluid\" data-ad-client=\"ca-pub-1986975368136072\" data-ad-slot=\"7818521013\"><\/ins>\n<script>\n     (adsbygoogle = window.adsbygoogle || []).push({});\n<\/script><\/p><\/center>\n\n\n\n<p>Samantha Irvin, c&rsquo;est peut-\u00eatre un nom qui ne vous dit pas grand-chose.&nbsp;C&rsquo;est une annonceuse qui a sign\u00e9 avec la WWE courant 2021&nbsp;et qui \u00e9voluait jusqu&rsquo;\u00e0 aujourd&rsquo;hui du c\u00f4t\u00e9 de NXT ainsi que 205 Live.<\/p>\n\n\n\n<p>Depuis le renvoi de Greg Hamilton en novembre dernier, Mike Rome \u00e9tait la voix de RAW ainsi que SmackDown. Mais pour 2022, il laisse sa place du vendredi \u00e0 Samantha Irvin qui rejoint alors SmackDown en tant qu&rsquo;annonceuse. La petite amie de Ricochet, lui aussi dans le roster du show bleu, se dit<\/p>\n\n\n\n<blockquote class=\"wp-block-quote is-layout-flow wp-block-quote-is-layout-flow\"><p> \u00ab\u00a0honor\u00e9e, heureuse et excit\u00e9e d&rsquo;\u00eatre votre nouvelle annonceuse de Friday Night SmackDown !\u00a0\u00bb<\/p><\/blockquote>\n\n\n\n<center><blockquote class=\"twitter-tweet\"><p lang=\"en\" dir=\"ltr\">Honored, blessed, and oh, so excited to be your new Friday Night Smackdown Ring Announcer! <a href=\"https:\/\/twitter.com\/hashtag\/Smackdown?src=hash&amp;ref_src=twsrc%5Etfw\">#Smackdown<\/a> <a href=\"https:\/\/t.co\/WEAHaIwApg\">pic.twitter.com\/WEAHaIwApg<\/a><\/p>\u2014 Samantha Irvin (@SamanthaTheBomb) <a href=\"https:\/\/twitter.com\/SamanthaTheBomb\/status\/1482161492762013699?ref_src=twsrc%5Etfw\">January 15, 2022<\/a><\/blockquote> <script async=\"\" src=\"https:\/\/platform.twitter.com\/widgets.js\" charset=\"utf-8\"><\/script><\/center>\n<p><\/p>","protected":false},"excerpt":{"rendered":"<p>Lors du dernier \u00e9pisode de son podcast, Nikki Bella nous r\u00e9v\u00e8le qu\u2019elle pourrait faire un tr\u00e8s gros contre pied apr\u00e8s avoir remport\u00e9 le Royal Rumble match en choisissant de d\u00e9fier les championnes par \u00e9quipe \u00e0 WrestleMania. \u00ab\u00a0Et puis il y a les titres tag, parce que j&rsquo;aimerais bien \u00eatre la premi\u00e8re \u00e0 remporter le Royal&#8230;<\/p>\n","protected":false},"author":609,"featured_media":63474,"comment_status":"open","ping_status":"closed","sticky":false,"template":"","format":"standard","meta":{"footnotes":""},"categories":[24,30,22,4,71,23],"tags":[],"ppma_author":[295],"class_list":["post-63473","post","type-post","status-publish","format-standard","has-post-thumbnail","hentry","category-aew-impact-njpw-roh","category-ex-wwe","category-indy","category-news","category-royal-rumble","category-wwe"],"authors":[{"term_id":295,"user_id":609,"is_guest":0,"slug":"rodrigo","display_name":"Rodrigue Tousignant","avatar_url":"https:\/\/secure.gravatar.com\/avatar\/51fe284bb6dbe8a6b4c2bf998ad658f4a9cd24b7e58f15ec85888070c7340ce6?s=96&d=mm&r=g","0":null,"1":"","2":"","3":"","4":"","5":"","6":"","7":"","8":""}],"_links":{"self":[{"href":"https:\/\/www.jdx.info\/lutte\/wp-json\/wp\/v2\/posts\/63473","targetHints":{"allow":["GET"]}}],"collection":[{"href":"https:\/\/www.jdx.info\/lutte\/wp-json\/wp\/v2\/posts"}],"about":[{"href":"https:\/\/www.jdx.info\/lutte\/wp-json\/wp\/v2\/types\/post"}],"author":[{"embeddable":true,"href":"https:\/\/www.jdx.info\/lutte\/wp-json\/wp\/v2\/users\/609"}],"replies":[{"embeddable":true,"href":"https:\/\/www.jdx.info\/lutte\/wp-json\/wp\/v2\/comments?post=63473"}],"version-history":[{"count":3,"href":"https:\/\/www.jdx.info\/lutte\/wp-json\/wp\/v2\/posts\/63473\/revisions"}],"predecessor-version":[{"id":63479,"href":"https:\/\/www.jdx.info\/lutte\/wp-json\/wp\/v2\/posts\/63473\/revisions\/63479"}],"wp:featuredmedia":[{"embeddable":true,"href":"https:\/\/www.jdx.info\/lutte\/wp-json\/wp\/v2\/media\/63474"}],"wp:attachment":[{"href":"https:\/\/www.jdx.info\/lutte\/wp-json\/wp\/v2\/media?parent=63473"}],"wp:term":[{"taxonomy":"category","embeddable":true,"href":"https:\/\/www.jdx.info\/lutte\/wp-json\/wp\/v2\/categories?post=63473"},{"taxonomy":"post_tag","embeddable":true,"href":"https:\/\/www.jdx.info\/lutte\/wp-json\/wp\/v2\/tags?post=63473"},{"taxonomy":"author","embeddable":true,"href":"https:\/\/www.jdx.info\/lutte\/wp-json\/wp\/v2\/ppma_author?post=63473"}],"curies":[{"name":"wp","href":"https:\/\/api.w.org\/{rel}","templated":true}]}}