{"id":63457,"date":"2022-01-16T16:59:50","date_gmt":"2022-01-16T21:59:50","guid":{"rendered":"https:\/\/www.jdx.info\/lutte\/?p=63457"},"modified":"2022-01-16T16:59:54","modified_gmt":"2022-01-16T21:59:54","slug":"mustafa-ali-veut-quitter-la-wwe-il-sest-dispute-avec-vince-mcmahon-avant-de-disparaitre","status":"publish","type":"post","link":"https:\/\/www.jdx.info\/lutte\/2022\/01\/16\/mustafa-ali-veut-quitter-la-wwe-il-sest-dispute-avec-vince-mcmahon-avant-de-disparaitre\/","title":{"rendered":"Mustafa Ali veut quitter la WWE \/ Il s&rsquo;est disput\u00e9 avec Vince McMahon avant de dispara\u00eetre!"},"content":{"rendered":"\n<p>Si on pouvait penser que Mustafa Ali allait pouvoir d\u00e9crocher un meilleur r\u00f4le apr\u00e8s avoir \u00e9t\u00e9 transf\u00e9r\u00e9 du c\u00f4t\u00e9 de SmackDown au cours du dernier Draft, l&rsquo;ancien leader de RETRIBUTION n&rsquo;est pas apparu beaucoup de fois lors du show bleu depuis octobre dernier. Une storyline le concernant a d&rsquo;ailleurs \u00e9t\u00e9\u00a0abandonn\u00e9e\u00a0tr\u00e8s rapidement et on apprenait r\u00e9cemment que\u00a0la WWE n&rsquo;avait pas d&rsquo;id\u00e9es\u00a0pour le catcheur.<\/p>\n\n\n\n<p>Par le biais de ses r\u00e9seaux sociaux,\u00a0Mustafa Ali annonce aujourd&rsquo;hui publiquement avoir demand\u00e9 \u00e0 quitter la WWE. Il affirme par ailleurs :<\/p>\n\n\n\n<blockquote class=\"wp-block-quote is-layout-flow wp-block-quote-is-layout-flow\"><p>&lt;&lt; J&rsquo;ai une parole plus grande que mes r\u00eaves dans le catch. Malgr\u00e9 mes efforts, je ne pourrai la respecter en travaillant avec la WWE. Par cons\u00e9quent, je demande mon d\u00e9part de la WWE. >><\/p><\/blockquote>\n\n\n\n<p>Mustafa Ali et sa femme ont accueilli leur troisi\u00e8me enfant en novembre dernier. Cependant son absence,\u00a0le catcheur n&rsquo;avait demand\u00e9 aucun cong\u00e9 de parternit\u00e9, assure Fightful. Il avait juste demand\u00e9 \u00e0 rater un show pour \u00e7a. On ne sait pas encore si la WWE va accepter cette demande de Mustafa Ali, qui aura brill\u00e9 dans la compagnie pour ses comp\u00e9tences sur le ring mais aussi en dehors.<\/p>\n\n\n\n<center><blockquote class=\"twitter-tweet\"><p lang=\"en\" dir=\"ltr\">I&#39;ll go ahead and say this much publicly &#8212; Mustafa Ali hasn&#39;t been on paternity leave. He asked for one show off for that. <a href=\"https:\/\/t.co\/BKK7nvHVqI\">https:\/\/t.co\/BKK7nvHVqI<\/a><\/p>&mdash; Sean Ross Sapp of Fightful.com (@SeanRossSapp) <a href=\"https:\/\/twitter.com\/SeanRossSapp\/status\/1482772206077759488?ref_src=twsrc%5Etfw\">January 16, 2022<\/a><\/blockquote> <script async src=\"https:\/\/platform.twitter.com\/widgets.js\" charset=\"utf-8\"><\/script>\n\n\n<p><script async=\"\" src=\"https:\/\/pagead2.googlesyndication.com\/pagead\/js\/adsbygoogle.js\"><\/script>\n<ins class=\"adsbygoogle\" style=\"display:block; text-align:center;\" data-ad-layout=\"in-article\" data-ad-format=\"fluid\" data-ad-client=\"ca-pub-1986975368136072\" data-ad-slot=\"7818521013\"><\/ins>\n<script>\n     (adsbygoogle = window.adsbygoogle || []).push({});\n<\/script><\/p><\/center>\n\n\n\n\n<p>Plus de d\u00e9tails concernant les raisons de sa demande nous sont parvenus par le biais de Fightful. Tout d&rsquo;abord, Mustafa Ali n&rsquo;avait demand\u00e9 qu&rsquo;un seul jour de repos lorsque sa femme a mis au monde leur troisi\u00e8me enfant en novembre dernier. Pourtant, le catcheur n&rsquo;est pas apparu lors des shows de la WWE depuis ce mois-l\u00e0.<\/p>\n\n\n\n<p>Une absence qui \u00e9tait vue comme un cong\u00e9 de paternit\u00e9 en interne mais en r\u00e9alit\u00e9, \u00e7a va bien au-del\u00e0 de \u00e7a. Depuis, il n&rsquo;est pas revenu \u00e0 SmackDown et une personne dans les coulisses a laiss\u00e9 savoir qu&rsquo;ils \u00e9taient surpris que Mustafa Ali n&rsquo;a pas \u00e9t\u00e9 book\u00e9 pour le show \u00e0 Chicago, sa ville natale, qui a eu lieu en d\u00e9cembre dernier.\u00a0Il se dit m\u00eame que le catcheur \u00e9tait pr\u00eat pour un retour depuis la premi\u00e8re semaine de d\u00e9cembre.<\/p>\n\n\n\n<p>Mustafa Ali avait commenc\u00e9 une\u00a0toute nouvelle storyline\u00a0en fin octobre. Elle se voulait prometteuse mais la WWE n&rsquo;a pas voulu aller plus loin avec celle-ci. Selon des personnes au courant de cette histoire, cette storyline a d&rsquo;abord \u00e9t\u00e9 accept\u00e9e avant que les officiels de la WWE ne changent d&rsquo;avis. \u00c0 la place,\u00a0Vince McMahon a propos\u00e9 une id\u00e9e que Mustafa Ali ne fera finalement pas. \u00c7a a conduit \u00e0 une \u00ab\u00a0dispute\u00a0\u00bb entre le catcheur et son patron.\u00a0Depuis, Mustafa Ali est aux abonn\u00e9s absents.<\/p>\n\n\n\n<p>Enfin, un officiel avoue que la WWE a accord\u00e9 des demandes de d\u00e9part ces derniers mois car\u00a0il serait difficile de les refuser alors qu&rsquo;ils renvoient des Superstars \u00e0 cause de \u00ab\u00a0coupures budg\u00e9taires\u00a0\u00bb. Un catcheur de SmackDown, rest\u00e9 anonyme, a d\u00e9clar\u00e9 que pour quelqu&rsquo;un qui travaille autant que Mustafa Ali sur son m\u00e9tier, ne rien avoir pour lui \u00e9tait \u00ab\u00a0comme une punition\u00a0\u00bb<\/p>\n\n\n\n<p>Tr\u00e8s appr\u00e9ci\u00e9 au sein de la WWE,\u00a0de nombreux talents ont montr\u00e9 leur envie de travailler avec Mustafa Ali\u00a0depuis qu&rsquo;il est \u00e0 SmackDown. Pour l&rsquo;instant, personne ne sait si la WWE a accept\u00e9 ou pas la demande de Mustafa Ali.<\/p>\n<p><\/p>","protected":false},"excerpt":{"rendered":"<p>Si on pouvait penser que Mustafa Ali allait pouvoir d\u00e9crocher un meilleur r\u00f4le apr\u00e8s avoir \u00e9t\u00e9 transf\u00e9r\u00e9 du c\u00f4t\u00e9 de SmackDown au cours du dernier Draft, l&rsquo;ancien leader de RETRIBUTION n&rsquo;est pas apparu beaucoup de fois lors du show bleu depuis octobre dernier. Une storyline le concernant a d&rsquo;ailleurs \u00e9t\u00e9\u00a0abandonn\u00e9e\u00a0tr\u00e8s rapidement et on apprenait r\u00e9cemment&#8230;<\/p>\n","protected":false},"author":4,"featured_media":63458,"comment_status":"open","ping_status":"closed","sticky":false,"template":"","format":"standard","meta":{"footnotes":""},"categories":[4,23],"tags":[],"ppma_author":[292],"class_list":["post-63457","post","type-post","status-publish","format-standard","has-post-thumbnail","hentry","category-news","category-wwe"],"authors":[{"term_id":292,"user_id":4,"is_guest":0,"slug":"jean","display_name":"Jean Vinnier","avatar_url":"https:\/\/secure.gravatar.com\/avatar\/33aba0263fd870a0b487e0e079ff407e10e3997c9d2987cbcc0db0db2c5c75a9?s=96&d=mm&r=g","0":null,"1":"","2":"","3":"","4":"","5":"","6":"","7":"","8":""}],"_links":{"self":[{"href":"https:\/\/www.jdx.info\/lutte\/wp-json\/wp\/v2\/posts\/63457","targetHints":{"allow":["GET"]}}],"collection":[{"href":"https:\/\/www.jdx.info\/lutte\/wp-json\/wp\/v2\/posts"}],"about":[{"href":"https:\/\/www.jdx.info\/lutte\/wp-json\/wp\/v2\/types\/post"}],"author":[{"embeddable":true,"href":"https:\/\/www.jdx.info\/lutte\/wp-json\/wp\/v2\/users\/4"}],"replies":[{"embeddable":true,"href":"https:\/\/www.jdx.info\/lutte\/wp-json\/wp\/v2\/comments?post=63457"}],"version-history":[{"count":1,"href":"https:\/\/www.jdx.info\/lutte\/wp-json\/wp\/v2\/posts\/63457\/revisions"}],"predecessor-version":[{"id":63459,"href":"https:\/\/www.jdx.info\/lutte\/wp-json\/wp\/v2\/posts\/63457\/revisions\/63459"}],"wp:featuredmedia":[{"embeddable":true,"href":"https:\/\/www.jdx.info\/lutte\/wp-json\/wp\/v2\/media\/63458"}],"wp:attachment":[{"href":"https:\/\/www.jdx.info\/lutte\/wp-json\/wp\/v2\/media?parent=63457"}],"wp:term":[{"taxonomy":"category","embeddable":true,"href":"https:\/\/www.jdx.info\/lutte\/wp-json\/wp\/v2\/categories?post=63457"},{"taxonomy":"post_tag","embeddable":true,"href":"https:\/\/www.jdx.info\/lutte\/wp-json\/wp\/v2\/tags?post=63457"},{"taxonomy":"author","embeddable":true,"href":"https:\/\/www.jdx.info\/lutte\/wp-json\/wp\/v2\/ppma_author?post=63457"}],"curies":[{"name":"wp","href":"https:\/\/api.w.org\/{rel}","templated":true}]}}