{"id":63362,"date":"2022-01-13T16:41:00","date_gmt":"2022-01-13T21:41:00","guid":{"rendered":"https:\/\/www.jdx.info\/lutte\/?p=63362"},"modified":"2022-01-13T17:42:17","modified_gmt":"2022-01-13T22:42:17","slug":"nikki-bella-confirme-quelle-a-le-feu-vert-serena-deeb-dit-que-sa-liberation-par-la-wwe-a-ete-la-meilleure-chose-qui-lui-soit-jamais-arrivee","status":"publish","type":"post","link":"https:\/\/www.jdx.info\/lutte\/2022\/01\/13\/nikki-bella-confirme-quelle-a-le-feu-vert-serena-deeb-dit-que-sa-liberation-par-la-wwe-a-ete-la-meilleure-chose-qui-lui-soit-jamais-arrivee\/","title":{"rendered":"Nikki Bella confirme quelle a le feu vert \/ Serena Deeb dit que sa lib\u00e9ration par la WWE a \u00e9t\u00e9 la meilleure chose qui lui soit jamais arriv\u00e9e!"},"content":{"rendered":"\n<p>La star de la AEW, Serena Deeb, s&rsquo;est r\u00e9cemment entretenue avec le\u00a0<a href=\"https:\/\/www.washingtonpost.com\/goingoutguide\/serena-deeb-aew-interview\/2022\/01\/12\/be57f2a6-7240-11ec-bc13-18891499c514_story.html\">Washington Post<\/a>\u00a0pour discuter d&rsquo;un certain nombre de sujets li\u00e9s \u00e0 la lutte professionnelle, y compris comment sa lib\u00e9ration de la WWE en 2020 \u00e9tait la meilleure chose qui lui soit jamais arriv\u00e9e depuis qu&rsquo;elle a lanc\u00e9 sa carri\u00e8re de c\u00e9libataire \u00e0 AEW.\u00a0Les faits saillants de l&rsquo;entrevue :<\/p>\n\n\n\n<p>Dit que sa sortie de la WWE en 2020 \u00e9tait la meilleure chose qui lui soit jamais arriv\u00e9e :<\/p>\n\n\n\n<blockquote class=\"wp-block-quote is-layout-flow wp-block-quote-is-layout-flow\"><p>\u00ab\u00a0Honn\u00eatement, je consid\u00e8re mes deux sorties de la WWE comme deux des meilleures choses qui me soient jamais arriv\u00e9es.\u00a0\u00bb<\/p><\/blockquote>\n\n\n\n<p>Ses r\u00e9flexions sur le lancement pr\u00e9coce d&rsquo;AEW:<\/p>\n\n\n\n<blockquote class=\"wp-block-quote is-layout-flow wp-block-quote-is-layout-flow\"><p>\u00abJe regardais la AEW en pensant que je voulais lutter l\u00e0-bas, je soutiens ce qu&rsquo;ils font, je soutiens \u00e0 quel point c&rsquo;est diff\u00e9rent.\u00a0Les choses que j&rsquo;avais entendues sur l&rsquo;atmosph\u00e8re des coulisses, tout a plant\u00e9 cet objectif dans mon esprit \u00e0 ce moment-l\u00e0.<\/p><\/blockquote>\n\n\n\n<p>\u00c0 quel point l&rsquo;atmosph\u00e8re est positive dans AEW:<\/p>\n\n\n\n<blockquote class=\"wp-block-quote is-layout-flow wp-block-quote-is-layout-flow\"><p>\u00ab\u00a0Beaucoup d&rsquo;entre nous se disent cela chaque semaine, nous travaillons litt\u00e9ralement dans la meilleure entreprise du monde.\u00a0Vous ne vous sentez jamais comme, &lsquo;Je ne peux aller chez personne.&rsquo;\u00a0Il y a d&rsquo;autres entreprises o\u00f9 ce sentiment est \u00e9crasant.<\/p><\/blockquote>\n\n\n\n<center><p><script async=\"\" src=\"https:\/\/pagead2.googlesyndication.com\/pagead\/js\/adsbygoogle.js\"><\/script>\n<ins class=\"adsbygoogle\" style=\"display:block; text-align:center;\" data-ad-layout=\"in-article\" data-ad-format=\"fluid\" data-ad-client=\"ca-pub-1986975368136072\" data-ad-slot=\"7818521013\"><\/ins>\n<script>\n     (adsbygoogle = window.adsbygoogle || []).push({});\n<\/script><\/p><\/center>\n\n\n\n\n<p>\u00c7a fait d\u00e9j\u00e0 plusieurs ann\u00e9es que Nikki Bella esp\u00e8re revenir \u00e0 la WWE apr\u00e8s avoir \u00e9t\u00e9 bless\u00e9e au cou et cette semaine, elle a confirm\u00e9 qu&rsquo;elle a \u00e9t\u00e9 autoris\u00e9e \u00e0 revenir sur le ring par le m\u00e9decin de la compagnie.<\/p>\n\n\n\n<p>L&rsquo;ex copine de John Cena a confirm\u00e9 lors du \u00a0\u00bbBellas Podcast\u00a0\u00bb qu&rsquo;elle a eu le feu vert :<\/p>\n\n\n\n<blockquote class=\"wp-block-quote is-layout-flow wp-block-quote-is-layout-flow\"><p>\u00a0\u00bbDans le monde du sport professionnel les gens font toujours des retours, mais ce qui est beau avec la WWE, c&rsquo;est que nous pouvons faire des retours autant de fois que notre corps et que le m\u00e9decin le permettent. J&rsquo;ai \u00e9t\u00e9 officiellement autoris\u00e9e \u00e0 revenir par le m\u00e9decin.\u00a0\u00bb<\/p><\/blockquote>\n\n\n\n<p>Nikki Bella en profite pour remercier son chirurgien qui a ouvert pendant le temps des f\u00eates sp\u00e9cialement pour elle et faire son nouveau scan afin de savoir si sa r\u00e9\u00e9ducation avait finalement fonctionn\u00e9, ce qui est le cas.<\/p>\n\n\n\n<p>Elle avait aussi souffert d&rsquo;un kyste au niveau de son cerveau, mais lui aussi a \u00e9t\u00e9 retir\u00e9 avec succ\u00e8s. Les Bella Twins n&rsquo;ont jamais cach\u00e9 leur intention de vouloir revenir \u00e0 la WWE et remporter les titres par \u00e9quipe. Il faudra surveiller ce que l&rsquo;avenir leur r\u00e9serve.<\/p>\n<p><\/p>","protected":false},"excerpt":{"rendered":"<p>La star de la AEW, Serena Deeb, s&rsquo;est r\u00e9cemment entretenue avec le\u00a0Washington Post\u00a0pour discuter d&rsquo;un certain nombre de sujets li\u00e9s \u00e0 la lutte professionnelle, y compris comment sa lib\u00e9ration de la WWE en 2020 \u00e9tait la meilleure chose qui lui soit jamais arriv\u00e9e depuis qu&rsquo;elle a lanc\u00e9 sa carri\u00e8re de c\u00e9libataire \u00e0 AEW.\u00a0Les faits saillants&#8230;<\/p>\n","protected":false},"author":665,"featured_media":63377,"comment_status":"open","ping_status":"closed","sticky":false,"template":"","format":"standard","meta":{"footnotes":""},"categories":[30,4,71,23],"tags":[],"ppma_author":[289],"class_list":["post-63362","post","type-post","status-publish","format-standard","has-post-thumbnail","hentry","category-ex-wwe","category-news","category-royal-rumble","category-wwe"],"authors":[{"term_id":289,"user_id":665,"is_guest":0,"slug":"line","display_name":"Line Edmond","avatar_url":"https:\/\/secure.gravatar.com\/avatar\/852de09636413c90cdaa278312f9ea5bc4396768745424755cb63d99a05989d0?s=96&d=mm&r=g","0":null,"1":"","2":"","3":"","4":"","5":"","6":"","7":"","8":""}],"_links":{"self":[{"href":"https:\/\/www.jdx.info\/lutte\/wp-json\/wp\/v2\/posts\/63362","targetHints":{"allow":["GET"]}}],"collection":[{"href":"https:\/\/www.jdx.info\/lutte\/wp-json\/wp\/v2\/posts"}],"about":[{"href":"https:\/\/www.jdx.info\/lutte\/wp-json\/wp\/v2\/types\/post"}],"author":[{"embeddable":true,"href":"https:\/\/www.jdx.info\/lutte\/wp-json\/wp\/v2\/users\/665"}],"replies":[{"embeddable":true,"href":"https:\/\/www.jdx.info\/lutte\/wp-json\/wp\/v2\/comments?post=63362"}],"version-history":[{"count":2,"href":"https:\/\/www.jdx.info\/lutte\/wp-json\/wp\/v2\/posts\/63362\/revisions"}],"predecessor-version":[{"id":63378,"href":"https:\/\/www.jdx.info\/lutte\/wp-json\/wp\/v2\/posts\/63362\/revisions\/63378"}],"wp:featuredmedia":[{"embeddable":true,"href":"https:\/\/www.jdx.info\/lutte\/wp-json\/wp\/v2\/media\/63377"}],"wp:attachment":[{"href":"https:\/\/www.jdx.info\/lutte\/wp-json\/wp\/v2\/media?parent=63362"}],"wp:term":[{"taxonomy":"category","embeddable":true,"href":"https:\/\/www.jdx.info\/lutte\/wp-json\/wp\/v2\/categories?post=63362"},{"taxonomy":"post_tag","embeddable":true,"href":"https:\/\/www.jdx.info\/lutte\/wp-json\/wp\/v2\/tags?post=63362"},{"taxonomy":"author","embeddable":true,"href":"https:\/\/www.jdx.info\/lutte\/wp-json\/wp\/v2\/ppma_author?post=63362"}],"curies":[{"name":"wp","href":"https:\/\/api.w.org\/{rel}","templated":true}]}}