{"id":62313,"date":"2021-12-07T14:25:52","date_gmt":"2021-12-07T19:25:52","guid":{"rendered":"https:\/\/www.jdx.info\/lutte\/?p=62313"},"modified":"2021-12-07T16:49:37","modified_gmt":"2021-12-07T21:49:37","slug":"special-de-noel-avec-the-rock-sur-ab1-batista-aura-un-role-dans-le-prochain-film-de-m-night-shyamalan","status":"publish","type":"post","link":"https:\/\/www.jdx.info\/lutte\/2021\/12\/07\/special-de-noel-avec-the-rock-sur-ab1-batista-aura-un-role-dans-le-prochain-film-de-m-night-shyamalan\/","title":{"rendered":"Sp\u00e9cial de No\u00ebl avec The Rock sur AB1! \/ Batista aura un r\u00f4le dans le prochain film de M. Night Shyamalan"},"content":{"rendered":"\n<p>Apr\u00e8s avoir eu un grand r\u00f4le avec le film \u00a0\u00bbDune\u00a0\u00bb de Denis Villeneuve, Batista aura la chance d&rsquo;avoir sa place pour le prochain film du r\u00e9alisateur M. Night Shyamalan.<\/p>\n\n\n\n<p>Deadline annonce que Dave Batista aura un r\u00f4le pour son prochain film qui aura pour nom \u00a0\u00bbKnock at the Cabin\u00a0\u00bb. Un film qui est gard\u00e9 bien secret et il est impossible de savoir quel r\u00f4le aura Batista. La sortie au cin\u00e9ma est pr\u00e9vue pour le 3 f\u00e9vrier 2023 avec un tournage en milieu 2022. Il a d\u00e9clar\u00e9 sur Instagram que c&rsquo;\u00e9tait un nouveau r\u00eave qui se r\u00e9alisait pour lui de pouvoir travailler avec Shyamalan.<\/p>\n\n\n\n<p>Batista est pr\u00e9sentement en tournage avec \u00a0\u00bbLes Gardiens de la Galaxie Vol. 3\u00a0\u00bb et il vient de terminer \u00a0\u00bbKnives Out 2\u00a0\u00bb. Une nouvelle star \u00e0 Hollywood qui a la chance de faire des films les uns apr\u00e8s les autres. Il ne faut pas oublier que Batista attend toujours sa place au WWE Hall of Fame, lui qui a refus\u00e9 sa place en 2020 pour avoir une c\u00e9r\u00e9monie avec des fans<\/p>\n\n\n\n<p><\/p>\n\n\n\n<center><p><script async=\"\" src=\"https:\/\/pagead2.googlesyndication.com\/pagead\/js\/adsbygoogle.js\"><\/script>\n<ins class=\"adsbygoogle\" style=\"display:block; text-align:center;\" data-ad-layout=\"in-article\" data-ad-format=\"fluid\" data-ad-client=\"ca-pub-1986975368136072\" data-ad-slot=\"7818521013\"><\/ins>\n<script>\n     (adsbygoogle = window.adsbygoogle || []).push({});\n<\/script><\/p><\/center>\n\n\n\n<p>La premi\u00e8re saison de Young Rock, une s\u00e9rie bas\u00e9e sur la jeunesse de The Rock, a derni\u00e8rement \u00e9t\u00e9 diffus\u00e9e en France sur AB1\u00a0apr\u00e8s une diffusion aux \u00c9tats-Unis en d\u00e9but d&rsquo;ann\u00e9e. Une deuxi\u00e8me saison est d&rsquo;ores et d\u00e9j\u00e0 pr\u00e9vue pour 2022, mais avant \u00e7a, un \u00e9pisode sp\u00e9cial No\u00ebl nous attend ce mois-ci.<\/p>\n\n\n\n<p>C&rsquo;est par le biais d&rsquo;un communiqu\u00e9 de presse que, AB1 nous apprend qu&rsquo;un \u00e9pisode sp\u00e9cial No\u00ebl de Young Rock sera diffus\u00e9 sur AB1 le samedi 25 d\u00e9cembre \u00e0 20h55, quelques jours seulement apr\u00e8s la diffusion am\u00e9ricaine. Il durera 30 minutes et sera suivi par le SmackDown hebdomadaire, comment\u00e9 par les voix fran\u00e7aises de la WWE : Christophe Agius et Philippe Ch\u00e9reau.<\/p>\n\n\n\n<blockquote class=\"wp-block-quote is-layout-flow wp-block-quote-is-layout-flow\"><p>&lt;&lt; R\u00e9veillon de No\u00ebl 1982 : Un invit\u00e9 inattendu annonce \u00e0 \u00ab Dewey \u00bb que c&rsquo;est le premier No\u00ebl d&rsquo;une longue s\u00e9rie qui s\u2019annonce horrible. En 1987, Rocky et Dwayne travaillent comme P\u00e8re No\u00ebl et lutin dans un centre commercial. En 1993, Dwayne passe \u00e0 contrec\u0153ur un No\u00ebl d\u00e9sastreux avec le Coach O. >><\/p><\/blockquote>\n\n\n\n<p>La deuxi\u00e8me saison de Young Rock sera diffus\u00e9e en mars aux \u00c9tats-Unis et l&rsquo;automne prochain en France sur AB1.<\/p>\n\n\n\n<p><\/p>\n<p><\/p>","protected":false},"excerpt":{"rendered":"<p>Apr\u00e8s avoir eu un grand r\u00f4le avec le film \u00a0\u00bbDune\u00a0\u00bb de Denis Villeneuve, Batista aura la chance d&rsquo;avoir sa place pour le prochain film du r\u00e9alisateur M. Night Shyamalan. Deadline annonce que Dave Batista aura un r\u00f4le pour son prochain film qui aura pour nom \u00a0\u00bbKnock at the Cabin\u00a0\u00bb. Un film qui est gard\u00e9 bien&#8230;<\/p>\n","protected":false},"author":2,"featured_media":62326,"comment_status":"open","ping_status":"closed","sticky":false,"template":"","format":"standard","meta":{"footnotes":""},"categories":[4,23],"tags":[],"ppma_author":[287],"class_list":["post-62313","post","type-post","status-publish","format-standard","has-post-thumbnail","hentry","category-news","category-wwe"],"authors":[{"term_id":287,"user_id":2,"is_guest":0,"slug":"jason","display_name":"Jason Desc\u00f4teaux","avatar_url":"https:\/\/secure.gravatar.com\/avatar\/f64adf6d13198c3a532c061cecd8672089a1e9a3d07c702dffe886a7e55a15eb?s=96&d=mm&r=g","0":null,"1":"","2":"","3":"","4":"","5":"","6":"","7":"","8":""}],"_links":{"self":[{"href":"https:\/\/www.jdx.info\/lutte\/wp-json\/wp\/v2\/posts\/62313","targetHints":{"allow":["GET"]}}],"collection":[{"href":"https:\/\/www.jdx.info\/lutte\/wp-json\/wp\/v2\/posts"}],"about":[{"href":"https:\/\/www.jdx.info\/lutte\/wp-json\/wp\/v2\/types\/post"}],"author":[{"embeddable":true,"href":"https:\/\/www.jdx.info\/lutte\/wp-json\/wp\/v2\/users\/2"}],"replies":[{"embeddable":true,"href":"https:\/\/www.jdx.info\/lutte\/wp-json\/wp\/v2\/comments?post=62313"}],"version-history":[{"count":1,"href":"https:\/\/www.jdx.info\/lutte\/wp-json\/wp\/v2\/posts\/62313\/revisions"}],"predecessor-version":[{"id":62317,"href":"https:\/\/www.jdx.info\/lutte\/wp-json\/wp\/v2\/posts\/62313\/revisions\/62317"}],"wp:featuredmedia":[{"embeddable":true,"href":"https:\/\/www.jdx.info\/lutte\/wp-json\/wp\/v2\/media\/62326"}],"wp:attachment":[{"href":"https:\/\/www.jdx.info\/lutte\/wp-json\/wp\/v2\/media?parent=62313"}],"wp:term":[{"taxonomy":"category","embeddable":true,"href":"https:\/\/www.jdx.info\/lutte\/wp-json\/wp\/v2\/categories?post=62313"},{"taxonomy":"post_tag","embeddable":true,"href":"https:\/\/www.jdx.info\/lutte\/wp-json\/wp\/v2\/tags?post=62313"},{"taxonomy":"author","embeddable":true,"href":"https:\/\/www.jdx.info\/lutte\/wp-json\/wp\/v2\/ppma_author?post=62313"}],"curies":[{"name":"wp","href":"https:\/\/api.w.org\/{rel}","templated":true}]}}