{"id":62271,"date":"2021-12-06T14:45:00","date_gmt":"2021-12-06T19:45:00","guid":{"rendered":"https:\/\/www.jdx.info\/lutte\/?p=62271"},"modified":"2021-12-06T19:41:31","modified_gmt":"2021-12-07T00:41:31","slug":"extension-de-contrat-pour-le-king-les-plans-concernant-brock-lesnar-et-roman-reigns","status":"publish","type":"post","link":"https:\/\/www.jdx.info\/lutte\/2021\/12\/06\/extension-de-contrat-pour-le-king-les-plans-concernant-brock-lesnar-et-roman-reigns\/","title":{"rendered":"Extension de Contrat Pour Le King \/ Les Plans Concernant Brock Lesnar et Roman Reigns."},"content":{"rendered":"\n<p>Tandis que la WWE se force \u00e0 renvoyer des Superstars d\u00fbt aux \u00ab\u00a0coupures budg\u00e9taires\u00a0\u00bb, la compagnie vient de re-signer l&rsquo;une de ses l\u00e9gendes.<\/p>\n\n\n\n<p>D&rsquo;apr\u00e8s les informations du PWInsider,&nbsp;Jerry Lawler a en effet re-sign\u00e9 une proongation avec la WWE. Cette nouvelle fait actuellement le tour des vestiaires dans les coulisses de RAW, qui aura lieu dans sa ville natale \u00e0 Memphis. <\/p>\n\n\n\n<p>La pr\u00e9c\u00e9dente attente de celui qui se fait surnommer \u00ab\u00a0The King\u00a0\u00bb se terminait en cette fin d&rsquo;ann\u00e9e. La f\u00e9d\u00e9ration de Vince McMahon et la l\u00e9gende de 72 ans ont donc trouv\u00e9 un nouvel accord.<\/p>\n\n\n\n<p>Pour le moment, nous n&rsquo;avons pas plus de d\u00e9tails sur l&rsquo;attente mais d\u00e8s que nous en avons, nous vous en ferons part.<\/p>\n\n\n\n<center><p><script async=\"\" src=\"https:\/\/pagead2.googlesyndication.com\/pagead\/js\/adsbygoogle.js\"><\/script>\n<ins class=\"adsbygoogle\" style=\"display:block; text-align:center;\" data-ad-layout=\"in-article\" data-ad-format=\"fluid\" data-ad-client=\"ca-pub-1986975368136072\" data-ad-slot=\"7818521013\"><\/ins>\n<script>\n     (adsbygoogle = window.adsbygoogle || []).push({});\n<\/script><\/p><\/center>\n\n\n\n<p>Roman Reigns et Brock Lesnar ont eu un premier match du c\u00f4t\u00e9 de l&rsquo;Arabie Saoudite qui ne s&rsquo;est pas termin\u00e9 proprement puisque Paul Heyman a lanc\u00e9 le titre Universal sur le ring, causant une distraction.<\/p>\n\n\n\n<p>Comme vous savez, nous aurons finalement un rematch entre les deux catcheurs lors du nouveau show sp\u00e9cial WWE Day 1. Alors quel est le plan de la WWE pour cette revanche ? On apprend aujourd&rsquo;hui via le Wrestling Observer que&nbsp;la WWE a pour intention de faire une s\u00e9rie de matchs entre Reigns et Lesnar.&nbsp;Le match de Day 1 ne sera donc pas leur dernier affrontement.<\/p>\n\n\n\n<p>Ce qui porte \u00e0 croire qu&rsquo;on aura un rematch potentiel lors du Royal Rumble 2022 et possiblement encore un autre lors de WrestleMania 38, mais rien n&rsquo;est confirm\u00e9 pour l&rsquo;instant. L&rsquo;issue du match de Day 1 entre Reigns et Lesnar nous en dira beaucoup plus au sujet de leur futur.<\/p>\n\n\n\n<p>Il ne faut pas oublier que lors du&nbsp;dernier SmackDown&nbsp;Sami Zayn s&rsquo;attendait \u00e0 affronter Reigns pour le titre Universal dans un combat propre, mais il a \u00e9t\u00e9 victime d&rsquo;une attaque de Lesnar juste avant. Il faudra donc surveiller si Zayn ne va pas jouer un r\u00f4le les troubles f\u00eate durant le ppvnt Day 1 qui aura lieu le 1er janvier 2022.<\/p>\n<p><\/p>","protected":false},"excerpt":{"rendered":"<p>Tandis que la WWE se force \u00e0 renvoyer des Superstars d\u00fbt aux \u00ab\u00a0coupures budg\u00e9taires\u00a0\u00bb, la compagnie vient de re-signer l&rsquo;une de ses l\u00e9gendes. D&rsquo;apr\u00e8s les informations du PWInsider,&nbsp;Jerry Lawler a en effet re-sign\u00e9 une proongation avec la WWE. Cette nouvelle fait actuellement le tour des vestiaires dans les coulisses de RAW, qui aura lieu dans&#8230;<\/p>\n","protected":false},"author":2,"featured_media":62281,"comment_status":"open","ping_status":"closed","sticky":false,"template":"","format":"standard","meta":{"footnotes":""},"categories":[4,23],"tags":[],"ppma_author":[287],"class_list":["post-62271","post","type-post","status-publish","format-standard","has-post-thumbnail","hentry","category-news","category-wwe"],"authors":[{"term_id":287,"user_id":2,"is_guest":0,"slug":"jason","display_name":"Jason Desc\u00f4teaux","avatar_url":"https:\/\/secure.gravatar.com\/avatar\/f64adf6d13198c3a532c061cecd8672089a1e9a3d07c702dffe886a7e55a15eb?s=96&d=mm&r=g","0":null,"1":"","2":"","3":"","4":"","5":"","6":"","7":"","8":""}],"_links":{"self":[{"href":"https:\/\/www.jdx.info\/lutte\/wp-json\/wp\/v2\/posts\/62271","targetHints":{"allow":["GET"]}}],"collection":[{"href":"https:\/\/www.jdx.info\/lutte\/wp-json\/wp\/v2\/posts"}],"about":[{"href":"https:\/\/www.jdx.info\/lutte\/wp-json\/wp\/v2\/types\/post"}],"author":[{"embeddable":true,"href":"https:\/\/www.jdx.info\/lutte\/wp-json\/wp\/v2\/users\/2"}],"replies":[{"embeddable":true,"href":"https:\/\/www.jdx.info\/lutte\/wp-json\/wp\/v2\/comments?post=62271"}],"version-history":[{"count":3,"href":"https:\/\/www.jdx.info\/lutte\/wp-json\/wp\/v2\/posts\/62271\/revisions"}],"predecessor-version":[{"id":62289,"href":"https:\/\/www.jdx.info\/lutte\/wp-json\/wp\/v2\/posts\/62271\/revisions\/62289"}],"wp:featuredmedia":[{"embeddable":true,"href":"https:\/\/www.jdx.info\/lutte\/wp-json\/wp\/v2\/media\/62281"}],"wp:attachment":[{"href":"https:\/\/www.jdx.info\/lutte\/wp-json\/wp\/v2\/media?parent=62271"}],"wp:term":[{"taxonomy":"category","embeddable":true,"href":"https:\/\/www.jdx.info\/lutte\/wp-json\/wp\/v2\/categories?post=62271"},{"taxonomy":"post_tag","embeddable":true,"href":"https:\/\/www.jdx.info\/lutte\/wp-json\/wp\/v2\/tags?post=62271"},{"taxonomy":"author","embeddable":true,"href":"https:\/\/www.jdx.info\/lutte\/wp-json\/wp\/v2\/ppma_author?post=62271"}],"curies":[{"name":"wp","href":"https:\/\/api.w.org\/{rel}","templated":true}]}}