{"id":61909,"date":"2021-11-25T14:41:54","date_gmt":"2021-11-25T19:41:54","guid":{"rendered":"https:\/\/www.jdx.info\/lutte\/?p=61909"},"modified":"2021-11-25T14:41:57","modified_gmt":"2021-11-25T19:41:57","slug":"ryback-reviendrait-a-la-wwe-sous-certaines-conditions-ric-flair-pret-a-remonter-dans-le-ring-mais-jamais-a-la-wwe-meme-en-simple-figurant","status":"publish","type":"post","link":"https:\/\/www.jdx.info\/lutte\/2021\/11\/25\/ryback-reviendrait-a-la-wwe-sous-certaines-conditions-ric-flair-pret-a-remonter-dans-le-ring-mais-jamais-a-la-wwe-meme-en-simple-figurant\/","title":{"rendered":"Ryback Reviendrait \u00e0 la WWE Sous Certaines Conditions! \/ Ric Flair Pr\u00eat \u00e0 Remonter dans le Ring mais Jamais \u00e0 la WWE M\u00eame en Simple Figurant!"},"content":{"rendered":"\n<p>Apr\u00e8s son d\u00e9part de la WWE en 2016, Ryback n&rsquo;a pas toujours eu des mots doux envers la WWE et plus particuli\u00e8rement Vince McMahon. En avril 2020 apr\u00e8s la premi\u00e8re vague de renvois, il avait d\u00e9clar\u00e9 sur Twitter que\u00a0:<\/p>\n\n\n\n<blockquote class=\"wp-block-quote is-layout-flow wp-block-quote-is-layout-flow\"><p>\u00ab\u00a0le catch ira mieux une fois que Vince McMahon arr\u00eatera d\u00e9finitivement.\u00a0\u00bb <\/p><\/blockquote>\n\n\n\n<p>Mais le milieu du pro wrestling n&rsquo;a pas l&rsquo;air de l&rsquo;appr\u00e9cier non plus, tel que Paul Heyman qui a d\u00e9clar\u00e9 cet \u00e9t\u00e9 que\u00a0Ryback \u00e9tait un \u00ab\u00a0abruti\u00a0\u00bb\u00a0ou encore\u00a0Mark Henry qui ne veut pas le voir\u00a0arriver du c\u00f4t\u00e9 de la AEW. tout comme\u00a0la plupart des fans\u00a0d&rsquo;apr\u00e8s plusieurs sondages Twitter. Et son nombre d&rsquo;apparitions ind\u00e9pendantes d\u00e9montre aussi le peu d&rsquo;int\u00e9r\u00eat envers le Big Guy. <\/p>\n\n\n\n<p>Ryback n&rsquo;abandonne toutefois pas et laisse la possibilit\u00e9 de le revoir \u00e0 la WWE \u00e0 l&rsquo;avenir \u00e0 une condition. C&rsquo;est dans son Ryback Show que l&rsquo;ancien catcheur de 40 ans a ainsi d\u00e9clar\u00e9 ceci :<\/p>\n\n\n\n<blockquote class=\"wp-block-quote is-layout-flow wp-block-quote-is-layout-flow\"><p>&lt;&lt; Je serai vraiment ouvert \u00e0 revenir \u00e0 la WWE s&rsquo;ils sont vendus. J&rsquo;ai toujours \u00e9t\u00e9 honn\u00eate. Si Vince [McMahon] s&rsquo;en va et qu&rsquo;il y a de nouveaux dirigeants, je serai tr\u00e8s int\u00e9ress\u00e9 \u00e0 revenir, car ce sera b\u00e9n\u00e9fique pour moi en tant que marque et en tant que performeur qui revient l\u00e0 o\u00f9 on m&rsquo;a connu, o\u00f9 j&rsquo;ai construit un public qui me connait d\u00e9j\u00e0. >><\/p><\/blockquote>\n\n\n\n<p>Il semble oubli\u00e9 que c&rsquo;est la WWE qui la lib\u00e9r\u00e9 et non lui qui est parti en courant. <\/p>\n\n\n\n<center><p><script async=\"\" src=\"https:\/\/pagead2.googlesyndication.com\/pagead\/js\/adsbygoogle.js\"><\/script>\n<ins class=\"adsbygoogle\" style=\"display:block; text-align:center;\" data-ad-layout=\"in-article\" data-ad-format=\"fluid\" data-ad-client=\"ca-pub-1986975368136072\" data-ad-slot=\"7818521013\"><\/ins>\n<script>\n     (adsbygoogle = window.adsbygoogle || []).push({});\n<\/script><\/p><\/center>\n\n\n\n\n<p>Bien qu&rsquo;il a 72 ans et avec quasiment 40 ans de carri\u00e8re en tant que lutteur professionnel derri\u00e8re lui, Ric Flair n&rsquo;a peut-\u00eatre pas fait son dernier match !<\/p>\n\n\n\n<p>Le Nature Boy a r\u00e9cemment d\u00e9voil\u00e9 lors de son podcast Wooooo Nation qu&rsquo;un promoteur en Isra\u00ebl l&rsquo;avait contact\u00e9 pour qu&rsquo;il remonte sur le ring face \u00e0 Sammy Guevara de la AEW. Ce \u00e0 quoi Ric Flair a r\u00e9pondu qu&rsquo;il \u00e9tait pr\u00eat \u00e0 revenir entre les cordes pour 100 000$ et 2 billets en premi\u00e8re classe :<\/p>\n\n\n\n<blockquote class=\"wp-block-quote is-layout-flow wp-block-quote-is-layout-flow\"><p>&lt;&lt; Il y a un promoteur qui veut que je catche contre Sammy Guevara en Isra\u00ebl. J&rsquo;ai r\u00e9pondu : \u00ab\u00a0100 000$ ainsi que 2 billets en premi\u00e8re classe et je suis l\u00e0. >><\/p><\/blockquote>\n\n\n\n<p>Rappelons que son tarif pour ses derniers matchs comme ind\u00e9pendant \u00e0 la ROH il y a plus de 10 ans, Flair demandait 12 000$ \u00e0 20 000$ \u00e0 titre comparatif. <\/p>\n\n\n\n<center><p><script async=\"\" src=\"https:\/\/pagead2.googlesyndication.com\/pagead\/js\/adsbygoogle.js\"><\/script>\n<ins class=\"adsbygoogle\" style=\"display:block; text-align:center;\" data-ad-layout=\"in-article\" data-ad-format=\"fluid\" data-ad-client=\"ca-pub-1986975368136072\" data-ad-slot=\"7818521013\"><\/ins>\n<script>\n     (adsbygoogle = window.adsbygoogle || []).push({});\n<\/script><\/p><\/center>\n\n\n\n\n<p>Toujours concernant le premier 16 fois champion du monde (NWA, WCW, WWF), il a affirm\u00e9 qu&rsquo;il irait travailler pour Tony Khan \u00e0 la All Elite Wrestling, mais jamais plus \u00e0 la WWE.<\/p>\n\n\n\n<p>Le deux fois Hall of Famer explique qu&rsquo;il avait avis\u00e9 Vince McMahon en personne que si la compagnie ne faisait rien de stupide envers lui, il ne rejoindrait jamais une autre f\u00e9d\u00e9ration, sauf que la WWE l&rsquo;a enlev\u00e9 de son de l&rsquo;intro et a retir\u00e9 certains produits \u00e0 son effigie du WWE Shop.<\/p>\n\n\n\n<p>Alors, doit-on en conclure que Ric Flair a eu des discussions avec l&rsquo;AEW ? Il r\u00e9pond :<\/p>\n\n\n\n<blockquote class=\"wp-block-quote is-layout-flow wp-block-quote-is-layout-flow\"><p>\u00a0\u00bbIl n&rsquo;y a aucune discussion. Je suis un homme de parole et j&rsquo;ai dit \u00e0 Vince McMahon qu&rsquo;\u00e0 moins qu&rsquo;ils fassent quelque chose de vraiment stupide, je n&rsquo;allais jamais travailler pour la concurrence. Sauf qu&rsquo;ils ont fait quelque chose de vraiment stupide, alors maintenant, cette porte est ouverte. Mais je n&rsquo;ai certainement pas parl\u00e9 \u00e0 Tony Khan, je n&rsquo;ai pas entendu un mot de sa part. Je regarde tous les shows, j&rsquo;appr\u00e9cie les athl\u00e8tes et les personnes qui y travaillent, mais je ne discute pas activement avec qui que ce soit.\u00a0<em>Mais oui, j&rsquo;irais travailler pour Tony Khan et je ne retournerai jamais \u00e0 la WWE<\/em>.\u00a0\u00bb<\/p><\/blockquote>\n<p><\/p>","protected":false},"excerpt":{"rendered":"<p>Apr\u00e8s son d\u00e9part de la WWE en 2016, Ryback n&rsquo;a pas toujours eu des mots doux envers la WWE et plus particuli\u00e8rement Vince McMahon. En avril 2020 apr\u00e8s la premi\u00e8re vague de renvois, il avait d\u00e9clar\u00e9 sur Twitter que\u00a0: \u00ab\u00a0le catch ira mieux une fois que Vince McMahon arr\u00eatera d\u00e9finitivement.\u00a0\u00bb Mais le milieu du pro&#8230;<\/p>\n","protected":false},"author":609,"featured_media":61910,"comment_status":"open","ping_status":"closed","sticky":false,"template":"","format":"standard","meta":{"footnotes":""},"categories":[38,24,30,22,4,61],"tags":[],"ppma_author":[295],"class_list":["post-61909","post","type-post","status-publish","format-standard","has-post-thumbnail","hentry","category-aew","category-aew-impact-njpw-roh","category-ex-wwe","category-indy","category-news","category-nwa"],"authors":[{"term_id":295,"user_id":609,"is_guest":0,"slug":"rodrigo","display_name":"Rodrigue Tousignant","avatar_url":"https:\/\/secure.gravatar.com\/avatar\/51fe284bb6dbe8a6b4c2bf998ad658f4a9cd24b7e58f15ec85888070c7340ce6?s=96&d=mm&r=g","0":null,"1":"","2":"","3":"","4":"","5":"","6":"","7":"","8":""}],"_links":{"self":[{"href":"https:\/\/www.jdx.info\/lutte\/wp-json\/wp\/v2\/posts\/61909","targetHints":{"allow":["GET"]}}],"collection":[{"href":"https:\/\/www.jdx.info\/lutte\/wp-json\/wp\/v2\/posts"}],"about":[{"href":"https:\/\/www.jdx.info\/lutte\/wp-json\/wp\/v2\/types\/post"}],"author":[{"embeddable":true,"href":"https:\/\/www.jdx.info\/lutte\/wp-json\/wp\/v2\/users\/609"}],"replies":[{"embeddable":true,"href":"https:\/\/www.jdx.info\/lutte\/wp-json\/wp\/v2\/comments?post=61909"}],"version-history":[{"count":1,"href":"https:\/\/www.jdx.info\/lutte\/wp-json\/wp\/v2\/posts\/61909\/revisions"}],"predecessor-version":[{"id":61911,"href":"https:\/\/www.jdx.info\/lutte\/wp-json\/wp\/v2\/posts\/61909\/revisions\/61911"}],"wp:featuredmedia":[{"embeddable":true,"href":"https:\/\/www.jdx.info\/lutte\/wp-json\/wp\/v2\/media\/61910"}],"wp:attachment":[{"href":"https:\/\/www.jdx.info\/lutte\/wp-json\/wp\/v2\/media?parent=61909"}],"wp:term":[{"taxonomy":"category","embeddable":true,"href":"https:\/\/www.jdx.info\/lutte\/wp-json\/wp\/v2\/categories?post=61909"},{"taxonomy":"post_tag","embeddable":true,"href":"https:\/\/www.jdx.info\/lutte\/wp-json\/wp\/v2\/tags?post=61909"},{"taxonomy":"author","embeddable":true,"href":"https:\/\/www.jdx.info\/lutte\/wp-json\/wp\/v2\/ppma_author?post=61909"}],"curies":[{"name":"wp","href":"https:\/\/api.w.org\/{rel}","templated":true}]}}