{"id":61511,"date":"2021-11-20T00:00:00","date_gmt":"2021-11-20T05:00:00","guid":{"rendered":"https:\/\/www.jdx.info\/lutte\/?p=61511"},"modified":"2021-11-21T12:03:28","modified_gmt":"2021-11-21T17:03:28","slug":"eric-bischoff-explique-pourquoi-il-a-rejoint-le-nwo-en-1996-qui-a-ete-une-evolution-a-lhistoire-comment-les-gens-ont-reagi-dans-les-coulisses-et-plus","status":"publish","type":"post","link":"https:\/\/www.jdx.info\/lutte\/2021\/11\/20\/eric-bischoff-explique-pourquoi-il-a-rejoint-le-nwo-en-1996-qui-a-ete-une-evolution-a-lhistoire-comment-les-gens-ont-reagi-dans-les-coulisses-et-plus\/","title":{"rendered":"Eric Bischoff explique pourquoi il a rejoint le NWO en 1996 qui a \u00e9t\u00e9 une \u00e9volution \u00e0 l&rsquo;histoire, comment les gens ont r\u00e9agi dans les coulisses, et plus!"},"content":{"rendered":"\n<p>Le Temple de la renomm\u00e9e de la WWE et ancien pr\u00e9sident de la WCW, Eric Bischoff, a expliqu\u00e9 sa d\u00e9cision de rejoindre la New World Order (NWO) en 1996 dans la derni\u00e8re \u00e9dition de son\u00a0<a href=\"https:\/\/cumuluspodcastnetwork.com\/pods\/83-weeks-with-eric-bischoff\/\">podcast 83 Weeks<\/a>\u00a0, qui comprenait Bischoff r\u00e9v\u00e9lant \u00e0 quoi ressemblait la r\u00e9action dans les coulisses apr\u00e8s avoir rejoint le sommet de la WCW. faction.\u00a0Les faits saillants de l&rsquo;\u00e9pisode :<\/p>\n\n\n\n<p>Explique pourquoi il a d\u00e9cid\u00e9 de rejoindre le NWO en 1996&nbsp;:<\/p>\n\n\n\n<blockquote class=\"wp-block-quote is-layout-flow wp-block-quote-is-layout-flow\"><p>\u00ab\u00a0Je pense que mon r\u00f4le dans la nWo, du moins sur le papier et je pense qu&rsquo;en essayant d&rsquo;\u00eatre aussi objectif que possible, je pense que j&rsquo;ai fait un travail assez d\u00e9cent.\u00a0C&rsquo;\u00e9tait un r\u00f4le n\u00e9cessaire.\u00a0La nWo avait besoin de sa version de Gene Okerlund, qui \u00e9tait vraiment tout ce que j&rsquo;\u00e9tais.\u00a0Mais j&rsquo;\u00e9tais le pr\u00e9sident de la soci\u00e9t\u00e9 et l&rsquo;histoire sous-jacente des Outsiders \u00e9tait la nWo qui venait prendre le contr\u00f4le de la WCW.\u00a0Quelle meilleure fa\u00e7on de prendre le contr\u00f4le de la WCW que de voir le pr\u00e9sident de la soci\u00e9t\u00e9 trahir la soci\u00e9t\u00e9 m\u00eame dont il est pr\u00e9sident et se ranger du c\u00f4t\u00e9 de la nWo ?\u00a0Donc, je pense que du point de vue de la narration, cela avait du sens.\u00a0D&rsquo;un point de vue fonctionnel, la nWo avait besoin de son Gene Okerlund et c&rsquo;\u00e9tait vraiment mon r\u00f4le.\u00a0Je pense qu&rsquo;en m&rsquo;\u00e9loignant du commentaire, la seule fa\u00e7on dont ce r\u00f4le aurait \u00e9t\u00e9 efficace serait que je laisse un commentaire.\u00a0Et pour \u00eatre honn\u00eate,\u00a0faire des commentaires \u2013 c&rsquo;\u00e9tait difficile parce qu&rsquo;il y avait beaucoup d&rsquo;autres choses qui n\u00e9cessitaient mon attention.\u00a0Donc, c&rsquo;\u00e9tait une sorte de mouvement n\u00e9cessaire \u00e0 certains \u00e9gards.<\/p><\/blockquote>\n\n\n\n<center><p><script async=\"\" src=\"https:\/\/pagead2.googlesyndication.com\/pagead\/js\/adsbygoogle.js\"><\/script>\n<ins class=\"adsbygoogle\" style=\"display:block; text-align:center;\" data-ad-layout=\"in-article\" data-ad-format=\"fluid\" data-ad-client=\"ca-pub-1986975368136072\" data-ad-slot=\"7818521013\"><\/ins>\n<script>\n     (adsbygoogle = window.adsbygoogle || []).push({});\n<\/script><\/p><\/center>\n\n\n\n\n<p>Dit que l&rsquo;id\u00e9e pour lui de se joindre \u00e9tait en quelque sorte une \u00e9volution de leur histoire :<\/p>\n\n\n\n<blockquote class=\"wp-block-quote is-layout-flow wp-block-quote-is-layout-flow\"><p>\u00ab Je pense que \u00e7a a juste \u00e9volu\u00e9.\u00a0Une ampoule ne s&rsquo;est allum\u00e9e dans la t\u00eate de personne, y compris la mienne.\u00a0Je pense que c&rsquo;\u00e9tait juste une \u00e9volution de l&rsquo;histoire et le besoin que j&rsquo;ai ressenti de m&rsquo;\u00e9loigner de la cabine de diffusion, ainsi que de simplement reconna\u00eetre que cette chose prend une vie propre et beaucoup plus grande et plus importante que nous ne le pensions. ce serait.\u00a0Si nous allons passer \u00e0 l&rsquo;\u00e9tape suivante, comment allons-nous proc\u00e9der\u00a0?\u00a0Encore une fois, pour revenir \u00e0 ce que j&rsquo;ai dit, prendre le pr\u00e9sident de la soci\u00e9t\u00e9 et le faire trahir la soci\u00e9t\u00e9 m\u00eame qui le paie, c&rsquo;est plut\u00f4t cool.\u00a0Quelqu&rsquo;un devait aider \u00e0 raconter cette histoire.<\/p><\/blockquote>\n\n\n\n<p>Quelle a \u00e9t\u00e9 la r\u00e9action dans les coulisses \u00e0 son arriv\u00e9e&nbsp;:<\/p>\n\n\n\n<blockquote class=\"wp-block-quote is-layout-flow wp-block-quote-is-layout-flow\"><p>\u00ab\u00a0Cela a cr\u00e9\u00e9 certains &#8211; je ne veux pas dire le chaos &#8211; mais il y avait des opinions diff\u00e9rentes \u00e0 ce sujet.\u00a0En interne, c&rsquo;\u00e9tait du genre : &lsquo;Eric, vas-tu un peu trop loin avec \u00e7a ?\u00a0Vous \u00eates le pr\u00e9sident de l&rsquo;entreprise.\u00a0Pensez-vous qu&rsquo;il soit logique pour vous d&rsquo;assumer ce r\u00f4le particulier?\u00a0C&rsquo;est peut-\u00eatre un peu trop.\u00a0Il y avait beaucoup de \u00e7a.\u00a0Harvey Schiller \u00e9tait un peu inquiet \u00e0 ce sujet parce que j&rsquo;\u00e9tais litt\u00e9ralement le gars qui, quand nous ne faisions pas Nitro ou \u00e0 un pay-per-view, j&rsquo;\u00e9tais le gars dans un avion rencontrant des responsables de la publicit\u00e9 ou rencontrant des sponsors potentiels &#8211; prenant une rencontre avec le patron d&rsquo;EA Sports par exemple.\u00a0C&rsquo;est un peu difficile de jouer un personnage comme je le jouais, puis de mettre un chapeau diff\u00e9rent et de faire des affaires dans le monde r\u00e9el sans cr\u00e9er un peu de confusion.\u00a0Donc, il y avait une certaine inqui\u00e9tude.<\/p><\/blockquote>\n<p><\/p>","protected":false},"excerpt":{"rendered":"<p>Le Temple de la renomm\u00e9e de la WWE et ancien pr\u00e9sident de la WCW, Eric Bischoff, a expliqu\u00e9 sa d\u00e9cision de rejoindre la New World Order (NWO) en 1996 dans la derni\u00e8re \u00e9dition de son\u00a0podcast 83 Weeks\u00a0, qui comprenait Bischoff r\u00e9v\u00e9lant \u00e0 quoi ressemblait la r\u00e9action dans les coulisses apr\u00e8s avoir rejoint le sommet de&#8230;<\/p>\n","protected":false},"author":665,"featured_media":61590,"comment_status":"open","ping_status":"closed","sticky":false,"template":"","format":"standard","meta":{"footnotes":""},"categories":[30,22,4],"tags":[],"ppma_author":[289],"class_list":["post-61511","post","type-post","status-publish","format-standard","has-post-thumbnail","hentry","category-ex-wwe","category-indy","category-news"],"authors":[{"term_id":289,"user_id":665,"is_guest":0,"slug":"line","display_name":"Line Edmond","avatar_url":"https:\/\/secure.gravatar.com\/avatar\/852de09636413c90cdaa278312f9ea5bc4396768745424755cb63d99a05989d0?s=96&d=mm&r=g","0":null,"1":"","2":"","3":"","4":"","5":"","6":"","7":"","8":""}],"_links":{"self":[{"href":"https:\/\/www.jdx.info\/lutte\/wp-json\/wp\/v2\/posts\/61511","targetHints":{"allow":["GET"]}}],"collection":[{"href":"https:\/\/www.jdx.info\/lutte\/wp-json\/wp\/v2\/posts"}],"about":[{"href":"https:\/\/www.jdx.info\/lutte\/wp-json\/wp\/v2\/types\/post"}],"author":[{"embeddable":true,"href":"https:\/\/www.jdx.info\/lutte\/wp-json\/wp\/v2\/users\/665"}],"replies":[{"embeddable":true,"href":"https:\/\/www.jdx.info\/lutte\/wp-json\/wp\/v2\/comments?post=61511"}],"version-history":[{"count":2,"href":"https:\/\/www.jdx.info\/lutte\/wp-json\/wp\/v2\/posts\/61511\/revisions"}],"predecessor-version":[{"id":61591,"href":"https:\/\/www.jdx.info\/lutte\/wp-json\/wp\/v2\/posts\/61511\/revisions\/61591"}],"wp:featuredmedia":[{"embeddable":true,"href":"https:\/\/www.jdx.info\/lutte\/wp-json\/wp\/v2\/media\/61590"}],"wp:attachment":[{"href":"https:\/\/www.jdx.info\/lutte\/wp-json\/wp\/v2\/media?parent=61511"}],"wp:term":[{"taxonomy":"category","embeddable":true,"href":"https:\/\/www.jdx.info\/lutte\/wp-json\/wp\/v2\/categories?post=61511"},{"taxonomy":"post_tag","embeddable":true,"href":"https:\/\/www.jdx.info\/lutte\/wp-json\/wp\/v2\/tags?post=61511"},{"taxonomy":"author","embeddable":true,"href":"https:\/\/www.jdx.info\/lutte\/wp-json\/wp\/v2\/ppma_author?post=61511"}],"curies":[{"name":"wp","href":"https:\/\/api.w.org\/{rel}","templated":true}]}}